{"id":7898,"date":"2025-08-07T10:57:08","date_gmt":"2025-08-07T08:57:08","guid":{"rendered":"https:\/\/odszkodowani.pl\/?p=7898"},"modified":"2025-09-09T11:10:22","modified_gmt":"2025-09-09T09:10:22","slug":"slawomir-cenckiewicz","status":"publish","type":"post","link":"https:\/\/odszkodowani.pl\/index.php\/2025\/08\/07\/slawomir-cenckiewicz\/","title":{"rendered":"S\u0142awomir Cenckiewicz"},"content":{"rendered":"\n<p>S\u0142awomir Cenckiewicz, cz\u0142onek Federacji M\u0142odzie\u017cy Walcz\u0105cej i Polskiej Partii Niepodleg\u0142o\u015bciowej powo\u0142any z dniem 7 sierpnia 2025 roku na stanowisko Sekretarza Stanu w Biurze Bezpiecze\u0144stwa Publicznego, Szefa Bezpiecze\u0144stwa Narodowego.<\/p>\n\n\n\n<figure class=\"wp-block-image size-full\"><img decoding=\"async\" loading=\"lazy\" width=\"526\" height=\"501\" src=\"https:\/\/odszkodowani.pl\/wp-content\/uploads\/2025\/09\/Cenckiewicz.jpg\" alt=\"\" class=\"wp-image-7900\" srcset=\"https:\/\/odszkodowani.pl\/wp-content\/uploads\/2025\/09\/Cenckiewicz.jpg 526w, https:\/\/odszkodowani.pl\/wp-content\/uploads\/2025\/09\/Cenckiewicz-300x286.jpg 300w\" sizes=\"(max-width: 526px) 100vw, 526px\" \/><\/figure>\n\n\n\n<p>Gratulujemy!<\/p>\n\n\n\n<p>Tadeusz Sta\u0144ski m\u00f3wi o nim nasz cz\u0142owiek. To przekonanie, \u017ce &#8220;nasz&#8221; wyrasta z jego historii \u017cycia. Rozpocz\u0105\u0142 sw\u0105 dzia\u0142alno\u015bci domagaj\u0105c si\u0119 o Niepodleg\u0142o\u015bci i walcz\u0105c z komun\u0105. Mamy wi\u0119c g\u0142\u0119bokie przekonanie, \u017ce dobro Najja\u015bniejszej Rzeczypospolitej jest dla niego do dzi\u015b tak samo wa\u017cne jak dla ca\u0142ego \u015brodowiska Niepodleg\u0142o\u015bci\u00f3wki. <\/p>\n\n\n\n<p>\u017byczymy owocnej pracy i determinacji w dzia\u0142aniu.<\/p>\n\n\n\n<p>Deklarujemy, \u017ce zar\u00f3wno Prezydent Karol Nawrocki jak i S\u0142awomir Cenckiewicz mog\u0105 liczy\u0107 na nasze wsparcie we wszystkich dzia\u0142aniach chroni\u0105cych Polsk\u0119 i ich obywateli przed niesprawiedliwo\u015bci\u0105 i buduj\u0105cych silne pa\u0144stwo.<\/p>\n","protected":false},"excerpt":{"rendered":"<p>S\u0142awomir Cenckiewicz, cz\u0142onek Federacji M\u0142odzie\u017cy Walcz\u0105cej i Polskiej Partii Niepodleg\u0142o\u015bciowej powo\u0142any z dniem 7 sierpnia 2025 roku na stanowisko Sekretarza Stanu w Biurze Bezpiecze\u0144stwa Publicznego, Szefa Bezpiecze\u0144stwa Narodowego. Gratulujemy! Tadeusz Sta\u0144ski m\u00f3wi o nim nasz cz\u0142owiek. To przekonanie, \u017ce &#8220;nasz&#8221; wyrasta z jego historii \u017cycia. Rozpocz\u0105\u0142 sw\u0105 dzia\u0142alno\u015bci domagaj\u0105c si\u0119 o Niepodleg\u0142o\u015bci i walcz\u0105c z [&hellip;]<\/p>\n","protected":false},"author":2,"featured_media":0,"comment_status":"open","ping_status":"open","sticky":false,"template":"","format":"standard","meta":{"_monsterinsights_skip_tracking":false,"_monsterinsights_sitenote_active":false,"_monsterinsights_sitenote_note":"","_monsterinsights_sitenote_category":0},"categories":[65],"tags":[648,185,424,650,647],"_links":{"self":[{"href":"https:\/\/odszkodowani.pl\/index.php\/wp-json\/wp\/v2\/posts\/7898"}],"collection":[{"href":"https:\/\/odszkodowani.pl\/index.php\/wp-json\/wp\/v2\/posts"}],"about":[{"href":"https:\/\/odszkodowani.pl\/index.php\/wp-json\/wp\/v2\/types\/post"}],"author":[{"embeddable":true,"href":"https:\/\/odszkodowani.pl\/index.php\/wp-json\/wp\/v2\/users\/2"}],"replies":[{"embeddable":true,"href":"https:\/\/odszkodowani.pl\/index.php\/wp-json\/wp\/v2\/comments?post=7898"}],"version-history":[{"count":1,"href":"https:\/\/odszkodowani.pl\/index.php\/wp-json\/wp\/v2\/posts\/7898\/revisions"}],"predecessor-version":[{"id":7901,"href":"https:\/\/odszkodowani.pl\/index.php\/wp-json\/wp\/v2\/posts\/7898\/revisions\/7901"}],"wp:attachment":[{"href":"https:\/\/odszkodowani.pl\/index.php\/wp-json\/wp\/v2\/media?parent=7898"}],"wp:term":[{"taxonomy":"category","embeddable":true,"href":"https:\/\/odszkodowani.pl\/index.php\/wp-json\/wp\/v2\/categories?post=7898"},{"taxonomy":"post_tag","embeddable":true,"href":"https:\/\/odszkodowani.pl\/index.php\/wp-json\/wp\/v2\/tags?post=7898"}],"curies":[{"name":"wp","href":"https:\/\/api.w.org\/{rel}","templated":true}]}}