{"id":7876,"date":"2025-08-06T15:49:50","date_gmt":"2025-08-06T13:49:50","guid":{"rendered":"https:\/\/odszkodowani.pl\/?p=7876"},"modified":"2025-09-08T15:57:35","modified_gmt":"2025-09-08T13:57:35","slug":"zaprzysiezenie","status":"publish","type":"post","link":"https:\/\/odszkodowani.pl\/index.php\/2025\/08\/06\/zaprzysiezenie\/","title":{"rendered":"Zaprzysi\u0119\u017cenie"},"content":{"rendered":"\n<p>T\u0142umy czekaj\u0105 na zaprzysi\u0119\u017cenie Karola Nawrockiego na Prezydenta a potem id\u0105 za nim.<\/p>\n\n\n\n<figure class=\"wp-block-gallery has-nested-images columns-default is-cropped wp-block-gallery-1 is-layout-flex\">\n<figure class=\"wp-block-image size-large\"><img decoding=\"async\" loading=\"lazy\" width=\"1024\" height=\"768\" data-id=\"7878\"  src=\"https:\/\/odszkodowani.pl\/wp-content\/uploads\/2025\/09\/Zaprzysiezenie-3-1024x768.jpg\" alt=\"\" class=\"wp-image-7878\" srcset=\"https:\/\/odszkodowani.pl\/wp-content\/uploads\/2025\/09\/Zaprzysiezenie-3-1024x768.jpg 1024w, https:\/\/odszkodowani.pl\/wp-content\/uploads\/2025\/09\/Zaprzysiezenie-3-300x225.jpg 300w, https:\/\/odszkodowani.pl\/wp-content\/uploads\/2025\/09\/Zaprzysiezenie-3-768x576.jpg 768w, https:\/\/odszkodowani.pl\/wp-content\/uploads\/2025\/09\/Zaprzysiezenie-3-1536x1152.jpg 1536w, https:\/\/odszkodowani.pl\/wp-content\/uploads\/2025\/09\/Zaprzysiezenie-3.jpg 2048w\" sizes=\"(max-width: 1024px) 100vw, 1024px\" \/><\/figure>\n\n\n\n<figure class=\"wp-block-image size-large\"><img decoding=\"async\" loading=\"lazy\" width=\"960\" height=\"551\" data-id=\"7877\"  src=\"https:\/\/odszkodowani.pl\/wp-content\/uploads\/2025\/09\/zaprzysiezenie1.jpg\" alt=\"\" class=\"wp-image-7877\" srcset=\"https:\/\/odszkodowani.pl\/wp-content\/uploads\/2025\/09\/zaprzysiezenie1.jpg 960w, https:\/\/odszkodowani.pl\/wp-content\/uploads\/2025\/09\/zaprzysiezenie1-300x172.jpg 300w, https:\/\/odszkodowani.pl\/wp-content\/uploads\/2025\/09\/zaprzysiezenie1-768x441.jpg 768w\" sizes=\"(max-width: 960px) 100vw, 960px\" \/><\/figure>\n\n\n\n<figure class=\"wp-block-image size-large\"><img decoding=\"async\" loading=\"lazy\" width=\"768\" height=\"1024\" data-id=\"7879\"  src=\"https:\/\/odszkodowani.pl\/wp-content\/uploads\/2025\/09\/Zaprzysiezenie2-768x1024.jpg\" alt=\"\" class=\"wp-image-7879\" srcset=\"https:\/\/odszkodowani.pl\/wp-content\/uploads\/2025\/09\/Zaprzysiezenie2-768x1024.jpg 768w, https:\/\/odszkodowani.pl\/wp-content\/uploads\/2025\/09\/Zaprzysiezenie2-225x300.jpg 225w, https:\/\/odszkodowani.pl\/wp-content\/uploads\/2025\/09\/Zaprzysiezenie2-1152x1536.jpg 1152w, https:\/\/odszkodowani.pl\/wp-content\/uploads\/2025\/09\/Zaprzysiezenie2.jpg 1536w\" sizes=\"(max-width: 768px) 100vw, 768px\" \/><\/figure>\n<\/figure>\n\n\n\n<p>W uroczysto\u015bciach brali udzia\u0142 ludzie z organizacji skonfederowanych z Warszawy, Dolnego \u015al\u0105ska, Gda\u0144ska, Poznania, Katowic, Siedlec, Konina, Krakowa, jedni w sejmie, inni na ulicy, a ci co nie mogli by\u0107 kibicowali w domach.<\/p>\n\n\n\n<p>Mamy naszego Prezydenta!<\/p>\n","protected":false},"excerpt":{"rendered":"<p>T\u0142umy czekaj\u0105 na zaprzysi\u0119\u017cenie Karola Nawrockiego na Prezydenta a potem id\u0105 za nim. W uroczysto\u015bciach brali udzia\u0142 ludzie z organizacji skonfederowanych z Warszawy, Dolnego \u015al\u0105ska, Gda\u0144ska, Poznania, Katowic, Siedlec, Konina, Krakowa, jedni w sejmie, inni na ulicy, a ci co nie mogli by\u0107 kibicowali w domach. Mamy naszego Prezydenta!<\/p>\n","protected":false},"author":1,"featured_media":0,"comment_status":"open","ping_status":"open","sticky":false,"template":"","format":"standard","meta":{"_monsterinsights_skip_tracking":false,"_monsterinsights_sitenote_active":false,"_monsterinsights_sitenote_note":"","_monsterinsights_sitenote_category":0},"categories":[65,23],"tags":[172,315,424,644],"_links":{"self":[{"href":"https:\/\/odszkodowani.pl\/index.php\/wp-json\/wp\/v2\/posts\/7876"}],"collection":[{"href":"https:\/\/odszkodowani.pl\/index.php\/wp-json\/wp\/v2\/posts"}],"about":[{"href":"https:\/\/odszkodowani.pl\/index.php\/wp-json\/wp\/v2\/types\/post"}],"author":[{"embeddable":true,"href":"https:\/\/odszkodowani.pl\/index.php\/wp-json\/wp\/v2\/users\/1"}],"replies":[{"embeddable":true,"href":"https:\/\/odszkodowani.pl\/index.php\/wp-json\/wp\/v2\/comments?post=7876"}],"version-history":[{"count":1,"href":"https:\/\/odszkodowani.pl\/index.php\/wp-json\/wp\/v2\/posts\/7876\/revisions"}],"predecessor-version":[{"id":7880,"href":"https:\/\/odszkodowani.pl\/index.php\/wp-json\/wp\/v2\/posts\/7876\/revisions\/7880"}],"wp:attachment":[{"href":"https:\/\/odszkodowani.pl\/index.php\/wp-json\/wp\/v2\/media?parent=7876"}],"wp:term":[{"taxonomy":"category","embeddable":true,"href":"https:\/\/odszkodowani.pl\/index.php\/wp-json\/wp\/v2\/categories?post=7876"},{"taxonomy":"post_tag","embeddable":true,"href":"https:\/\/odszkodowani.pl\/index.php\/wp-json\/wp\/v2\/tags?post=7876"}],"curies":[{"name":"wp","href":"https:\/\/api.w.org\/{rel}","templated":true}]}}