{"id":7853,"date":"2025-08-05T20:27:00","date_gmt":"2025-08-05T18:27:00","guid":{"rendered":"https:\/\/odszkodowani.pl\/?p=7853"},"modified":"2025-09-08T15:43:15","modified_gmt":"2025-09-08T13:43:15","slug":"hold-powstancom-styczniowym","status":"publish","type":"post","link":"https:\/\/odszkodowani.pl\/index.php\/2025\/08\/05\/hold-powstancom-styczniowym\/","title":{"rendered":"Ho\u0142d Powsta\u0144com Styczniowym"},"content":{"rendered":"\n<p>5 sierpnia oddali\u015bmy ho\u0142d ostatniemu Rz\u0105dowi Powstania Styczniowego z Romualdem Trauguttem na czele straconych 161 lat temu na Cytadeli. Jak zawsze O godz. 17.00 Msza \u015aw. A potem z\u0142o\u017cenie kwiat\u00f3w. Mimo tego \u017ce schody w remoncie a za pomnikiem zerwany chodnik, a flagi na masztach nieco szare, to g\u0142\u00f3wny organizator Andrzej Melak z Komitetem Katy\u0144skim zrobili co mogli aby uczci\u0107 Powsta\u0144c\u00f3w godnie. Zas\u0105dzone d\u0119by pami\u0119ci rosn\u0105, a my po stoku cytadeli wspinali\u015bmy si\u0119 by z\u0142o\u017cy\u0107 kwiaty wraz z wojskiem. Gdy kiedy\u015b Majka D\u0142u\u017cewska pyta\u0142a Melak\u00f3w czemu to robi\u0105, odpowiedzieli: Sprawa m\u0119ska honorowa. To trwanie i nieugi\u0119to\u015b\u0107 to ich rodzinna cecha. Dzi\u0119ki takim ludziom pami\u0119\u0107 nie ga\u015bnie.<\/p>\n\n\n\n<p>W imieniu Fundacji kwiaty z\u0142o\u017cy\u0142a Agnieszka Ha\u0142aburdzin-Rutkowska<\/p>\n\n\n\n<figure class=\"wp-block-gallery has-nested-images columns-default is-cropped wp-block-gallery-1 is-layout-flex\">\n<figure class=\"wp-block-image size-large\"><img decoding=\"async\" loading=\"lazy\" width=\"1024\" height=\"768\" data-id=\"7854\"  src=\"https:\/\/odszkodowani.pl\/wp-content\/uploads\/2025\/09\/Traugutt2-1024x768.jpg\" alt=\"\" class=\"wp-image-7854\" srcset=\"https:\/\/odszkodowani.pl\/wp-content\/uploads\/2025\/09\/Traugutt2-1024x768.jpg 1024w, https:\/\/odszkodowani.pl\/wp-content\/uploads\/2025\/09\/Traugutt2-300x225.jpg 300w, https:\/\/odszkodowani.pl\/wp-content\/uploads\/2025\/09\/Traugutt2-768x576.jpg 768w, https:\/\/odszkodowani.pl\/wp-content\/uploads\/2025\/09\/Traugutt2-1536x1152.jpg 1536w, https:\/\/odszkodowani.pl\/wp-content\/uploads\/2025\/09\/Traugutt2.jpg 2048w\" sizes=\"(max-width: 1024px) 100vw, 1024px\" \/><\/figure>\n\n\n\n<figure class=\"wp-block-image size-large\"><img decoding=\"async\" loading=\"lazy\" width=\"768\" height=\"1024\" data-id=\"7855\"  src=\"https:\/\/odszkodowani.pl\/wp-content\/uploads\/2025\/09\/Traugutt1-768x1024.jpg\" alt=\"\" class=\"wp-image-7855\" srcset=\"https:\/\/odszkodowani.pl\/wp-content\/uploads\/2025\/09\/Traugutt1-768x1024.jpg 768w, https:\/\/odszkodowani.pl\/wp-content\/uploads\/2025\/09\/Traugutt1-225x300.jpg 225w, https:\/\/odszkodowani.pl\/wp-content\/uploads\/2025\/09\/Traugutt1-1152x1536.jpg 1152w, https:\/\/odszkodowani.pl\/wp-content\/uploads\/2025\/09\/Traugutt1.jpg 1536w\" sizes=\"(max-width: 768px) 100vw, 768px\" \/><\/figure>\n<\/figure>\n","protected":false},"excerpt":{"rendered":"<p>5 sierpnia oddali\u015bmy ho\u0142d ostatniemu Rz\u0105dowi Powstania Styczniowego z Romualdem Trauguttem na czele straconych 161 lat temu na Cytadeli. Jak zawsze O godz. 17.00 Msza \u015aw. A potem z\u0142o\u017cenie kwiat\u00f3w. Mimo tego \u017ce schody w remoncie a za pomnikiem zerwany chodnik, a flagi na masztach nieco szare, to g\u0142\u00f3wny organizator Andrzej Melak z Komitetem Katy\u0144skim [&hellip;]<\/p>\n","protected":false},"author":2,"featured_media":0,"comment_status":"open","ping_status":"open","sticky":false,"template":"","format":"standard","meta":{"_monsterinsights_skip_tracking":false,"_monsterinsights_sitenote_active":false,"_monsterinsights_sitenote_note":"","_monsterinsights_sitenote_category":0},"categories":[65,23],"tags":[387,172,637,638,265],"_links":{"self":[{"href":"https:\/\/odszkodowani.pl\/index.php\/wp-json\/wp\/v2\/posts\/7853"}],"collection":[{"href":"https:\/\/odszkodowani.pl\/index.php\/wp-json\/wp\/v2\/posts"}],"about":[{"href":"https:\/\/odszkodowani.pl\/index.php\/wp-json\/wp\/v2\/types\/post"}],"author":[{"embeddable":true,"href":"https:\/\/odszkodowani.pl\/index.php\/wp-json\/wp\/v2\/users\/2"}],"replies":[{"embeddable":true,"href":"https:\/\/odszkodowani.pl\/index.php\/wp-json\/wp\/v2\/comments?post=7853"}],"version-history":[{"count":1,"href":"https:\/\/odszkodowani.pl\/index.php\/wp-json\/wp\/v2\/posts\/7853\/revisions"}],"predecessor-version":[{"id":7856,"href":"https:\/\/odszkodowani.pl\/index.php\/wp-json\/wp\/v2\/posts\/7853\/revisions\/7856"}],"wp:attachment":[{"href":"https:\/\/odszkodowani.pl\/index.php\/wp-json\/wp\/v2\/media?parent=7853"}],"wp:term":[{"taxonomy":"category","embeddable":true,"href":"https:\/\/odszkodowani.pl\/index.php\/wp-json\/wp\/v2\/categories?post=7853"},{"taxonomy":"post_tag","embeddable":true,"href":"https:\/\/odszkodowani.pl\/index.php\/wp-json\/wp\/v2\/tags?post=7853"}],"curies":[{"name":"wp","href":"https:\/\/api.w.org\/{rel}","templated":true}]}}