{"id":7845,"date":"2025-08-05T13:52:07","date_gmt":"2025-08-05T11:52:07","guid":{"rendered":"https:\/\/odszkodowani.pl\/?p=7845"},"modified":"2025-09-08T15:44:27","modified_gmt":"2025-09-08T13:44:27","slug":"otwarcie-wystawy-marii-hiszpanskiej-neumann","status":"publish","type":"post","link":"https:\/\/odszkodowani.pl\/index.php\/2025\/08\/05\/otwarcie-wystawy-marii-hiszpanskiej-neumann\/","title":{"rendered":"Otwarcie wystawy Marii Hiszpa\u0144skiej-Neumann"},"content":{"rendered":"\n<p>4 sierpnia w Muzeum \u017bo\u0142nierzy Wykl\u0119tych i Wi\u0119\u017ani\u00f3w Politycznych PRL otwarto wystaw\u0119 prac Marii Hiszpa\u0144skiej Neumann, kt\u00f3ra po powrocie z obozu Ravensbruck g\u0142\u0119boko i bole\u015bnie odczuwa\u0142a &#8220;\u015bmier\u0107&#8221; miasta. <\/p>\n\n\n\n<figure class=\"wp-block-gallery has-nested-images columns-default is-cropped wp-block-gallery-1 is-layout-flex\">\n<figure class=\"wp-block-image size-large\"><img decoding=\"async\" loading=\"lazy\" width=\"960\" height=\"718\" data-id=\"7848\"  src=\"https:\/\/odszkodowani.pl\/wp-content\/uploads\/2025\/09\/Wystawa1.jpg\" alt=\"\" class=\"wp-image-7848\" srcset=\"https:\/\/odszkodowani.pl\/wp-content\/uploads\/2025\/09\/Wystawa1.jpg 960w, https:\/\/odszkodowani.pl\/wp-content\/uploads\/2025\/09\/Wystawa1-300x224.jpg 300w, https:\/\/odszkodowani.pl\/wp-content\/uploads\/2025\/09\/Wystawa1-768x574.jpg 768w\" sizes=\"(max-width: 960px) 100vw, 960px\" \/><\/figure>\n\n\n\n<figure class=\"wp-block-image size-large\"><img decoding=\"async\" loading=\"lazy\" width=\"960\" height=\"720\" data-id=\"7847\"  src=\"https:\/\/odszkodowani.pl\/wp-content\/uploads\/2025\/09\/Wystawa3.jpg\" alt=\"\" class=\"wp-image-7847\" srcset=\"https:\/\/odszkodowani.pl\/wp-content\/uploads\/2025\/09\/Wystawa3.jpg 960w, https:\/\/odszkodowani.pl\/wp-content\/uploads\/2025\/09\/Wystawa3-300x225.jpg 300w, https:\/\/odszkodowani.pl\/wp-content\/uploads\/2025\/09\/Wystawa3-768x576.jpg 768w\" sizes=\"(max-width: 960px) 100vw, 960px\" \/><\/figure>\n\n\n\n<figure class=\"wp-block-image size-large\"><img decoding=\"async\" loading=\"lazy\" width=\"960\" height=\"720\" data-id=\"7846\"  src=\"https:\/\/odszkodowani.pl\/wp-content\/uploads\/2025\/09\/Wystawa4.jpg\" alt=\"\" class=\"wp-image-7846\" srcset=\"https:\/\/odszkodowani.pl\/wp-content\/uploads\/2025\/09\/Wystawa4.jpg 960w, https:\/\/odszkodowani.pl\/wp-content\/uploads\/2025\/09\/Wystawa4-300x225.jpg 300w, https:\/\/odszkodowani.pl\/wp-content\/uploads\/2025\/09\/Wystawa4-768x576.jpg 768w\" sizes=\"(max-width: 960px) 100vw, 960px\" \/><\/figure>\n<\/figure>\n\n\n\n<p>Opr\u00f3cz prac artystki mo\u017cemy obejrze\u0107 zdj\u0119cia zburzonej Warszawy, fragmenty ocalone z barbarzy\u0144stwa niemieckiego i os\u0142awiony plan Pabsta, kt\u00f3ry ju\u017c w 1939 roku przewidywa\u0142 jego zag\u0142ad\u0119 aby mog\u0142o powsta\u0107 Neue Stadt Warschau. Zgodnie z tym planem zag\u0142ady i zniszczenia Warszawa mia\u0142a zosta\u0107 przekszta\u0142cona w niemieckie miasto prowincjonalne. Plan zak\u0142ada\u0142 zniszczenie 95% jego zabudowy, pozostawiaj\u0105c jedynie Krakowskie Przedmie\u015bcie i Belweder w stanie nienaruszonym. Ludno\u015b\u0107 miasta mia\u0142a zosta\u0107 wywieziona do oboz\u00f3w koncentracyjnych lub zamordowana na miejscu \u2013 w Obozie KL Warschau, utworzonym w 1943 roku.<\/p>\n\n\n\n<figure class=\"wp-block-gallery has-nested-images columns-default is-cropped wp-block-gallery-3 is-layout-flex\">\n<figure class=\"wp-block-image size-large\"><img decoding=\"async\" loading=\"lazy\" width=\"960\" height=\"720\" data-id=\"7851\"  src=\"https:\/\/odszkodowani.pl\/wp-content\/uploads\/2025\/09\/Pabst1.jpg\" alt=\"\" class=\"wp-image-7851\" srcset=\"https:\/\/odszkodowani.pl\/wp-content\/uploads\/2025\/09\/Pabst1.jpg 960w, https:\/\/odszkodowani.pl\/wp-content\/uploads\/2025\/09\/Pabst1-300x225.jpg 300w, https:\/\/odszkodowani.pl\/wp-content\/uploads\/2025\/09\/Pabst1-768x576.jpg 768w\" sizes=\"(max-width: 960px) 100vw, 960px\" \/><\/figure>\n\n\n\n<figure class=\"wp-block-image size-large\"><img decoding=\"async\" loading=\"lazy\" width=\"960\" height=\"720\" data-id=\"7849\"  src=\"https:\/\/odszkodowani.pl\/wp-content\/uploads\/2025\/09\/Pabst2.jpg\" alt=\"\" class=\"wp-image-7849\" srcset=\"https:\/\/odszkodowani.pl\/wp-content\/uploads\/2025\/09\/Pabst2.jpg 960w, https:\/\/odszkodowani.pl\/wp-content\/uploads\/2025\/09\/Pabst2-300x225.jpg 300w, https:\/\/odszkodowani.pl\/wp-content\/uploads\/2025\/09\/Pabst2-768x576.jpg 768w\" sizes=\"(max-width: 960px) 100vw, 960px\" \/><\/figure>\n\n\n\n<figure class=\"wp-block-image size-large\"><img decoding=\"async\" loading=\"lazy\" width=\"960\" height=\"720\" data-id=\"7850\"  src=\"https:\/\/odszkodowani.pl\/wp-content\/uploads\/2025\/09\/pabst3.jpg\" alt=\"\" class=\"wp-image-7850\" srcset=\"https:\/\/odszkodowani.pl\/wp-content\/uploads\/2025\/09\/pabst3.jpg 960w, https:\/\/odszkodowani.pl\/wp-content\/uploads\/2025\/09\/pabst3-300x225.jpg 300w, https:\/\/odszkodowani.pl\/wp-content\/uploads\/2025\/09\/pabst3-768x576.jpg 768w\" sizes=\"(max-width: 960px) 100vw, 960px\" \/><\/figure>\n<\/figure>\n\n\n\n<p>Zach\u0119cam do obejrzenia i refleksji w\u0142a\u015bnie w sierpniu, gdy 81 lat temu toczy\u0142a si\u0119 walka o godno\u015b\u0107 cz\u0142owieka i ocalenia miasta.<\/p>\n\n\n\n<p>Zwiedzania mo\u017cliwe poza tras\u0105 zwiedzania Muzeum w godz. 10.00-16.00 od wt.-niedz.<\/p>\n\n\n\n<p>Sam\u0105 wystaw\u0119 mo\u017cna zobaczy\u0107 w godzinach zwiedzania.<\/p>\n","protected":false},"excerpt":{"rendered":"<p>4 sierpnia w Muzeum \u017bo\u0142nierzy Wykl\u0119tych i Wi\u0119\u017ani\u00f3w Politycznych PRL otwarto wystaw\u0119 prac Marii Hiszpa\u0144skiej Neumann, kt\u00f3ra po powrocie z obozu Ravensbruck g\u0142\u0119boko i bole\u015bnie odczuwa\u0142a &#8220;\u015bmier\u0107&#8221; miasta. Opr\u00f3cz prac artystki mo\u017cemy obejrze\u0107 zdj\u0119cia zburzonej Warszawy, fragmenty ocalone z barbarzy\u0144stwa niemieckiego i os\u0142awiony plan Pabsta, kt\u00f3ry ju\u017c w 1939 roku przewidywa\u0142 jego zag\u0142ad\u0119 aby mog\u0142o [&hellip;]<\/p>\n","protected":false},"author":2,"featured_media":0,"comment_status":"open","ping_status":"open","sticky":false,"template":"","format":"standard","meta":{"_monsterinsights_skip_tracking":false,"_monsterinsights_sitenote_active":false,"_monsterinsights_sitenote_note":"","_monsterinsights_sitenote_category":0},"categories":[65,23],"tags":[172,636,370],"_links":{"self":[{"href":"https:\/\/odszkodowani.pl\/index.php\/wp-json\/wp\/v2\/posts\/7845"}],"collection":[{"href":"https:\/\/odszkodowani.pl\/index.php\/wp-json\/wp\/v2\/posts"}],"about":[{"href":"https:\/\/odszkodowani.pl\/index.php\/wp-json\/wp\/v2\/types\/post"}],"author":[{"embeddable":true,"href":"https:\/\/odszkodowani.pl\/index.php\/wp-json\/wp\/v2\/users\/2"}],"replies":[{"embeddable":true,"href":"https:\/\/odszkodowani.pl\/index.php\/wp-json\/wp\/v2\/comments?post=7845"}],"version-history":[{"count":1,"href":"https:\/\/odszkodowani.pl\/index.php\/wp-json\/wp\/v2\/posts\/7845\/revisions"}],"predecessor-version":[{"id":7852,"href":"https:\/\/odszkodowani.pl\/index.php\/wp-json\/wp\/v2\/posts\/7845\/revisions\/7852"}],"wp:attachment":[{"href":"https:\/\/odszkodowani.pl\/index.php\/wp-json\/wp\/v2\/media?parent=7845"}],"wp:term":[{"taxonomy":"category","embeddable":true,"href":"https:\/\/odszkodowani.pl\/index.php\/wp-json\/wp\/v2\/categories?post=7845"},{"taxonomy":"post_tag","embeddable":true,"href":"https:\/\/odszkodowani.pl\/index.php\/wp-json\/wp\/v2\/tags?post=7845"}],"curies":[{"name":"wp","href":"https:\/\/api.w.org\/{rel}","templated":true}]}}