{"id":723,"date":"2016-08-09T12:15:36","date_gmt":"2016-08-09T10:15:36","guid":{"rendered":"http:\/\/odszkodowani.pl\/?p=723"},"modified":"2021-05-08T19:54:36","modified_gmt":"2021-05-08T17:54:36","slug":"fundacja-walczacym-o-niepodleglosc","status":"publish","type":"post","link":"https:\/\/odszkodowani.pl\/index.php\/2016\/08\/09\/fundacja-walczacym-o-niepodleglosc\/","title":{"rendered":"O nas"},"content":{"rendered":"<p style=\"text-align: left;\"><strong>\u00a0<\/strong>W sierpniu 2013 roku zarejestrowano Fundacj\u0119 Walcz\u0105cym o Niepodleg\u0142o\u015b\u0107, Wykl\u0119tych, Pokrzywdzonych, Internowanych, Wi\u0119zionych.<\/p>\n<p style=\"text-align: left;\">Statutowym celem Fundacji jest zapewnienie kombatantom (\u017co\u0142nierzom) i osobom represjonowanym (wi\u0119zionym, internowanym, prze\u015bladowanym) walcz\u0105cym o Niepodleg\u0142o\u015b\u0107 Polski nale\u017cytego szacunku, honoru oraz opieki i pomocy.<\/p>\n<p style=\"text-align: left;\">Chcemy obj\u0105\u0107 wszystkich zaniedbanych przez pa\u0144stwo polskie pozostaj\u0105cych w biedzie, kt\u00f3ra jest skutkiem represji i prze\u015bladowa\u0144. Pozyskane \u015brodki przeznaczone b\u0119d\u0105 nie tylko na pomoc finansow\u0105 ale i opiek\u0119 medyczn\u0105, \u015brodki pomocy i domy opieki.<\/p>\n<p style=\"text-align: left;\">Wzorem naszym jest m\u0142ode pa\u0144stwo polskie, kt\u00f3re natychmiast po odzyskaniu niepodleg\u0142o\u015bci ju\u017c w 1918 roku podj\u0119\u0142o regulacje prawne w sprawie zado\u015b\u0107uczynienia.<\/p>\n<p style=\"text-align: left;\">Po latach upokorze\u0144 i zaniedba\u0144, tolerowanych r\u00f3wnie\u017c przez spo\u0142ecze\u0144stwo, musimy wreszcie zadba\u0107 o tych, kt\u00f3rzy ponie\u015bli ofiary w walce z dwoma okupantami.<\/p>\n<p style=\"text-align: left;\">Przy nale\u017cytym szacunku dla stara\u0144 innych organizacji i \u015brodowisk my rezygnujemy z nieskutecznych, zabieg\u00f3w o regulacje prawne (ustawy), kt\u00f3re zaniedbania wyr\u00f3wnaj\u0105.<\/p>\n<p style=\"text-align: left;\"><strong>Fundacja w porozumieniu z innymi organizacjami i stowarzyszeniami wyst\u0105pi o zado\u015b\u0107uczynienia do s\u0105du w pozwie zbiorowym.<\/strong><\/p>\n<p style=\"text-align: left;\">Ze wzgl\u0119du na to, \u017ce w polskim prawodawstwie brak jest jednoznacznych uregulowa\u0144 w tej kwestii, wyst\u0105pienie nasze b\u0119dzie wymaga\u0142o bezprecedensowych dzia\u0142a\u0144, Zach\u0119camy \u017cyczliwych do wsp\u00f3\u0142dzia\u0142ania w tej prekursorskiej pracy.<\/p>\n","protected":false},"excerpt":{"rendered":"<p>\u00a0W sierpniu 2013 roku zarejestrowano Fundacj\u0119 Walcz\u0105cym o Niepodleg\u0142o\u015b\u0107, Wykl\u0119tych, Pokrzywdzonych, Internowanych, Wi\u0119zionych. Statutowym celem Fundacji jest zapewnienie kombatantom (\u017co\u0142nierzom) i osobom represjonowanym (wi\u0119zionym, internowanym, prze\u015bladowanym) walcz\u0105cym o Niepodleg\u0142o\u015b\u0107 Polski nale\u017cytego szacunku, honoru oraz opieki i pomocy. Chcemy obj\u0105\u0107 wszystkich zaniedbanych przez pa\u0144stwo polskie pozostaj\u0105cych w biedzie, kt\u00f3ra jest skutkiem represji i prze\u015bladowa\u0144. Pozyskane \u015brodki [&hellip;]<\/p>\n","protected":false},"author":1,"featured_media":0,"comment_status":"open","ping_status":"open","sticky":false,"template":"","format":"standard","meta":{"_monsterinsights_skip_tracking":false,"_monsterinsights_sitenote_active":false,"_monsterinsights_sitenote_note":"","_monsterinsights_sitenote_category":0},"categories":[21],"tags":[],"_links":{"self":[{"href":"https:\/\/odszkodowani.pl\/index.php\/wp-json\/wp\/v2\/posts\/723"}],"collection":[{"href":"https:\/\/odszkodowani.pl\/index.php\/wp-json\/wp\/v2\/posts"}],"about":[{"href":"https:\/\/odszkodowani.pl\/index.php\/wp-json\/wp\/v2\/types\/post"}],"author":[{"embeddable":true,"href":"https:\/\/odszkodowani.pl\/index.php\/wp-json\/wp\/v2\/users\/1"}],"replies":[{"embeddable":true,"href":"https:\/\/odszkodowani.pl\/index.php\/wp-json\/wp\/v2\/comments?post=723"}],"version-history":[{"count":10,"href":"https:\/\/odszkodowani.pl\/index.php\/wp-json\/wp\/v2\/posts\/723\/revisions"}],"predecessor-version":[{"id":4769,"href":"https:\/\/odszkodowani.pl\/index.php\/wp-json\/wp\/v2\/posts\/723\/revisions\/4769"}],"wp:attachment":[{"href":"https:\/\/odszkodowani.pl\/index.php\/wp-json\/wp\/v2\/media?parent=723"}],"wp:term":[{"taxonomy":"category","embeddable":true,"href":"https:\/\/odszkodowani.pl\/index.php\/wp-json\/wp\/v2\/categories?post=723"},{"taxonomy":"post_tag","embeddable":true,"href":"https:\/\/odszkodowani.pl\/index.php\/wp-json\/wp\/v2\/tags?post=723"}],"curies":[{"name":"wp","href":"https:\/\/api.w.org\/{rel}","templated":true}]}}