{"id":6845,"date":"2024-12-15T09:11:00","date_gmt":"2024-12-15T08:11:00","guid":{"rendered":"https:\/\/odszkodowani.pl\/?p=6845"},"modified":"2025-09-08T13:09:05","modified_gmt":"2025-09-08T11:09:05","slug":"nie-dla-honorowania-funkcjonariuszy-sluzb-prl","status":"publish","type":"post","link":"https:\/\/odszkodowani.pl\/index.php\/2024\/12\/15\/nie-dla-honorowania-funkcjonariuszy-sluzb-prl\/","title":{"rendered":"Nie dla honorowania funkcjonariuszy s\u0142u\u017cb PRL"},"content":{"rendered":"\n<p>13 grudnia z by\u0142ego Aresztu \u015aledczego debatowali\u015bmy&nbsp;<a href=\"https:\/\/m.in\/\" target=\"_blank\" rel=\"noreferrer noopener\">m.in<\/a>. o przywracaniu funkcjonariuszom przywilej\u00f3w emerytalnych i kolejny raz wyrazili\u015bmy swoja niezgod\u0119 i kolejny raz po roku wracamy do Apelu niezgody na honorowanie by\u0142ych funkcjonariuszy PRL &#8211; utrwalaczy w\u0142adzy ludowej. Po roku wiemy ju\u017c, \u017ce s\u0105dy przywracaj\u0105 nagminnie przywileje tej grupie spo\u0142ecznej. Ju\u017c ponad 2 mld z\u0142otych pa\u0144stwo polskie pakuje w UB-eckie i SB-eckie kieszenie. Kolejny raz spotkali\u015bmy si\u0119 my Niepodleg\u0142o\u015bciowcy, ci co podj\u0119li walk\u0119 z komun\u0105 i wo\u0142amy o sprawiedliw\u0105 Polsk\u0119 dla dzieci i wnuk\u00f3w naszych. Nie pozw\u00f3lcie aby m\u0142ode pokolenie wychowywa\u0142o si\u0119 w przekonaniu, ze tylko wiaro\u0142omstwo, k\u0142amstwo, sprzeniewierzenie si\u0119 warto\u015bciom i matactwo przynosi dostatnie \u017cycie. Chodzi bowiem o to aby Wielka Polska wzrasta\u0142a na mocnym fundamencie a nie na deprawuj\u0105cej pustce moralnej. Aby tak si\u0119 sta\u0142o musimy g\u0142o\u015bno krzycze\u0107. Ka\u017cdy dla kt\u00f3rego przysz\u0142o\u015b\u0107 naszego narodu jest wa\u017cn\u0105 powinien ten Apel podpisa\u0107.<\/p>\n\n\n\n<p>Prosz\u0119 podpisujcie sami, zach\u0119cajcie innych, promujcie na stronach. Mo\u017cecie te\u017c wydrukowa\u0107 listy i przes\u0142a\u0107 na adres Zielna 39 00-108 Warszawa.<\/p>\n\n\n\n<p>Przesy\u0142am Pa\u0144stwu informacj\u0119 o wydarzeniu, kt\u00f3re zorganizowali\u015bmy w rocznic\u0119 wprowadzenia stanu wojennego.<\/p>\n\n\n\n<p>Do tekstu informacyjnego do\u0142\u0105czam apel z 2023 roku<\/p>\n\n\n\n<p>S\u0142owo do apelu po roku oraz Apel z 2024 roku<\/p>\n\n\n\n<p>Listy poparcia oraz adres do petycji w internecie&nbsp;<a rel=\"noreferrer noopener\" href=\"https:\/\/www.petycjeonline.com\/signatures_with_comments.php?petition_id=424929\" target=\"_blank\">https:\/\/www.petycjeonline.com\/signatures_with_comments.php?petition_id=424929<\/a><\/p>\n\n\n\n<p>Z wiar\u0105, \u017ce te sprawy porusz\u0105 pa\u0144stwa serca i nie b\u0119dziecie oboj\u0119tni na to nasze wo\u0142anie przesy\u0142am.<\/p>\n\n\n\n<p>Prezes Zarz\u0105du Fundacji&nbsp;<\/p>\n\n\n\n<p>Agnieszka Ha\u0142aburdzin-Rutkowska<\/p>\n\n\n\n<p>W razie pyta\u0144 kontakt tel.: 506-300-301<\/p>\n\n\n\n<div class=\"wp-block-file\"><a id=\"wp-block-file--media-d2c977d6-87b5-4f21-bbfa-5bd5f65624b1\" href=\"https:\/\/odszkodowani.pl\/wp-content\/uploads\/2024\/12\/Zlot-Formacji-Niepodleglosciowej-pod-haslem.docx\">Zlot-Formacji-Niepodleglosciowej-pod-haslem<\/a><a href=\"https:\/\/odszkodowani.pl\/wp-content\/uploads\/2024\/12\/Zlot-Formacji-Niepodleglosciowej-pod-haslem.docx\" class=\"wp-block-file__button wp-element-button\" download aria-describedby=\"wp-block-file--media-d2c977d6-87b5-4f21-bbfa-5bd5f65624b1\">Pobierz<\/a><\/div>\n\n\n\n<div class=\"wp-block-file\"><a id=\"wp-block-file--media-e91d2360-ec3f-4e86-991d-d12de38def20\" href=\"https:\/\/odszkodowani.pl\/wp-content\/uploads\/2024\/12\/Nottka-Europejski-Trybunal-Praw-Czlowieka-1.docx\">Nottka-Europejski-Trybunal-Praw-Czlowieka-1<\/a><a href=\"https:\/\/odszkodowani.pl\/wp-content\/uploads\/2024\/12\/Nottka-Europejski-Trybunal-Praw-Czlowieka-1.docx\" class=\"wp-block-file__button wp-element-button\" download aria-describedby=\"wp-block-file--media-e91d2360-ec3f-4e86-991d-d12de38def20\">Pobierz<\/a><\/div>\n\n\n\n<div class=\"wp-block-file\"><a id=\"wp-block-file--media-706104bc-d907-4179-bbd1-51064615300d\" href=\"https:\/\/odszkodowani.pl\/wp-content\/uploads\/2024\/12\/PROTEST-2023.docx\">PROTEST-2023<\/a><a href=\"https:\/\/odszkodowani.pl\/wp-content\/uploads\/2024\/12\/PROTEST-2023.docx\" class=\"wp-block-file__button wp-element-button\" download aria-describedby=\"wp-block-file--media-706104bc-d907-4179-bbd1-51064615300d\">Pobierz<\/a><\/div>\n\n\n\n<div class=\"wp-block-file\"><a id=\"wp-block-file--media-0cc28d52-89ca-433d-8aad-80eb63af2d38\" href=\"https:\/\/odszkodowani.pl\/wp-content\/uploads\/2024\/12\/O-procesie-deubekizacjiPrzywileje-po-roku-rzadow-koalicji-13-grudnia.docx\">O-procesie-deubekizacjiPrzywileje-po-roku-rzadow-koalicji-13-grudnia<\/a><a href=\"https:\/\/odszkodowani.pl\/wp-content\/uploads\/2024\/12\/O-procesie-deubekizacjiPrzywileje-po-roku-rzadow-koalicji-13-grudnia.docx\" class=\"wp-block-file__button wp-element-button\" download aria-describedby=\"wp-block-file--media-0cc28d52-89ca-433d-8aad-80eb63af2d38\">Pobierz<\/a><\/div>\n\n\n\n<div class=\"wp-block-file\"><a id=\"wp-block-file--media-33887246-fea1-4433-83f0-b653f8302cfd\" href=\"https:\/\/odszkodowani.pl\/wp-content\/uploads\/2024\/12\/Protest_2024.docx\">Protest_2024<\/a><a href=\"https:\/\/odszkodowani.pl\/wp-content\/uploads\/2024\/12\/Protest_2024.docx\" class=\"wp-block-file__button wp-element-button\" download aria-describedby=\"wp-block-file--media-33887246-fea1-4433-83f0-b653f8302cfd\">Pobierz<\/a><\/div>\n\n\n\n<div class=\"wp-block-file\"><object class=\"wp-block-file__embed\" data=\"https:\/\/odszkodowani.pl\/wp-content\/uploads\/2024\/12\/Lista-Poparcia.pdf\" type=\"application\/pdf\" style=\"width:100%;height:600px\" aria-label=\"Osadzone z Lista-Poparcia.\"><\/object><a id=\"wp-block-file--media-db200bb5-0901-4272-87ef-b58508f2c267\" href=\"https:\/\/odszkodowani.pl\/wp-content\/uploads\/2024\/12\/Lista-Poparcia.pdf\">Lista-Poparcia<\/a><a href=\"https:\/\/odszkodowani.pl\/wp-content\/uploads\/2024\/12\/Lista-Poparcia.pdf\" class=\"wp-block-file__button wp-element-button\" download aria-describedby=\"wp-block-file--media-db200bb5-0901-4272-87ef-b58508f2c267\">Pobierz<\/a><\/div>\n","protected":false},"excerpt":{"rendered":"<p>13 grudnia z by\u0142ego Aresztu \u015aledczego debatowali\u015bmy&nbsp;m.in. o przywracaniu funkcjonariuszom przywilej\u00f3w emerytalnych i kolejny raz wyrazili\u015bmy swoja niezgod\u0119 i kolejny raz po roku wracamy do Apelu niezgody na honorowanie by\u0142ych funkcjonariuszy PRL &#8211; utrwalaczy w\u0142adzy ludowej. Po roku wiemy ju\u017c, \u017ce s\u0105dy przywracaj\u0105 nagminnie przywileje tej grupie spo\u0142ecznej. Ju\u017c ponad 2 mld z\u0142otych pa\u0144stwo polskie [&hellip;]<\/p>\n","protected":false},"author":1,"featured_media":0,"comment_status":"open","ping_status":"open","sticky":false,"template":"","format":"standard","meta":{"_monsterinsights_skip_tracking":false,"_monsterinsights_sitenote_active":false,"_monsterinsights_sitenote_note":"","_monsterinsights_sitenote_category":0},"categories":[407,191],"tags":[554,387,232,268,395],"_links":{"self":[{"href":"https:\/\/odszkodowani.pl\/index.php\/wp-json\/wp\/v2\/posts\/6845"}],"collection":[{"href":"https:\/\/odszkodowani.pl\/index.php\/wp-json\/wp\/v2\/posts"}],"about":[{"href":"https:\/\/odszkodowani.pl\/index.php\/wp-json\/wp\/v2\/types\/post"}],"author":[{"embeddable":true,"href":"https:\/\/odszkodowani.pl\/index.php\/wp-json\/wp\/v2\/users\/1"}],"replies":[{"embeddable":true,"href":"https:\/\/odszkodowani.pl\/index.php\/wp-json\/wp\/v2\/comments?post=6845"}],"version-history":[{"count":2,"href":"https:\/\/odszkodowani.pl\/index.php\/wp-json\/wp\/v2\/posts\/6845\/revisions"}],"predecessor-version":[{"id":6853,"href":"https:\/\/odszkodowani.pl\/index.php\/wp-json\/wp\/v2\/posts\/6845\/revisions\/6853"}],"wp:attachment":[{"href":"https:\/\/odszkodowani.pl\/index.php\/wp-json\/wp\/v2\/media?parent=6845"}],"wp:term":[{"taxonomy":"category","embeddable":true,"href":"https:\/\/odszkodowani.pl\/index.php\/wp-json\/wp\/v2\/categories?post=6845"},{"taxonomy":"post_tag","embeddable":true,"href":"https:\/\/odszkodowani.pl\/index.php\/wp-json\/wp\/v2\/tags?post=6845"}],"curies":[{"name":"wp","href":"https:\/\/api.w.org\/{rel}","templated":true}]}}