{"id":6704,"date":"2024-11-13T10:32:06","date_gmt":"2024-11-13T09:32:06","guid":{"rendered":"https:\/\/odszkodowani.pl\/?p=6704"},"modified":"2024-11-15T10:40:46","modified_gmt":"2024-11-15T09:40:46","slug":"ksiazka-szalency-niepodleglosci","status":"publish","type":"post","link":"https:\/\/odszkodowani.pl\/index.php\/2024\/11\/13\/ksiazka-szalency-niepodleglosci\/","title":{"rendered":"Ksi\u0105\u017cka &#8220;Szale\u0144cy Niepodleg\u0142o\u015bci&#8221;"},"content":{"rendered":"\n<p>Wczoraj Tadeusz Sta\u0144ski wzi\u0105\u0142 udzia\u0142 w promocji ksi\u0105\u017cki Grzegorza Wo\u0142ka o KPN-ie podczas kt\u00f3rego wspomina\u0142 jak pami\u0119ta ten czas. Przyzna\u0142 si\u0119 te\u017c do tego, \u017ce jest autorem nazwy Konfederacja Polski Niepodleg\u0142ej i jej za\u0142o\u017cycielem oraz przypomnia\u0142, ze Leszek Moczulski nie by\u0142 entuzjast\u0105 powstania partii politycznej i to on z Szeremietiewem byli jej zwolennikami i byli gotowi j\u0105 powo\u0142a\u0107 tak\u017ce bez Leszka. Jako jednak jeszcze stosunkowo m\u0142odzi ludzie uznali, \u017ce potrzebuj\u0105 statecznego wodza i do tej funkcji zaprosili Moczulskiego, kt\u00f3ry p\u00f3\u017anej napisa\u0142 &#8220;Rewolucj\u0119 bez rewolucji&#8221;, kt\u00f3ra sta\u0142a si\u0119 ideowym zaczynem dzia\u0142a\u0144 KPN. Wsp\u00f3lne odsiadywanie kary w wi\u0119zieniu naruszy\u0142o zaufanie Sta\u0144skiego i Szeremietewa do Moczulskiego co za skutkowa\u0142o po opuszczeniu wi\u0119zienia roz\u0142amem i ca\u0142e kierownictwo z cz\u0119\u015bci\u0105 struktury opu\u015bci\u0142o KPN aby stworzy\u0107 tajn\u0105 Polsk\u0105 Parti\u0119 Niepodleg\u0142o\u015bciow\u0105.<\/p>\n\n\n\n<figure class=\"wp-block-image size-large\"><img decoding=\"async\" loading=\"lazy\" width=\"683\" height=\"1024\" src=\"https:\/\/odszkodowani.pl\/wp-content\/uploads\/2024\/11\/image-12-683x1024.png\" alt=\"\" class=\"wp-image-6709\" srcset=\"https:\/\/odszkodowani.pl\/wp-content\/uploads\/2024\/11\/image-12-683x1024.png 683w, https:\/\/odszkodowani.pl\/wp-content\/uploads\/2024\/11\/image-12-200x300.png 200w, https:\/\/odszkodowani.pl\/wp-content\/uploads\/2024\/11\/image-12-768x1152.png 768w, https:\/\/odszkodowani.pl\/wp-content\/uploads\/2024\/11\/image-12-1024x1536.png 1024w, https:\/\/odszkodowani.pl\/wp-content\/uploads\/2024\/11\/image-12.png 1365w\" sizes=\"(max-width: 683px) 100vw, 683px\" \/><\/figure>\n\n\n\n<!--more-->\n\n\n\n<p>Ju\u017c nied\u0142ugo nagranie ze spotkania, kt\u00f3re wcale nie by\u0142o spokojnym. Z sali pojawi\u0142y si\u0119 g\u0142osy dyskredytuj\u0105ce KPN i KPN-owc\u00f3w. Warto pos\u0142ucha\u0107 tej dyskusji i si\u0119gn\u0105\u0107 po ksi\u0105\u017ck\u0119 aby zobaczy\u0107 jak o tym okresie pisze autor i co odkry\u0142 w dokumentach i nie tylko.<\/p>\n\n\n\n<p>Wydarzenie w Muzeum \u017bo\u0142nierzy Wykl\u0119tych i Wi\u0119\u017ani\u00f3w Politycznych PRL by\u0142o jednym z cyklu Ex Bibliotheca. Pe\u0142yn tytu\u0142 ksi\u0105\u017cki to &#8220;Szale\u0144cy Niepodleg\u0142o\u015bci. Historia Konfederacji Polski Niepodleg\u0142ej&#8221;. Rozmow\u0119 w udzia\u0142em autora publikacji, dr. Grzegorza Wo\u0142ka oraz zast\u0119pcy dyrektora <a href=\"https:\/\/www.facebook.com\/MuzeumWykletych?__cft__[0]=AZUU4bLNoHngYYbvA_OWQJwsGm87RurRuyuwez2zA4MmDMKQW0yR8fshTviYRYaTj7xw21vrIfl171xnmrNdBVJz8r0bvChGY-HLhbu8kDh4aOHEeWfnmpOrly-M6aKgZWTRK0-aeYPbHI5HI9BfT-AS-R72QzjfAiZLlT0ZG-4mJrGWsVdqMKeqXZpY5cTMrbw&amp;__tn__=-]K-R\">Muzeum \u017bo\u0142nierzy Wykl\u0119tych i Wi\u0119\u017ani\u00f3w Politycznych PRL<\/a> i by\u0142ego dzia\u0142acza KPN, Jacka Paw\u0142owicza poprowadzi\u0142 dr Piotr Byszewski.<\/p>\n\n\n\n<p>Dr Grzegorz Wo\u0142k przybli\u017cy\u0142 kulisy powstawania ksi\u0105\u017cki, zbierania niezb\u0119dnych materia\u0142\u00f3w, relacji os\u00f3b, jak r\u00f3wnie\u017c swoje za\u0142o\u017cenia i plany dotycz\u0105ce ostatecznego kszta\u0142tu publikacji. Wyja\u015bni\u0142 tak\u017ce znaczenie nieco kontrowersyjnego tytu\u0142u.<\/p>\n\n\n\n<figure class=\"wp-block-image size-large\"><img decoding=\"async\" loading=\"lazy\" width=\"1024\" height=\"683\" src=\"https:\/\/odszkodowani.pl\/wp-content\/uploads\/2024\/11\/image-9-1024x683.png\" alt=\"\" class=\"wp-image-6706\" srcset=\"https:\/\/odszkodowani.pl\/wp-content\/uploads\/2024\/11\/image-9-1024x683.png 1024w, https:\/\/odszkodowani.pl\/wp-content\/uploads\/2024\/11\/image-9-300x200.png 300w, https:\/\/odszkodowani.pl\/wp-content\/uploads\/2024\/11\/image-9-768x512.png 768w, https:\/\/odszkodowani.pl\/wp-content\/uploads\/2024\/11\/image-9-1536x1024.png 1536w, https:\/\/odszkodowani.pl\/wp-content\/uploads\/2024\/11\/image-9.png 2048w\" sizes=\"(max-width: 1024px) 100vw, 1024px\" \/><\/figure>\n\n\n\n<figure class=\"wp-block-image size-large\"><img decoding=\"async\" loading=\"lazy\" width=\"1024\" height=\"683\" src=\"https:\/\/odszkodowani.pl\/wp-content\/uploads\/2024\/11\/image-10-1024x683.png\" alt=\"\" class=\"wp-image-6707\" srcset=\"https:\/\/odszkodowani.pl\/wp-content\/uploads\/2024\/11\/image-10-1024x683.png 1024w, https:\/\/odszkodowani.pl\/wp-content\/uploads\/2024\/11\/image-10-300x200.png 300w, https:\/\/odszkodowani.pl\/wp-content\/uploads\/2024\/11\/image-10-768x512.png 768w, https:\/\/odszkodowani.pl\/wp-content\/uploads\/2024\/11\/image-10-1536x1024.png 1536w, https:\/\/odszkodowani.pl\/wp-content\/uploads\/2024\/11\/image-10.png 2048w\" sizes=\"(max-width: 1024px) 100vw, 1024px\" \/><\/figure>\n\n\n\n<figure class=\"wp-block-image size-large\"><img decoding=\"async\" loading=\"lazy\" width=\"1024\" height=\"683\" src=\"https:\/\/odszkodowani.pl\/wp-content\/uploads\/2024\/11\/image-11-1024x683.png\" alt=\"\" class=\"wp-image-6708\" srcset=\"https:\/\/odszkodowani.pl\/wp-content\/uploads\/2024\/11\/image-11-1024x683.png 1024w, https:\/\/odszkodowani.pl\/wp-content\/uploads\/2024\/11\/image-11-300x200.png 300w, https:\/\/odszkodowani.pl\/wp-content\/uploads\/2024\/11\/image-11-768x512.png 768w, https:\/\/odszkodowani.pl\/wp-content\/uploads\/2024\/11\/image-11-1536x1024.png 1536w, https:\/\/odszkodowani.pl\/wp-content\/uploads\/2024\/11\/image-11.png 2048w\" sizes=\"(max-width: 1024px) 100vw, 1024px\" \/><\/figure>\n","protected":false},"excerpt":{"rendered":"<p>Wczoraj Tadeusz Sta\u0144ski wzi\u0105\u0142 udzia\u0142 w promocji ksi\u0105\u017cki Grzegorza Wo\u0142ka o KPN-ie podczas kt\u00f3rego wspomina\u0142 jak pami\u0119ta ten czas. Przyzna\u0142 si\u0119 te\u017c do tego, \u017ce jest autorem nazwy Konfederacja Polski Niepodleg\u0142ej i jej za\u0142o\u017cycielem oraz przypomnia\u0142, ze Leszek Moczulski nie by\u0142 entuzjast\u0105 powstania partii politycznej i to on z Szeremietiewem byli jej zwolennikami i byli [&hellip;]<\/p>\n","protected":false},"author":1,"featured_media":0,"comment_status":"open","ping_status":"open","sticky":false,"template":"","format":"standard","meta":{"_monsterinsights_skip_tracking":false,"_monsterinsights_sitenote_active":false,"_monsterinsights_sitenote_note":"","_monsterinsights_sitenote_category":0},"categories":[65,91,20],"tags":[172,550,269,549,95,85],"_links":{"self":[{"href":"https:\/\/odszkodowani.pl\/index.php\/wp-json\/wp\/v2\/posts\/6704"}],"collection":[{"href":"https:\/\/odszkodowani.pl\/index.php\/wp-json\/wp\/v2\/posts"}],"about":[{"href":"https:\/\/odszkodowani.pl\/index.php\/wp-json\/wp\/v2\/types\/post"}],"author":[{"embeddable":true,"href":"https:\/\/odszkodowani.pl\/index.php\/wp-json\/wp\/v2\/users\/1"}],"replies":[{"embeddable":true,"href":"https:\/\/odszkodowani.pl\/index.php\/wp-json\/wp\/v2\/comments?post=6704"}],"version-history":[{"count":2,"href":"https:\/\/odszkodowani.pl\/index.php\/wp-json\/wp\/v2\/posts\/6704\/revisions"}],"predecessor-version":[{"id":6711,"href":"https:\/\/odszkodowani.pl\/index.php\/wp-json\/wp\/v2\/posts\/6704\/revisions\/6711"}],"wp:attachment":[{"href":"https:\/\/odszkodowani.pl\/index.php\/wp-json\/wp\/v2\/media?parent=6704"}],"wp:term":[{"taxonomy":"category","embeddable":true,"href":"https:\/\/odszkodowani.pl\/index.php\/wp-json\/wp\/v2\/categories?post=6704"},{"taxonomy":"post_tag","embeddable":true,"href":"https:\/\/odszkodowani.pl\/index.php\/wp-json\/wp\/v2\/tags?post=6704"}],"curies":[{"name":"wp","href":"https:\/\/api.w.org\/{rel}","templated":true}]}}