{"id":6663,"date":"2024-10-19T15:50:23","date_gmt":"2024-10-19T13:50:23","guid":{"rendered":"https:\/\/odszkodowani.pl\/?p=6663"},"modified":"2024-11-13T15:58:05","modified_gmt":"2024-11-13T14:58:05","slug":"pamieci-ks-jerzego-popieluszki-w-legnicy","status":"publish","type":"post","link":"https:\/\/odszkodowani.pl\/index.php\/2024\/10\/19\/pamieci-ks-jerzego-popieluszki-w-legnicy\/","title":{"rendered":"Pami\u0119ci ks. Jerzego Popie\u0142uszki w Legnicy"},"content":{"rendered":"\n<p>Przedstawiciele Fundacji wzi\u0119li udzia\u0142 w uroczystej Mszy \u015aw. w Legnicy w 40 rocznic\u0119 \u015bmierci b\u0142. ks. Jerzego Popie\u0142uszki. Legnica nazywana kiedy\u015b &#8220;ma\u0142\u0105 Moskw\u0105&#8221; ze stacjonuj\u0105cym wojskiem sowieckim by\u0142a te 40 lat temu jawnym dowodem, o czym m\u00f3wi\u0142 mieszkaj\u0105cy tam Szeremietiew, okupacji ziem polskich. Ludzie spotykali na ulicach Rosjan na co dzie\u0144, nie tylko wojskowych, specjalne sklepy do kt\u00f3rych Polacy nie mieli wst\u0119pu to dowody, \u017ce Polak\u00f3w traktowano jako mieszka\u0144c\u00f3w drugiej kategorii. Jeste\u015bmy dumni, \u017ce w gronie naszym znajduje si\u0119 Witold Chodakiewicz, kt\u00f3ry doprowadzi\u0142 do wyprowadzenia tych wojsk z Polski. To w\u0142a\u015bnie w Legnicy najbardziej zauwa\u017cono ten akt gdy wojsko okupacyjne opu\u015bci\u0142o koszary zabieraj\u0105c ze sob\u0105 pracownik\u00f3w cywilnych liczba mieszka\u0144c\u00f3w spad\u0142a o po\u0142ow\u0119, ale pozostali ludzie, kt\u00f3rzy odwa\u017cnie chcieli doprowadzi\u0107 do odzyskania przez Polsk\u0119 Niepodleg\u0142o\u015bci. To w\u0142a\u015bnie oni pragn\u0119li odda\u0107 ho\u0142d kapelanowi Solidarno\u015bci. Cz\u0142owiekowi, kt\u00f3ry za nas wszystkich, kt\u00f3rzy pragn\u0119li by\u0107 wolnymi odda\u0142 swe \u017cycie. Kap\u0142an, kt\u00f3ry m\u00f3wi\u0142, \u017ce nie powinni\u015bmy nienawidzi\u0107, \u017ce wolno\u015b\u0107 jest w nas, \u017ce powinni\u015bmy by\u0107 zawsze gotowi aby broni\u0107 prawdy. Nigdy nie nawo\u0142ywa\u0142 do walki z komun\u0105, m\u00f3wi\u0142 o przebaczaniu by\u0142 dla komuny bardziej niebezpieczny ni\u017c ci co podnie\u015bli na komun\u0119 r\u0119k\u0119. ks. Jerzy m\u00f3wi\u0142 do nas, \u017ce wolno\u015b\u0107 jest w nas, to nasze posty to to na co mamy najwi\u0119kszy wp\u0142yw. Podni\u00f3s\u0142 nas z prochu ziemi do godno\u015bci dzieci bo\u017cych. Spotkanie z Popie\u0142uszk\u0105 by\u0142o dla wielu niezwyk\u0142ym prze\u017cyciem przemiany wewn\u0119trznej. Zabiera\u0142 strach, ma\u0142ostkowo\u015b\u0107, a dawa\u0142 przymioty ducha \u015bwi\u0119tego odwag\u0119 i m\u0119stwo.<\/p>\n\n\n\n<figure class=\"wp-block-image size-full\"><img decoding=\"async\" loading=\"lazy\" width=\"1024\" height=\"682\" src=\"https:\/\/odszkodowani.pl\/wp-content\/uploads\/2024\/11\/Legnica.jpg\" alt=\"\" class=\"wp-image-6664\" srcset=\"https:\/\/odszkodowani.pl\/wp-content\/uploads\/2024\/11\/Legnica.jpg 1024w, https:\/\/odszkodowani.pl\/wp-content\/uploads\/2024\/11\/Legnica-300x200.jpg 300w, https:\/\/odszkodowani.pl\/wp-content\/uploads\/2024\/11\/Legnica-768x512.jpg 768w\" sizes=\"(max-width: 1024px) 100vw, 1024px\" \/><\/figure>\n\n\n\n<p>Artyku\u0142, kt\u00f3ry ukaza\u0142 si\u0119 na portalu: lca.pl<\/p>\n\n\n\n<p>https:\/\/lca.pl\/pl\/15_fotorelacje\/97_wydarzenia\/20906_uroczysta-msza-sw-upamietniajaca-bl-ks-jerzego.html?fbclid=IwZXh0bgNhZW0CMTEAAR1mzoFB21KhdaW-HquYKlK5KnloDtVPl17fzvQXoBoacKy4KGNjsUTlsZc_aem_v7dxPY8W1afuQ6qEWnQykg<\/p>\n","protected":false},"excerpt":{"rendered":"<p>Przedstawiciele Fundacji wzi\u0119li udzia\u0142 w uroczystej Mszy \u015aw. w Legnicy w 40 rocznic\u0119 \u015bmierci b\u0142. ks. Jerzego Popie\u0142uszki. Legnica nazywana kiedy\u015b &#8220;ma\u0142\u0105 Moskw\u0105&#8221; ze stacjonuj\u0105cym wojskiem sowieckim by\u0142a te 40 lat temu jawnym dowodem, o czym m\u00f3wi\u0142 mieszkaj\u0105cy tam Szeremietiew, okupacji ziem polskich. Ludzie spotykali na ulicach Rosjan na co dzie\u0144, nie tylko wojskowych, specjalne [&hellip;]<\/p>\n","protected":false},"author":1,"featured_media":0,"comment_status":"open","ping_status":"open","sticky":false,"template":"","format":"standard","meta":{"_monsterinsights_skip_tracking":false,"_monsterinsights_sitenote_active":false,"_monsterinsights_sitenote_note":"","_monsterinsights_sitenote_category":0},"categories":[65,20],"tags":[172,534,535,265,221],"_links":{"self":[{"href":"https:\/\/odszkodowani.pl\/index.php\/wp-json\/wp\/v2\/posts\/6663"}],"collection":[{"href":"https:\/\/odszkodowani.pl\/index.php\/wp-json\/wp\/v2\/posts"}],"about":[{"href":"https:\/\/odszkodowani.pl\/index.php\/wp-json\/wp\/v2\/types\/post"}],"author":[{"embeddable":true,"href":"https:\/\/odszkodowani.pl\/index.php\/wp-json\/wp\/v2\/users\/1"}],"replies":[{"embeddable":true,"href":"https:\/\/odszkodowani.pl\/index.php\/wp-json\/wp\/v2\/comments?post=6663"}],"version-history":[{"count":1,"href":"https:\/\/odszkodowani.pl\/index.php\/wp-json\/wp\/v2\/posts\/6663\/revisions"}],"predecessor-version":[{"id":6665,"href":"https:\/\/odszkodowani.pl\/index.php\/wp-json\/wp\/v2\/posts\/6663\/revisions\/6665"}],"wp:attachment":[{"href":"https:\/\/odszkodowani.pl\/index.php\/wp-json\/wp\/v2\/media?parent=6663"}],"wp:term":[{"taxonomy":"category","embeddable":true,"href":"https:\/\/odszkodowani.pl\/index.php\/wp-json\/wp\/v2\/categories?post=6663"},{"taxonomy":"post_tag","embeddable":true,"href":"https:\/\/odszkodowani.pl\/index.php\/wp-json\/wp\/v2\/tags?post=6663"}],"curies":[{"name":"wp","href":"https:\/\/api.w.org\/{rel}","templated":true}]}}