{"id":6587,"date":"2024-09-13T21:33:39","date_gmt":"2024-09-13T19:33:39","guid":{"rendered":"http:\/\/odszkodowani.pl\/?p=6587"},"modified":"2024-09-18T04:26:38","modified_gmt":"2024-09-18T02:26:38","slug":"skad-tyle-niewdziecznosci-ze-strony-kijowa","status":"publish","type":"post","link":"https:\/\/odszkodowani.pl\/index.php\/2024\/09\/13\/skad-tyle-niewdziecznosci-ze-strony-kijowa\/","title":{"rendered":"Sk\u0105d tyle niewdzi\u0119czno\u015bci ze strony Kijowa?"},"content":{"rendered":"\n<p>Rozmowa z dr. hab. nauk wojskowych Romualdem Szeremietiewem za Naszym Dziennikiem<\/p>\n\n\n\n<figure class=\"wp-block-image size-full\"><img decoding=\"async\" loading=\"lazy\" width=\"750\" height=\"530\" src=\"http:\/\/odszkodowani.pl\/wp-content\/uploads\/2024\/07\/Szeremietiew.jpg\" alt=\"\" class=\"wp-image-5817\" srcset=\"https:\/\/odszkodowani.pl\/wp-content\/uploads\/2024\/07\/Szeremietiew.jpg 750w, https:\/\/odszkodowani.pl\/wp-content\/uploads\/2024\/07\/Szeremietiew-300x212.jpg 300w\" sizes=\"(max-width: 750px) 100vw, 750px\" \/><\/figure>\n\n\n\n<p><strong>Ameryka\u0144ski sekretarz stanu Antony Blinken, kt\u00f3ry go\u015bci\u0142 dzisiaj w Warszawie, wprawdzie nie powiedzia\u0142 tego wprost, ale w jednej ze swoich wcze\u015bniejszych wypowiedzi nie wyklucza\u0142 zgody Stan\u00f3w Zjednoczonych na u\u017cycie przez Ukrai\u0144c\u00f3w rakiet dalekiego zasi\u0119gu i uderzenia w g\u0142\u0105b terytorium Rosji. Taka zgoda i taki atak s\u0105 Pana zdaniem mo\u017cliwe?<\/strong><\/p>\n\n\n\n<!--more-->\n\n\n\n<p>\u2013 S\u0105 mo\u017cliwe, a przede wszystkim potrzebne. Cho\u0107 jasna odpowied\u017a ze strony sekretarza Antonego Blinkena dzisiaj nie pad\u0142a wprost, nie zosta\u0142a og\u0142oszona oficjalnie, to taka zgoda zapewne jest i dodam \u2013 nareszcie. Trudno sobie bowiem wyobrazi\u0107, \u017ceby kto\u015b napadni\u0119ty nie m\u00f3g\u0142 si\u0119 skutecznie broni\u0107, uderzaj\u0105c w agresora. Dot\u0105d m.in. Amerykanie czy w og\u00f3le Sojusz P\u00f3\u0142nocnoatlantycki stawia\u0142y warunki, \u017ce Ukraina otrzyman\u0105 ze strony Zachodu bro\u0144 mo\u017ce u\u017cy\u0107 tylko na swoim terytorium zaj\u0119tym przez Rosjan. Zatem Rosjanie byli dotychczas w komfortowej sytuacji, poniewa\u017c mogli swoje si\u0142y i \u015brodki skoncentrowa\u0107 na terenie, na kt\u00f3rym operowali Ukrai\u0144cy, nie obawiaj\u0105c si\u0119, \u017ce co\u015b z\u0142ego mo\u017ce si\u0119 sta\u0107 w innych miejscach, a w szczeg\u00f3lno\u015bci na terytorium Rosji. Tymczasem ruszy\u0142a w gruncie rzeczy niewielka ukrai\u0144ska ofensywa na kierunku kurskim i szybko okaza\u0142o si\u0119, jakie zamieszanie spowodowa\u0142a po stronie rosyjskiej. To pokazuje, \u017ce tego typu dzia\u0142ania trzeba kontynuowa\u0107.<\/p>\n\n\n\n<h4 class=\"wp-block-heading\"><strong>Z drugiej strony kanclerz Olaf Scholz chce rozmawia\u0107 z Putinem o zako\u0144czeniu wojny na Ukrainie. Trudno w tych dzia\u0142aniach Zachodu: Amerykan\u00f3w i Niemc\u00f3w, znale\u017a\u0107 jak\u0105\u015b sp\u00f3jno\u015b\u0107 w dzia\u0142aniu.<\/strong><\/h4>\n\n\n\n<p>\u2013 Oczywi\u015bcie, \u017ce trudno znale\u017a\u0107 zbie\u017cno\u015b\u0107, dlatego \u017ce Stany Zjednoczone i Niemcy maj\u0105 na wzgl\u0119dzie r\u00f3\u017cne cele do osi\u0105gni\u0119cia. Amerykanie staraj\u0105 si\u0119 utrzyma\u0107 swoj\u0105 pozycj\u0119 gwaranta \u0142adu mi\u0119dzynarodowego, kt\u00f3ry Rosja&nbsp;\u2013 i nie tylko Rosja&nbsp;\u2013&nbsp;pr\u00f3buje podwa\u017cy\u0107, w zwi\u0105zku z tym musz\u0105 si\u0119 wykaza\u0107 zdolno\u015bci\u0105 powstrzymania Moskwy na Ukrainie. To jest jeden z kierunk\u00f3w, kt\u00f3ry Stany Zjednoczone maj\u0105 ambicj\u0119 ochrania\u0107 i stabilizowa\u0107 sytuacj\u0119 w tym rejonie. Natomiast Niemcy chc\u0105 jak najszybciej wr\u00f3ci\u0107 do wsp\u00f3\u0142pracy gospodarczej z Rosj\u0105 i z tego powodu utrzymywanie konfliktu na Ukrainie nie jest im potrzebne, bo nie jest Berlinowi na r\u0119k\u0119. Chc\u0105 wi\u0119c zrobi\u0107 wszystko, \u017ceby ten konflikt jak najszybciej si\u0119 zako\u0144czy\u0142, a \u017ce zostanie to okupione kosztem Ukrainy, to dla Niemc\u00f3w nie ma \u017cadnego znaczenia. I na tym polega r\u00f3\u017cnica spojrzenia na ten konflikt przez Berlin i Waszyngton.<\/p>\n\n\n\n<h4 class=\"wp-block-heading\"><strong>Niemiecki kanclerz twierdzi, \u017ce musi odby\u0107 si\u0119 konferencja pokojowa z udzia\u0142em Rosji.&nbsp;Tymczasem Ukraina, przynajmniej do&nbsp; niedawna, wyklucza\u0142a negocjacje z agresorem.<\/strong><\/h4>\n\n\n\n<p>\u2013 Stanowczego g\u0142osu Ukrainy w tej&nbsp;sprawie rzeczywi\u015bcie ostatnio nie s\u0142ysza\u0142em, ale nie ma te\u017c aprobaty dla pomys\u0142u kanclerza Olafa Scholza \u2013 zw\u0142aszcza \u017ce by\u0142y opinie, kt\u00f3re zdaje si\u0119 wyg\u0142asza\u0142 prezydent Wo\u0142odymyr Ze\u0142enski, \u017ce gdyby mia\u0142 to by\u0107 powr\u00f3t do formatu normandzkiego, w ramach kt\u00f3rego Ukrai\u0144cy zostali oszukani, co Rosja skrz\u0119tnie wykorzysta\u0142a, \u017ceby przygotowa\u0107 si\u0119 do agresji na Ukrain\u0119, to na to zgody by\u0107 nie mo\u017ce. St\u0105d rzeczywi\u015bcie nie ma sensu powtarza\u0107 tego b\u0142\u0119du. Tak czy inaczej r\u00f3\u017cnica interes\u00f3w jest bardzo widoczna, a wizyta sekretarza Blinkena w Polsce jest wyra\u017an\u0105 pr\u00f3b\u0105 utrzymania Polski na kursie, kt\u00f3ry by\u0142 realizowany podczas rz\u0105d\u00f3w Zjednoczonej Prawicy. Mam na my\u015bli blisk\u0105 wsp\u00f3\u0142prac\u0119 ze Stanami Zjednoczonymi i wspieranie Ukrainy w walce o niepodleg\u0142o\u015b\u0107.<\/p>\n\n\n\n<h4 class=\"wp-block-heading\"><strong>Jest jaka\u015b w\u0105tpliwo\u015b\u0107 co do utrzymania tego kierunku?&nbsp;&nbsp;&nbsp;&nbsp;&nbsp;&nbsp;<\/strong><\/h4>\n\n\n\n<p>\u2013 Zdecydowanie tak. Przecie\u017c obecny rz\u0105d, kt\u00f3remu przewodzi Donald Tusk, sk\u0142ania si\u0119 ku Niemcom, a nie ku Amerykanom. Ten projekt pokojowy, kt\u00f3ry chce wprowadzi\u0107 Berlin, zyska uznanie Tuska i Sikorskiego.<\/p>\n\n\n\n<h4 class=\"wp-block-heading\"><strong>Niedawno Ze\u0142enski spotka\u0142 si\u0119 z Scholzem we Frankfurcie nad Menem w czasie rozm\u00f3w pokojowych dotycz\u0105cych Ukrainy, gdzie stwierdzi\u0142, i\u017c w ewentualnej konferencji pokojowej powinna wzi\u0105\u0107 udzia\u0142 tak\u017ce Rosja. Czym kanclerz Scholz m\u00f3g\u0142 go przekona\u0107 do zmiany stanowiska?<\/strong><\/h4>\n\n\n\n<p>\u2013 Obietnic\u0105 pomocy gospodarczej i cz\u0142onkostwem Ukrainy w Unii Europejskiej.<\/p>\n\n\n\n<h4 class=\"wp-block-heading\"><strong>I Ukraina da si\u0119 nabra\u0107 na ten blef, przecie\u017c nic z tych obietnic nie zostanie zrealizowane?&nbsp;&nbsp;<\/strong><\/h4>\n\n\n\n<p>\u2013 Owszem. Ale to nic dziwnego, bo zdaje si\u0119, \u017ce prezydent Ze\u0142enski nie nale\u017cy do or\u0142\u00f3w intelektualnych, je\u015bli chodzi o sprawy mi\u0119dzynarodowe.<\/p>\n\n\n\n<h4 class=\"wp-block-heading\"><strong>Tak czy inaczej, \u017ceby jakiekolwiek porozumienie mi\u0119dzy Rosj\u0105 a Ukrain\u0105 mog\u0142o doj\u015b\u0107 do skutku, to Rosja musi spe\u0142ni\u0107 pewne \u017c\u0105dania. Kij\u00f3w domaga si\u0119 m.in. wycofania rosyjskich wojsk z Ukrainy, wyp\u0142aty reparacji przez Rosj\u0119 oraz poci\u0105gni\u0119cia do odpowiedzialno\u015bci prawnej wszystkich polityk\u00f3w i wojskowych odpowiedzialnych za agresj\u0119 na Ukrain\u0119. Co realnie z tego Kij\u00f3w mo\u017ce osi\u0105gn\u0105\u0107?<\/strong><\/h4>\n\n\n\n<p>\u2013 Kr\u00f3tko m\u00f3wi\u0105c&nbsp;\u2013 nic. Co\u015b mo\u017ce w tej sprawie \u017c\u0105da\u0144 ruszy\u0107, ale tylko wtedy, je\u015bli Rosja zostanie zmuszona, je\u015bli zostanie dotkni\u0119ta ukrai\u0144skimi dzia\u0142aniami zbrojnymi. Dopiero wtedy z innej pozycji mo\u017cna rozmawia\u0107 z Moskw\u0105, przy za\u0142o\u017ceniu, \u017ce po stronie rosyjskiej w og\u00f3le b\u0119dzie z kim rozmawia\u0107. Dop\u00f3ty jednak to si\u0119 nie stanie, je\u015bli Rosja nie zostanie przyparta do muru, to nie ma o czym rozmawia\u0107. Tymczasem Niemcy przewiduj\u0105co ju\u017c m\u00f3wi\u0105, \u017ce z ich strony nie b\u0119dzie du\u017cej pomocy wojskowej dla Ukrainy. W tej sytuacji je\u015bli Kij\u00f3w nie b\u0119dzie mia\u0142 czym kontynuowa\u0107 walki z rosyjskim agresorem, to b\u0119dzie musia\u0142 spu\u015bci\u0107 z tonu i te trzy brzegowe punkty, kt\u00f3re pan redaktor wymieni\u0142, zostan\u0105 zignorowane, co jest oczywi\u015bcie z korzy\u015bci\u0105 dla Putina.<\/p>\n\n\n\n<h4 class=\"wp-block-heading\"><strong>Wcze\u015bniej po rosyjskim ataku na Krym, podczas rozm\u00f3w Mi\u0144sk 1 i Mi\u0144sk 2 w 2014 i 2015 roku, kt\u00f3rych skutkiem by\u0142 kruchy rozejm, Polski zabrak\u0142o przy stole negocjacyjnym. Teraz bior\u0105c pod uwag\u0119 nasze wsparcie dla Ukrainy, mo\u017ce by\u0107 inaczej?<\/strong><\/h4>\n\n\n\n<p>\u2013 Zabrak\u0142o, bo Rosji, Niemcom, ale te\u017c Ukrainie Polska nie by\u0142a do niczego potrzebna. I teraz \u2013 je\u015bli dojdzie do rozm\u00f3w \u2013 Polski te\u017c nie b\u0119dzie w \u017cadnym uk\u0142adzie. Z punktu tych pa\u0144stw nie ma potrzeby, \u017ceby akurat Polsk\u0119 dopu\u015bci\u0107 do negocjacji pokojowych. No chyba, \u017ce Stany Zjednoczone b\u0119d\u0105 nalega\u0107, aby ich sojusznik znalaz\u0142 si\u0119 w tym towarzystwie, i wtedy Polska rzeczywi\u015bcie mog\u0142aby pe\u0142ni\u0107 rol\u0119 przyjaciela Waszyngtonu przy stole negocjacyjnym. Ale w\u0105tpi\u0119, \u017ceby tak si\u0119 sta\u0142o. Po prostu nie ma sensu, bo po stronie niemieckiej, ale te\u017c po stronie ukrai\u0144skiej nie ma takiej potrzeby, \u017ceby minister Rados\u0142aw Sikorski uczestniczy\u0142 w takim przedsi\u0119wzi\u0119ciu.&nbsp;<\/p>\n\n\n\n<h4 class=\"wp-block-heading\"><strong>Czy Polska ma w og\u00f3le szanse na udzia\u0142 w dzieleniu tortu zwi\u0105zanego z odbudow\u0105 Ukrainy, bo rozmowy zdaje si\u0119 ju\u017c trwaj\u0105, a Polski, kt\u00f3ra pierwsza zaanga\u017cowa\u0142a si\u0119 w pomoc Ukrainie, dzisiaj przy stole, gdzie zasiadaj\u0105 przyszli beneficjenci kontrakt\u00f3w,&nbsp;<\/strong><strong>nie ma?<\/strong><\/h4>\n\n\n\n<p>\u2013 I nie b\u0119dzie. Nie \u0142ud\u017amy si\u0119. Mamy w Warszawie w\u0142adze, kt\u00f3re nie zabiegaj\u0105 o mocn\u0105 pozycj\u0119 Polski. Dla Tuska, kt\u00f3remu Niemcy wr\u0119czaj\u0105 dzisiaj w Poczdamie kolejn\u0105 nagrod\u0119, tym razem za \u201eobron\u0119 demokracji i przywracanie praworz\u0105dno\u015bci\u201d, Polska nie musi by\u0107 beneficjentem kontrakt\u00f3w gospodarczych. T\u0119 sfer\u0119, i nie tylko t\u0119, Tusk pozostawia swoim mocodawcom. Dlatego interesy, m.in. gospodarcze, pa\u0144stwa polskiego nie stanowi\u0105 dla niego i \u201ekoalicji 13 grudnia\u201d jakiego\u015b szczeg\u00f3lnego obiektu zainteresowa\u0144. Ponadto dla w\u0142adzy Tuska i Bodnara najwa\u017cniejsze w tej chwili jest stworzenie drugiej Norymbergii dla Prawa i Sprawiedliwo\u015bci. I na tym si\u0119 teraz skupiaj\u0105, \u017ceby odci\u0105\u0107 najwi\u0119ksz\u0105 formacj\u0119 opozycyjn\u0105 od \u015brodk\u00f3w finansowych na dzia\u0142alno\u015b\u0107 z bud\u017cetu pa\u0144stwa i mo\u017cliwie jak najwi\u0119cej polityk\u00f3w Zjednoczonej Prawicy posadzi\u0107 do wi\u0119zie\u0144, a przynajmniej pr\u00f3bowa\u0107 ich zdyskredytowa\u0107 w oczach opinii publicznej.<\/p>\n\n\n\n<h4 class=\"wp-block-heading\"><strong>Ukraina chyba powinna by\u0107 Polsce wdzi\u0119czna chocia\u017cby za schronienie kilku milion\u00f3w uchod\u017ac\u00f3w wojennych?&nbsp;<\/strong><\/h4>\n\n\n\n<p>\u2013 Wdzi\u0119czno\u015b\u0107 ko\u0144czy si\u0119 tam, gdzie zaczyna si\u0119 polityka. Zatem wdzi\u0119czno\u015b\u0107 to nie jest kategoria znana w polityce. Dlatego osobi\u015bcie nie liczy\u0142em i nie licz\u0119 na \u017cadn\u0105 wdzi\u0119czno\u015b\u0107. Natomiast liczy\u0142em, \u017ce po stronie Kijowa w ukrai\u0144skich decyzyjnych g\u0142owach pojawi si\u0119 jaki\u015b rozs\u0105dek, \u017ce Ukrai\u0144cy wyci\u0105gn\u0119li jakie\u015b wnioski z historii i pami\u0119taj\u0105, jak wyszli na konszachtach z Niemcami. Jak pami\u0119tamy, u boku Hitlera zafundowali sobie przydomek ludob\u00f3jc\u00f3w, a ponad sto tysi\u0119cy Polak\u00f3w \u2013 kobiet, starc\u00f3w i dzieci zosta\u0142o dotkni\u0119tych zbrodniami dokonanymi przez OUN-UPA. Dlatego powinni wyci\u0105gn\u0105\u0107 jakie\u015b wnioski z tej lekcji i przypomnie\u0107 sobie, \u017ce obok oprawc\u00f3w Stepana Bandery czy Romana Szuchewycza by\u0142 tak\u017ce Konaszewicz-Sahajdaczny czy Symon Petlura, \u017ce wsp\u00f3lnie bronili\u015bmy Zamo\u015bcia itd. I teraz mo\u017cna by do tego powr\u00f3ci\u0107, tymczasem okaza\u0142o si\u0119, \u017ce jednak nie mo\u017cna. Wida\u0107 wi\u0119c, \u017ce dla Ukrai\u0144c\u00f3w wdzi\u0119czno\u015b\u0107 jest kategori\u0105 nieznan\u0105, podobnie jak rozs\u0105dek.<\/p>\n\n\n\n<h4 class=\"wp-block-heading\"><strong>A gdzie wobec tego jest rozs\u0105dek i refleksja po polskiej stronie i jak d\u0142ugo b\u0119dziemy pozwala\u0107 si\u0119 ogrywa\u0107 w\u0142adzom w Kijowie?&nbsp;&nbsp;&nbsp;&nbsp; &nbsp;&nbsp;<\/strong><\/h4>\n\n\n\n<p>\u2013 Cz\u0119\u015b\u0107 polskiego spo\u0142ecze\u0144stwa wyci\u0105gn\u0119\u0142a wnioski z tej bolesnej lekcji. Nie da si\u0119 te\u017c nabra\u0107 na tanie chwyty, jakie obieca\u0142a w kampanii parlamentarnej koalicja Tuska.<\/p>\n\n\n\n<p><strong>Tylko \u017ce spo\u0142ecze\u0144stwo nie decyduje w sprawach b\u0119d\u0105cych w gestii rz\u0105du.&nbsp;<\/strong><\/p>\n\n\n\n<p>\u2013 To prawda, ale spo\u0142ecze\u0144stwo, oddaj\u0105c g\u0142os, otworzy\u0142o drog\u0119 do w\u0142adzy tym, kt\u00f3rzy dzisiaj j\u0105 dzier\u017c\u0105. I to s\u0105 konsekwencje wybor\u00f3w ka\u017cdego z nas. Tym razem nie mo\u017cemy zwali\u0107 na Moskw\u0119, \u017ce to w\u0142adze na Kremlu wybra\u0142y nam I sekretarza PZPR. Niestety, sami dopu\u015bcili\u015bmy takich ludzi do rz\u0105dzenia Polsk\u0105. I nie jest to najweselsze, przypomina to raczej czarny angielski humor, tylko \u017ce dotyczy to nie Wielkiej Brytanii, ale mojej ukochanej Polski.<\/p>\n\n\n\n<p>wywiad: <strong>Mariusza Kamieniecki<\/strong>ego<\/p>\n","protected":false},"excerpt":{"rendered":"<p>Rozmowa z dr. hab. nauk wojskowych Romualdem Szeremietiewem za Naszym Dziennikiem Ameryka\u0144ski sekretarz stanu Antony Blinken, kt\u00f3ry go\u015bci\u0142 dzisiaj w Warszawie, wprawdzie nie powiedzia\u0142 tego wprost, ale w jednej ze swoich wcze\u015bniejszych wypowiedzi nie wyklucza\u0142 zgody Stan\u00f3w Zjednoczonych na u\u017cycie przez Ukrai\u0144c\u00f3w rakiet dalekiego zasi\u0119gu i uderzenia w g\u0142\u0105b terytorium Rosji. Taka zgoda i taki [&hellip;]<\/p>\n","protected":false},"author":2,"featured_media":0,"comment_status":"open","ping_status":"open","sticky":false,"template":"","format":"standard","meta":{"_monsterinsights_skip_tracking":false,"_monsterinsights_sitenote_active":false,"_monsterinsights_sitenote_note":"","_monsterinsights_sitenote_category":0},"categories":[407,149,133],"tags":[155,150,98,365,135],"_links":{"self":[{"href":"https:\/\/odszkodowani.pl\/index.php\/wp-json\/wp\/v2\/posts\/6587"}],"collection":[{"href":"https:\/\/odszkodowani.pl\/index.php\/wp-json\/wp\/v2\/posts"}],"about":[{"href":"https:\/\/odszkodowani.pl\/index.php\/wp-json\/wp\/v2\/types\/post"}],"author":[{"embeddable":true,"href":"https:\/\/odszkodowani.pl\/index.php\/wp-json\/wp\/v2\/users\/2"}],"replies":[{"embeddable":true,"href":"https:\/\/odszkodowani.pl\/index.php\/wp-json\/wp\/v2\/comments?post=6587"}],"version-history":[{"count":2,"href":"https:\/\/odszkodowani.pl\/index.php\/wp-json\/wp\/v2\/posts\/6587\/revisions"}],"predecessor-version":[{"id":6589,"href":"https:\/\/odszkodowani.pl\/index.php\/wp-json\/wp\/v2\/posts\/6587\/revisions\/6589"}],"wp:attachment":[{"href":"https:\/\/odszkodowani.pl\/index.php\/wp-json\/wp\/v2\/media?parent=6587"}],"wp:term":[{"taxonomy":"category","embeddable":true,"href":"https:\/\/odszkodowani.pl\/index.php\/wp-json\/wp\/v2\/categories?post=6587"},{"taxonomy":"post_tag","embeddable":true,"href":"https:\/\/odszkodowani.pl\/index.php\/wp-json\/wp\/v2\/tags?post=6587"}],"curies":[{"name":"wp","href":"https:\/\/api.w.org\/{rel}","templated":true}]}}