{"id":6205,"date":"2024-08-15T14:58:00","date_gmt":"2024-08-15T12:58:00","guid":{"rendered":"http:\/\/odszkodowani.pl\/?p=6205"},"modified":"2025-09-08T13:23:18","modified_gmt":"2025-09-08T11:23:18","slug":"o-uroczystej-defiladzie","status":"publish","type":"post","link":"https:\/\/odszkodowani.pl\/index.php\/2024\/08\/15\/o-uroczystej-defiladzie\/","title":{"rendered":"O uroczystej defiladzie"},"content":{"rendered":"\n<p>prof. Wies\u0142aw Wysocki w programie Tadeusza P\u0142u\u017ca\u0144skiego &#8220;W centrum wydarze\u0144&#8221;<\/p>\n\n\n\n<figure class=\"wp-block-embed is-type-video is-provider-youtube wp-block-embed-youtube wp-embed-aspect-16-9 wp-has-aspect-ratio\"><div class=\"wp-block-embed__wrapper\">\n<iframe loading=\"lazy\" title=\"\u015aWI\u0118TO WOJSKA POLSKIEGO. UROCZYSTA DEFILADA: prof. Wies\u0142aw Wysocki | #WCentrumWydarze\u0144 (15.08.2024)\" width=\"640\" height=\"360\" src=\"https:\/\/www.youtube.com\/embed\/iPhqn420aRk?feature=oembed\" frameborder=\"0\" allow=\"accelerometer; autoplay; clipboard-write; encrypted-media; gyroscope; picture-in-picture; web-share\" referrerpolicy=\"strict-origin-when-cross-origin\" allowfullscreen><\/iframe>\n<\/div><\/figure>\n","protected":false},"excerpt":{"rendered":"<p>prof. Wies\u0142aw Wysocki w programie Tadeusza P\u0142u\u017ca\u0144skiego &#8220;W centrum wydarze\u0144&#8221;<\/p>\n","protected":false},"author":2,"featured_media":0,"comment_status":"open","ping_status":"open","sticky":false,"template":"","format":"standard","meta":{"_monsterinsights_skip_tracking":false,"_monsterinsights_sitenote_active":false,"_monsterinsights_sitenote_note":"","_monsterinsights_sitenote_category":0},"categories":[133],"tags":[150,154,468,324,135],"_links":{"self":[{"href":"https:\/\/odszkodowani.pl\/index.php\/wp-json\/wp\/v2\/posts\/6205"}],"collection":[{"href":"https:\/\/odszkodowani.pl\/index.php\/wp-json\/wp\/v2\/posts"}],"about":[{"href":"https:\/\/odszkodowani.pl\/index.php\/wp-json\/wp\/v2\/types\/post"}],"author":[{"embeddable":true,"href":"https:\/\/odszkodowani.pl\/index.php\/wp-json\/wp\/v2\/users\/2"}],"replies":[{"embeddable":true,"href":"https:\/\/odszkodowani.pl\/index.php\/wp-json\/wp\/v2\/comments?post=6205"}],"version-history":[{"count":1,"href":"https:\/\/odszkodowani.pl\/index.php\/wp-json\/wp\/v2\/posts\/6205\/revisions"}],"predecessor-version":[{"id":6206,"href":"https:\/\/odszkodowani.pl\/index.php\/wp-json\/wp\/v2\/posts\/6205\/revisions\/6206"}],"wp:attachment":[{"href":"https:\/\/odszkodowani.pl\/index.php\/wp-json\/wp\/v2\/media?parent=6205"}],"wp:term":[{"taxonomy":"category","embeddable":true,"href":"https:\/\/odszkodowani.pl\/index.php\/wp-json\/wp\/v2\/categories?post=6205"},{"taxonomy":"post_tag","embeddable":true,"href":"https:\/\/odszkodowani.pl\/index.php\/wp-json\/wp\/v2\/tags?post=6205"}],"curies":[{"name":"wp","href":"https:\/\/api.w.org\/{rel}","templated":true}]}}