{"id":6054,"date":"2024-07-11T11:36:00","date_gmt":"2024-07-11T09:36:00","guid":{"rendered":"http:\/\/odszkodowani.pl\/?p=6054"},"modified":"2024-08-29T11:44:07","modified_gmt":"2024-08-29T09:44:07","slug":"podpisz-petycje-przywroc-bohaterow-na-wystawe-w-muzeum-ii-wojny-swiatowej","status":"publish","type":"post","link":"https:\/\/odszkodowani.pl\/index.php\/2024\/07\/11\/podpisz-petycje-przywroc-bohaterow-na-wystawe-w-muzeum-ii-wojny-swiatowej\/","title":{"rendered":"Podpisz petycj\u0119 Przywr\u00f3\u0107 bohater\u00f3w na wystaw\u0119 w Muzeum II Wojny \u015awiatowej"},"content":{"rendered":"\n<h2 class=\"wp-block-heading\">W ostatnim czasie Muzeum II Wojny \u015awiatowej w Gda\u0144sku sta\u0142o si\u0119 aren\u0105 nieoczekiwanej zmiany, kt\u00f3ra wywo\u0142a\u0142a znacz\u0105ce kontrowersje oraz rozczarowanie w\u015br\u00f3d Polak\u00f3w ceni\u0105cych prawd\u0119 historyczn\u0105 i pami\u0119\u0107 o bohaterach narodowych. Chodzi o usuni\u0119cie z g\u0142\u00f3wnej wystawy postaci tak istotnych jak rotmistrz Witold Pilecki, \u015bwi\u0119ty Maksymilian Kolbe oraz rodzina Ulm\u00f3w. Te postacie s\u0105 symbolem heroizmu i po\u015bwi\u0119cenia, kt\u00f3re ukszta\u0142towa\u0142y nasz\u0105 histori\u0119 i warto\u015bci.<\/h2>\n\n\n\n<p>za wbijamszpile.pl<\/p>\n\n\n\n<figure class=\"wp-block-image size-full\"><img decoding=\"async\" loading=\"lazy\" width=\"1600\" height=\"900\" src=\"http:\/\/odszkodowani.pl\/wp-content\/uploads\/2024\/08\/Podpisz-petycje.webp\" alt=\"\" class=\"wp-image-6058\"\/><\/figure>\n\n\n\n<!--more-->\n\n\n\n<p>W odpowiedzi na te dzia\u0142ania, portal wbijamszpile.pl zainicjowa\u0142 petycj\u0119, domagaj\u0105c si\u0119 natychmiastowego przywr\u00f3cenia tych bohater\u00f3w na sta\u0142\u0105 ekspozycj\u0119 muzealn\u0105. Petycja ta, skierowana do Dyrekcji Muzeum II Wojny \u015awiatowej, Prezesa Rady Ministr\u00f3w, oraz Ministerstwa Kultury i Dziedzictwa Narodowego, jest dost\u0119pna online i ka\u017cdy z nas mo\u017ce wyrazi\u0107 sw\u00f3j sprzeciw oraz poparcie dla tej sprawy.<\/p>\n\n\n\n<h2 class=\"wp-block-heading\">Dlaczego Warto Podpisa\u0107 Petycj\u0119?<\/h2>\n\n\n\n<ol><li>Przywr\u00f3cenie tych postaci na wystaw\u0119 to kwestia utrzymania integralno\u015bci naszej pami\u0119ci narodowej i edukacyjnej. To tak\u017ce spos\u00f3b, by przysz\u0142e pokolenia mog\u0142y czerpa\u0107 wiedz\u0119 i inspiracj\u0119 z prawdziwych, niezafa\u0142szowanych fakt\u00f3w historycznych.<\/li><li>Podpisuj\u0105c petycj\u0119, wyra\u017camy niezgod\u0119 na arbitralne i niekonsultowane zmiany w muzeach, kt\u00f3re powinny s\u0142u\u017cy\u0107 prawdzie i obiektywizmowi, a nie politycznym interesom.<\/li><li>Poprzez nasze zaanga\u017cowanie mo\u017cemy zach\u0119ci\u0107 instytucje do prowadzenia szerokich konsultacji spo\u0142ecznych w wa\u017cnych kwestiach dotycz\u0105cych narodowej pami\u0119ci.<\/li><\/ol>\n\n\n\n<h2 class=\"wp-block-heading\">Jak mo\u017cesz pom\u00f3c?!<\/h2>\n\n\n\n<p>Petycja jest dost\u0119pna online i ka\u017cdy, kto czuje, \u017ce warto stan\u0105\u0107 w obronie naszej wsp\u00f3lnej historii, mo\u017ce j\u0105 podpisa\u0107. Wystarczy wej\u015b\u0107 na stron\u0119 [link do petycji poni\u017cej], zapozna\u0107 si\u0119 z tre\u015bci\u0105 i doda\u0107 sw\u00f3j g\u0142os. Proces ten zajmuje tylko kilka minut, ale jego skutki mog\u0105 by\u0107 trwa\u0142e i znacz\u0105ce.<\/p>\n\n\n\n<p><strong>Podpisz petycj\u0119 ju\u017c dzi\u015b!<\/strong>&nbsp;Nie pozw\u00f3lmy, aby postacie, kt\u00f3re zdefiniowa\u0142y nasz\u0105 histori\u0119, zosta\u0142y zapomniane lub przekszta\u0142cone przez wsp\u00f3\u0142czesne narracje. To nasza wsp\u00f3lna odpowiedzialno\u015b\u0107, by pami\u0119\u0107 o tych, kt\u00f3rzy walczyli za nasz\u0105 wolno\u015b\u0107 i godno\u015b\u0107, by\u0142a piel\u0119gnowana i szanowana.<\/p>\n\n\n\n<p>W\u0142\u0105cz si\u0119 do spo\u0142eczno\u015bci, kt\u00f3ra wierzy w si\u0142\u0119 prawdy i pami\u0119ci.&nbsp;<strong>Ka\u017cdy podpis ma znaczenie, a Twoje zaanga\u017cowanie jest kluczowe.<\/strong>&nbsp;Dziel si\u0119 informacj\u0105 o petycji w swojej spo\u0142eczno\u015bci, na portalach spo\u0142eczno\u015bciowych i w rozmowach. Razem mo\u017cemy uczyni\u0107 r\u00f3\u017cnic\u0119.<\/p>\n\n\n\n<p><strong>Niech nasza historia trwa, niech nasza pami\u0119\u0107 nie zginie!<\/strong><\/p>\n\n\n\n<p><a href=\"https:\/\/www.petycjeonline.com\/petycja_o_przywrocenie_postaci_rotmistrza_witolda_pileckiego_witego_maksymiliana_kolbego_oraz_rodziny_ulmow_na_sta_wystaw_muzeum_ii_wojny_wiatowej_w_gdasku\">https:\/\/www.petycjeonline.com\/petycja_o_przywrocenie_postaci_rotmistrza_witolda_pileckiego_witego_maksymiliana_kolbego_oraz_rodziny_ulmow_na_sta_wystaw_muzeum_ii_wojny_wiatowej_w_gdasku<\/a><\/p>\n\n\n\n<h2 class=\"wp-block-heading\">Rotmistrz Witold Pilecki<\/h2>\n\n\n\n<p>Witold Pilecki by\u0142 oficerem Wojska Polskiego, kt\u00f3ry dobrowolnie pozwoli\u0142 si\u0119 aresztowa\u0107 i deportowa\u0107 do Auschwitz, aby zorganizowa\u0107 ruch oporu wewn\u0105trz obozu i dostarcza\u0107 informacje aliantom o holokau\u015bcie. Po wojnie, walczy\u0142 w powstaniu warszawskim, a nast\u0119pnie przeciwko komunistycznemu re\u017cimowi w Polsce. Zosta\u0142 aresztowany, torturowany i stracony przez komunistyczne w\u0142adze w 1948 roku. Jego heroizm i po\u015bwi\u0119cenie zosta\u0142y docenione dopiero po upadku komunizmu w Polsce.<\/p>\n\n\n\n<figure class=\"wp-block-image size-full\"><img decoding=\"async\" loading=\"lazy\" width=\"621\" height=\"934\" src=\"http:\/\/odszkodowani.pl\/wp-content\/uploads\/2024\/08\/Pilecki.jpg\" alt=\"\" class=\"wp-image-6055\" srcset=\"https:\/\/odszkodowani.pl\/wp-content\/uploads\/2024\/08\/Pilecki.jpg 621w, https:\/\/odszkodowani.pl\/wp-content\/uploads\/2024\/08\/Pilecki-199x300.jpg 199w\" sizes=\"(max-width: 621px) 100vw, 621px\" \/><figcaption>rtm. Witold Pilecki<\/figcaption><\/figure>\n\n\n\n<h2 class=\"wp-block-heading\">\u015awi\u0119ty Maksymilian Kolbe<\/h2>\n\n\n\n<p>Maksymilian Kolbe by\u0142 polskim franciszkaninem, kt\u00f3ry podczas II wojny \u015bwiatowej znalaz\u0142 si\u0119 w Auschwitz za swoj\u0105 dzia\u0142alno\u015b\u0107 przeciwko nazistowskim Niemcom. Znany z ogromnego po\u015bwi\u0119cenia, zaoferowa\u0142 swoje \u017cycie w zamian za \u017cycie innego wi\u0119\u017ania, kt\u00f3ry zosta\u0142 wybrany do \u015bmierci przez g\u0142odzenie. Kolbe zmar\u0142 po kilku tygodniach w straszliwych warunkach, a jego akt altruizmu pozostaje symbolem chrze\u015bcija\u0144skiej mi\u0142o\u015bci i po\u015bwi\u0119cenia.<\/p>\n\n\n\n<figure class=\"wp-block-image\"><img decoding=\"async\" src=\"https:\/\/wbijamszpile.pl\/wp-content\/uploads\/2024\/06\/image-30.png\" alt=\"\" class=\"wp-image-3968\"\/><figcaption>\u015awi\u0119ty Maksymilian Kolbe<\/figcaption><\/figure>\n\n\n\n<h2 class=\"wp-block-heading\">Rodzina Ulm\u00f3w<\/h2>\n\n\n\n<p>Rodzina Ulm\u00f3w to polska rodzina ch\u0142opska z Markowej, kt\u00f3ra podczas wojny ukrywa\u0142a \u017byd\u00f3w przed niemieckimi okupantami. W marcu 1944 roku, ca\u0142a rodzina, w tym rodzice J\u00f3zef i Wiktoria oraz ich sze\u015bcioro dzieci, zosta\u0142a zamordowana przez niemieckich \u017candarm\u00f3w po tym, jak ich dzia\u0142alno\u015b\u0107 zosta\u0142a ujawniona. Ulmowie stali si\u0119 jednym z najbardziej znanych przyk\u0142ad\u00f3w Polak\u00f3w ryzykuj\u0105cych \u017cycie, aby ratowa\u0107 \u017byd\u00f3w podczas Holocaustu.<\/p>\n\n\n\n<figure class=\"wp-block-image\"><img decoding=\"async\" src=\"https:\/\/wbijamszpile.pl\/wp-content\/uploads\/2024\/06\/image-31.png\" alt=\"\" class=\"wp-image-3969\"\/><figcaption>\u015awi\u0119ta rodzina Ulm\u00f3w<\/figcaption><\/figure>\n","protected":false},"excerpt":{"rendered":"<p>W ostatnim czasie Muzeum II Wojny \u015awiatowej w Gda\u0144sku sta\u0142o si\u0119 aren\u0105 nieoczekiwanej zmiany, kt\u00f3ra wywo\u0142a\u0142a znacz\u0105ce kontrowersje oraz rozczarowanie w\u015br\u00f3d Polak\u00f3w ceni\u0105cych prawd\u0119 historyczn\u0105 i pami\u0119\u0107 o bohaterach narodowych. Chodzi o usuni\u0119cie z g\u0142\u00f3wnej wystawy postaci tak istotnych jak rotmistrz Witold Pilecki, \u015bwi\u0119ty Maksymilian Kolbe oraz rodzina Ulm\u00f3w. Te postacie s\u0105 symbolem heroizmu i [&hellip;]<\/p>\n","protected":false},"author":1,"featured_media":0,"comment_status":"open","ping_status":"open","sticky":false,"template":"","format":"standard","meta":{"_monsterinsights_skip_tracking":false,"_monsterinsights_sitenote_active":false,"_monsterinsights_sitenote_note":"","_monsterinsights_sitenote_category":0},"categories":[65],"tags":[172,437,434,438,436,408],"_links":{"self":[{"href":"https:\/\/odszkodowani.pl\/index.php\/wp-json\/wp\/v2\/posts\/6054"}],"collection":[{"href":"https:\/\/odszkodowani.pl\/index.php\/wp-json\/wp\/v2\/posts"}],"about":[{"href":"https:\/\/odszkodowani.pl\/index.php\/wp-json\/wp\/v2\/types\/post"}],"author":[{"embeddable":true,"href":"https:\/\/odszkodowani.pl\/index.php\/wp-json\/wp\/v2\/users\/1"}],"replies":[{"embeddable":true,"href":"https:\/\/odszkodowani.pl\/index.php\/wp-json\/wp\/v2\/comments?post=6054"}],"version-history":[{"count":2,"href":"https:\/\/odszkodowani.pl\/index.php\/wp-json\/wp\/v2\/posts\/6054\/revisions"}],"predecessor-version":[{"id":6059,"href":"https:\/\/odszkodowani.pl\/index.php\/wp-json\/wp\/v2\/posts\/6054\/revisions\/6059"}],"wp:attachment":[{"href":"https:\/\/odszkodowani.pl\/index.php\/wp-json\/wp\/v2\/media?parent=6054"}],"wp:term":[{"taxonomy":"category","embeddable":true,"href":"https:\/\/odszkodowani.pl\/index.php\/wp-json\/wp\/v2\/categories?post=6054"},{"taxonomy":"post_tag","embeddable":true,"href":"https:\/\/odszkodowani.pl\/index.php\/wp-json\/wp\/v2\/tags?post=6054"}],"curies":[{"name":"wp","href":"https:\/\/api.w.org\/{rel}","templated":true}]}}