{"id":6050,"date":"2024-07-11T11:27:00","date_gmt":"2024-07-11T09:27:00","guid":{"rendered":"http:\/\/odszkodowani.pl\/?p=6050"},"modified":"2024-08-29T11:35:51","modified_gmt":"2024-08-29T09:35:51","slug":"boni-holland-engelking-popieraja-dzialania-prof-wnuka-w-miiws","status":"publish","type":"post","link":"https:\/\/odszkodowani.pl\/index.php\/2024\/07\/11\/boni-holland-engelking-popieraja-dzialania-prof-wnuka-w-miiws\/","title":{"rendered":"Boni, Holland, Engelking popieraj\u0105 dzia\u0142ania prof. Wnuka w MIIW\u015a"},"content":{"rendered":"\n<p>za portalem wbijamszpile.pl<\/p>\n\n\n\n<figure class=\"wp-block-image size-full\"><img decoding=\"async\" loading=\"lazy\" width=\"1270\" height=\"711\" src=\"http:\/\/odszkodowani.pl\/wp-content\/uploads\/2024\/08\/MuzeumIIWS.webp\" alt=\"\" class=\"wp-image-6051\"\/><\/figure>\n\n\n\n<h2 class=\"wp-block-heading\">Skandaliczny list poparcia dla dzia\u0142a\u0144 nowego dyrektora prof. Rafa\u0142a Wnuka w Muzeum II Wojny \u015awiatowej w Gda\u0144sku. Podpisa\u0142y go znane postacie, w tym wiele os\u00f3b zwi\u0105zanych ze \u015brodowiskami \u017cydowskimi. Przypomnijmy, \u017ce nowy dyrektor usun\u0105\u0142 z wystawy takie postacie jak rotm. Witold Pilecki, rodzina Ulm\u00f3w, ks. Maksymilian Kolbe.<\/h2>\n\n\n\n<!--more-->\n\n\n\n<p>2 kwietnia 2024 r. prof. Rafa\u0142 Wnuk obj\u0105\u0142 stanowisko dyrektora&nbsp;<a href=\"https:\/\/wbijamszpile.pl\/boni-holland-engelking-popieraja-dzialania-prof-wnuka-w-miiws\/?fbclid=IwY2xjawE9HlJleHRuA2FlbQIxMQABHeu-sP-BaO6mccnkRfB4FV26k0xTU4CLgno1ytPcGPhE1fpgyUF1r7TdRA_aem_aNAGvNXs8D7BxGOy79R4dw#\">&nbsp;Muzeum II Wojny \u015awiatowej w Gda\u0144sku<\/a>. Jednym z jego pierwszych krok\u00f3w by\u0142o zmiana wystawy sta\u0142ej zaproponowanej przez poprzedniego dyrektora, Karola Nowackiego. Wprowadzane zmiany spotka\u0142y si\u0119 z powa\u017cnym oporem spo\u0142ecznym. Krytykowano za usuni\u0119cie niekt\u00f3rych element\u00f3w, takich jak materia\u0142y dotycz\u0105ce o. Maksymiliana Marii Kolbego czy rodziny Ulm\u00f3w.<\/p>\n\n\n\n<h3 class=\"wp-block-heading\">Kontrowersje i reakcje<\/h3>\n\n\n\n<p>Decyzja Wnuka zosta\u0142a skrytykowana przez wicepremiera W\u0142adys\u0142awa Kosiniaka-Kamysza oraz innych polityk\u00f3w zwi\u0105zanych z obozem rz\u0105dz\u0105cym. Kontrowersje wok\u00f3\u0142 zmian skupi\u0142y si\u0119 na kwestiach ideologicznych oraz historycznych. W odpowiedzi na krytyk\u0119, 29 czerwca dyrekcja muzeum og\u0142osi\u0142a, \u017ce dostrzega potrzeb\u0119 uwzgl\u0119dnienia o. Kolbego i rodziny Ulm\u00f3w na wystawie sta\u0142ej i zapowiedzia\u0142a, \u017ce znajdzie dla nich odpowiednie miejsce.<\/p>\n\n\n\n<h3 class=\"wp-block-heading\">List otwarty<\/h3>\n\n\n\n<p>W kontek\u015bcie tych wydarze\u0144, grupa 163 naukowc\u00f3w, historyk\u00f3w i dzia\u0142aczy opublikowa\u0142a list otwarty, wyra\u017caj\u0105cy poparcie dla dzia\u0142a\u0144 prof. Wnuka i dr. Janusza Marszalca, maj\u0105cych na celu przywr\u00f3cenie wystawie jej pierwotnej formy, zaprojektowanej przez prof. Paw\u0142a Machcewicza. List podkre\u015bla, \u017ce zmiany nie maj\u0105 na celu wymazywania kogokolwiek z historii, lecz przywr\u00f3cenie sp\u00f3jno\u015bci narracji o polskim do\u015bwiadczeniu II wojny \u015bwiatowej.<\/p>\n\n\n\n<p><strong>Na li\u015bcie jest jest m.in. Micha\u0142 Boni.&nbsp;<\/strong>W 1992 znalaz\u0142 si\u0119 jako tajny wsp\u00f3\u0142pracownik S\u0142u\u017cby Bezpiecze\u0144stwa na li\u015bcie Macierewicza. Zaprzeczy\u0142 jakiejkolwiek wsp\u00f3\u0142pracy, a w jego obronie wyst\u0105pili Zbigniew Bujak, Zbigniew Janas i Henryk Wujec. W 2007 wyda\u0142 jednak publiczne o\u015bwiadczenie, podaj\u0105c, i\u017c w 1985 funkcjonariusze SB za pomoc\u0105 szanta\u017cu wymogli na nim podpisanie deklaracji wsp\u00f3\u0142pracy.<\/p>\n\n\n\n<h2 class=\"wp-block-heading\">Apel do rz\u0105du<\/h2>\n\n\n\n<p>Sygnatariusze listu wyra\u017caj\u0105 r\u00f3wnie\u017c sprzeciw wobec nagonki na tw\u00f3rc\u00f3w muzeum i jego obecne kierownictwo, kt\u00f3ra prowadzi do otrzymywania przez nich gr\u00f3\u017ab i spotykania si\u0119 z przejawami agresji. Wzywaj\u0105 lider\u00f3w rz\u0105dz\u0105cej koalicji do wycofania si\u0119 z poparcia dla tych atak\u00f3w i poszanowania autonomii historii, kultury i nauki.<\/p>\n\n\n\n<p><strong>Zobacz te\u017c:&nbsp;<a href=\"https:\/\/wbijamszpile.pl\/podpisz-petycje-przywroc-bohaterow-na-wystawe-w-muzeum-ii-wojny-swiatowej\/\">Podpisz Petycj\u0119! Przywr\u00f3\u0107 bohater\u00f3w na wystaw\u0119 w Muzeum II Wojny \u015awiatowej<\/a><\/strong><\/p>\n\n\n\n<p>O tre\u015bci pisma poinformowa\u0142 portal&nbsp;<a href=\"https:\/\/wiez.pl\/2024\/07\/01\/deklaracja-solidarnosci-z-tworcami-i-dyrekcja-muzeum-ii-wojny-swiatowej\/\">Wi\u0119\u017a.<\/a><\/p>\n\n\n\n<h2 class=\"wp-block-heading\">Tre\u015b\u0107 listu poparcia dla prof. Rafa\u0142a Wnuka<\/h2>\n\n\n\n<blockquote class=\"wp-block-quote\"><p>Wyra\u017camy poparcie dla podejmowanych przez obecn\u0105 dyrekcj\u0119&nbsp;<a href=\"https:\/\/wbijamszpile.pl\/boni-holland-engelking-popieraja-dzialania-prof-wnuka-w-miiws\/?fbclid=IwY2xjawE9HlJleHRuA2FlbQIxMQABHeu-sP-BaO6mccnkRfB4FV26k0xTU4CLgno1ytPcGPhE1fpgyUF1r7TdRA_aem_aNAGvNXs8D7BxGOy79R4dw#\">&nbsp;Muzeum II Wojny \u015awiatowej<\/a>&nbsp;(prof. Rafa\u0142a Wnuka i dr. Janusza Marszalca) dzia\u0142a\u0144 zmierzaj\u0105cych w kierunku przywr\u00f3cenia wystawie sta\u0142ej kszta\u0142tu, jaki mia\u0142a ona w momencie otwarcia plac\u00f3wki przez prof. Paw\u0142a Machcewicza, pomys\u0142odawc\u0119 i pierwszego dyrektora tej plac\u00f3wki, usuni\u0119tego ze stanowiska wkr\u00f3tce potem przez rz\u0105d Prawa i Sprawiedliwo\u015bci.<\/p><p>Przeprowadzane zmiany nie s\u0142u\u017c\u0105 usuwaniu kogokolwiek z kart historii. Przywracaj\u0105 one sp\u00f3jno\u015b\u0107 wystawie, kt\u00f3ra pokazuje specyfik\u0119 polskiego do\u015bwiadczenia z fenomenem Polskiego Pa\u0144stwa Podziemnego na czele, prezentuj\u0105c j\u0105 na tle por\u00f3wnawczym.<\/p><p>Wyra\u017camy stanowczy sprzeciw wobec prowadzonej przez zwi\u0105zanych z PiS polityk\u00f3w i dziennikarzy nagonki na tw\u00f3rc\u00f3w i obecne kierownictwo Muzeum. Na jej skutek otrzymuj\u0105 oni gro\u017aby oraz stykaj\u0105 si\u0119 z przejawami agresji.<\/p><p>Z \u017calem dostrzegamy, \u017ce cz\u0119\u015b\u0107 lider\u00f3w rz\u0105dz\u0105cej koalicji, kt\u00f3ra dosz\u0142a do w\u0142adzy na fali sprzeciwu wobec tendencji autorytarnych poprzednik\u00f3w, nie tylko nie stan\u0119\u0142a w obronie atakowanych badaczy, ale przyzna\u0142a racj\u0119 atakuj\u0105cym, poddaj\u0105c si\u0119 \u201epatriotycznemu\u201d szanta\u017cowi emocjonalnemu ze strony PiS. Apelujemy do nich o wycofanie si\u0119 z tego stanowiska i poszanowanie autonomii historii, kultury i nauki, kt\u00f3re zapowiadali przed wyborami.<\/p><\/blockquote>\n\n\n\n<ul><li>dr Magdalena Abraham-Diefenbach, Europejski Uniwersytet Viadrina, Frankfurt<\/li><li>prof. Natalia Aleksiun, University of Florida<\/li><li>prof. dr hab. Jolanta Ambrosewicz-Jacobs, Uniwersytet Jagiello\u0144ski<\/li><li>dr Aleksandra Arkusz, Uniwersytet Jagiello\u0144ski<\/li><li>dr Aleksandra Ba\u0144kowska, Instytut Historii PAN \/ Centrum Bada\u0144 nad Zag\u0142ad\u0105 \u017byd\u00f3w Instytutu Filozofii i Socjologii PAN<\/li><li>dr Alicja Bartu\u015b, O\u015bwi\u0119cimski Instytut Praw Cz\u0142owieka<\/li><li>dr Valentin Behr, Centre national de la recherche scientifique<\/li><li>prof. Michael Bernhard, University of Florida<\/li><li>dr \u0141ukasz Bertram, Instytut Studi\u00f3w Politycznych PAN<\/li><li>Bogdan Bia\u0142ek, prezes honorowy Stowarzyszenia im. Jana Karskiego, dzia\u0142acz opozycji demokratycznej w PRL<\/li><li>Krzysztof Bielawski, Uniwersytet Warszawski<\/li><li>Agata Bieli\u0144ska, filozofka<\/li><li>Anna Bikont, reporterka, dzia\u0142aczka opozycji demokratycznej w PRL<\/li><li>dr hab. Micha\u0142 Bilewicz, prof. Uniwersytetu Warszawskiego<\/li><li>Beata Bi\u0144ko, redaktorka<\/li><li>Seweryn Blumsztajn, dziennikarz, dzia\u0142acz opozycji demokratycznej w PRL<\/li><li>dr Bart\u0142omiej B\u0142esznowski, Uniwersytet Warszawski<\/li><li>dr Micha\u0142 Boni, polityk, dzia\u0142acz opozycji demokratycznej w czasach PRL<\/li><li>Krystyna Bratkowska, wydawczyni i redaktorka, dzia\u0142aczka opozycji demokratycznej w PRL<\/li><li>dr hab. Pawe\u0142 Bukowiec, prof. Uniwersytetu Jagiello\u0144skiego<\/li><li>Krzysztof Burnetko, dziennikarz, dzia\u0142acz opozycji demokratycznej w PRL<\/li><li>dr Helena Chmielewska-Szlajfer, Akademia Leona Ko\u017ami\u0144skiego \/ London School of Economics and Political Science<\/li><li>dr Jakub Chmielewski, Pa\u0144stwowe Muzeum na Majdanku<\/li><li>dr Robert Chudzik, portal \u201eHistoria BEZ KITU\u201d<\/li><li>dr hab. Maria Ciesielska, historyczka medycyny<\/li><li>prof. dr hab. Jacek Chrobaczy\u0144ski, historyk<\/li><li>dr Andrzej Czy\u017cewski, Instytut Studi\u00f3w Politycznych PAN<\/li><li>dr hab. Dobrochna Dabert, prof. Uniwersytetu Adama Mickiewicza<\/li><li>dr G\u00e1bor Danyi, European Network Remembrance and Solidarity<\/li><li>Tomasz Dostatni OP, publicysta<\/li><li>prof. dr hab. Barbara Engelking, Instytut Filozofii i Socjologii PAN<\/li><li>prof. dr hab. Tadeusz Epsztein, Instytut Historii PAN<\/li><li>dr Maria Ferenc, Uniwersytet Wroc\u0142awski \/ \u017bydowski Instytut Historyczny<\/li><li>dr Agata Fijuth-Dudek, Uniwersytet Marii Curie-Sk\u0142odowskiej<\/li><li>dr hab. Miros\u0142aw Filipowicz, prof. Katolickiego Uniwersytetu Lubelskiego<\/li><li>prof. dr hab. Andrzej Friszke, Instytut Studi\u00f3w Politycznych PAN<\/li><li>dr Tomasz Frydel, United States Holocaust Memorial Museum (USHMM)<\/li><li>Cezary Gawry\u015b, publicysta, b. redaktor naczelny miesi\u0119cznika \u201eWi\u0119\u017a\u201d<\/li><li>Konstanty Gebert, publicysta, dzia\u0142acz opozycji demokratycznej w PRL<\/li><li>dr hab. Maciej G\u00f3recki, prof. Uniwersytetu Warszawskiego<\/li><li>prof. Jan T. Gross, Princeton University (emeritus)<\/li><li>prof. Agnieszka Grudzi\u0144ska, Universit\u00e9 Paris Sorbonne<\/li><li>dr hab. Irena Grudzi\u0144ska-Gross, Instytut Slawistyki PAN<\/li><li>prof. dr hab. Janusz Grzelak, Uniwersytet Warszawski (emeritus), dzia\u0142acz opozycji demokratycznej w PRL<\/li><li>Prof. dr J\u00f6rg Hackmann, Uniwersytet Szczeci\u0144ski<\/li><li>dr Krzysztof Hagemejer, prof. Hochschule Bonn-Rhein-Sieg \/ wyk\u0142adowca Collegium Civitas<\/li><li>Jerzy Halbersztadt, ICOM Polska, tw\u00f3rca i b. dyrektor Muzeum Historii \u017byd\u00f3w Polskich<\/li><li>dr Agnieszka Haska, Centrum Bada\u0144 nad Zag\u0142ad\u0105 \u017byd\u00f3w Instytutu Filozofii i Socjologii PAN<\/li><li>dr Christhardt Henschel, Niemiecki Instytut Historyczny w Warszawie<\/li><li>Agnieszka Holland, scenarzystka i re\u017cyserka<\/li><li>Agnieszka Jaczy\u0144ska, I Spo\u0142eczne Liceum Og\u00f3lnokszta\u0142c\u0105ce im. Unii Europejskiej w Zamo\u015bciu<\/li><li>Andrzej S. Jagodzi\u0144ski, t\u0142umacz literacki, dzia\u0142acz opozycji demokratycznej w PRL<\/li><li>dr hab. Natalia Jarska, Instytut Historii PAN<\/li><li>dr Marcin Jarz\u0105bek, Uniwersytet Jagiello\u0144ski<\/li><li>prof. Krzysztof Jasiewicz, Washington and Lee University<\/li><li>dr Tom Junes, Instytut Studi\u00f3w Politycznych PAN<\/li><li>Andrzej Kaczy\u0144ski, dziennikarz, dzia\u0142acz opozycji demokratycznej w PRL<\/li><li>dr hab. Jerzy Kandziora, prof. IBL PAN (emeritus), dzia\u0142acz opozycji demokratycznej w PRL.<\/li><li>dr Audrey Kichelewski, Strasbourg University<\/li><li>dr hab. Barbara Klich-Kluczewska, prof. Uniwersytetu Jagiello\u0144skiego.<\/li><li>prof. dr hab. Jerzy Kochanowski, Uniwersytet Warszawski<\/li><li>dr Piotr H. Kosicki, prof. University of Maryland<\/li><li>Marek Kossakowski, dzia\u0142acz opozycji demokratycznej w PRL<\/li><li>Monika Koszy\u0144ska, Muzeum Historii \u017byd\u00f3w Polskich Polin<\/li><li>prof. dr hab. Agnieszka Ko\u015bcia\u0144ska, Uniwersytet Warszawski<\/li><li>dr hab. Justyna Kowalska-Leder, Uniwersytet Warszawski<\/li><li>Micha\u0142 Kowalski, Uniwersytet Wroc\u0142awski<\/li><li>dr Magdalena Koz\u0142owska, Uniwersytet Warszawski<\/li><li>Prof. dr Claudia Kraft, Uniwersytet Wiede\u0144ski<\/li><li>prof. dr hab. Stanis\u0142aw Krajewski, Uniwersytet Warszawski, dzia\u0142acz opozycji demokratycznej w PRL<\/li><li>dr Bart\u0142omiej Krzysztan, Instytut Studi\u00f3w Politycznych PAN<\/li><li>dr \u0141ukasz Krzy\u017canowski, Uniwersytet Warszawski<\/li><li>prof. dr hab. Marcin Kula, Uniwersytet Warszawski (emeritus), cz\u0142onek-korespondent PAU<\/li><li>Ewa Kulik-Bieli\u0144ska, dzia\u0142aczka opozycji demokratycznej w PRL i Solidarno\u015bci<\/li><li>Waldemar Kum\u00f3r, dziennikarz<\/li><li>Tomasz Kuncewicz, dyrektor Muzeum \u017bydowskiego w O\u015bwi\u0119cimiu Oszpicin<\/li><li>dr hab. Iwona Kurz, prof. Uniwersytetu Warszawskiego<\/li><li>dr hab. Micha\u0142 Kurzej, Uniwersytet Jagiello\u0144ski<\/li><li>Katarzyna Kwiatkowska-Moskalewicz, Uniwersytet Adama Mickiewicza.<\/li><li>prof. dr hab. Anna Landau-Czajka, Instytut Historii PAN<\/li><li>dr hab Adam Leszczy\u0144ski, prof. Uniwersytetu SWPS, po dyrektora Instytutu Narutowicza<\/li><li>dr hab. Andrzej Leder, prof. Instytutu Filozofii i Socjologii PAN<\/li><li>dr hab. Dariusz Libionka, prof. Instytutu Filozofii i Socjologii PAN<\/li><li>Agnieszka Lipska-Onyszkiewicz, dzia\u0142aczka opozycji demokratycznej w PRL<\/li><li>prof. dr hab. Tadeusz Lubelski, Uniwersytet Jagiello\u0144ski<\/li><li>dr Jerzy \u0141azor, Szko\u0142a G\u0142\u00f3wna Handlowa<\/li><li>dr Maciej \u0141uczak, Instytut Studi\u00f3w Politycznych PAN<\/li><li>Helena \u0141uczywo, dziennikarka, dzia\u0142aczka opozycji demokratycznej w PRL.<\/li><li>Ma\u0142gorzata \u0141ukasiewicz, t\u0142umaczka literatury, dzia\u0142aczka opozycji demokratycznej w PRL<\/li><li>dr Justyna Majewska, \u017bydowski Instytut Historyczny \/ Centrum Bada\u0144 nad Zag\u0142ad\u0105 \u017byd\u00f3w Instytutu Filozofii i Socjologii PAN<\/li><li>dr hab. Mariusz Mazur, prof. Uniwersytetu Marii Curie-Sk\u0142odowskiej.<\/li><li>dr hab. Magdalena Miko\u0142ajczyk, Uniwersytet Wroc\u0142awski<\/li><li>Wiktor J. Mikusi\u0144ski, Stowarzyszenie Wolnego S\u0142owa \/ Komitet Obrony Demokracji Mazowsze, dzia\u0142acz opozycji demokratycznej w PRL<\/li><li>dr hab. Marcin Moskalewicz, prof. Uniwersytetu Marii Curie-Sk\u0142odowskiej, Uniwersytet w Heidelbergu<\/li><li>dr Anna Muller, University of Michigan \u2013 Dearborn<\/li><li>dr Izabela Mrzyg\u0142\u00f3d, Instytut Slawistyki PAN<\/li><li>dr Jakub Muchowski, Uniwersytet Jagiello\u0144ski<\/li><li>dr hab. Joanna Nalewajko-Kulikov, prof. Instytutu Historii PAN<\/li><li>dr Zden\u011bk Neb\u0159ensk\u00fd, Centrum pro studium popul\u00e1rn\u00ed kultury (Praga)<\/li><li>dr Thuc Linh Nguyem Vu, Uniwersytet Wiede\u0144ski<\/li><li>prof. dr hab. Jakub Nied\u017awied\u017a, Uniwersytet Jagiello\u0144ski<\/li><li>dr Jan Olaszek, Instytut Studi\u00f3w Politycznych PAN<\/li><li>Wojciech Onyszkiewicz, dzia\u0142acz opozycji demokratycznej w PRL<\/li><li>dr hab. Dorota Optu\u0142owicz-Mc Quaid, prof. Akademii Sztuk Pi\u0119knych w Warszawie<\/li><li>dr hab. Piotr Os\u0119ka, prof. Instytutu Studi\u00f3w Politycznych PAN<\/li><li>dr Joanna Ostrowska, historyczka.<\/li><li>dr Jaros\u0142aw Pa\u0142ka, Dom Spotka\u0144 z Histori\u0105<\/li><li>dr Micha\u0142 Paziewski, historyk, dzia\u0142acz opozycji demokratycznej w PRL<\/li><li>prof. Neal Pease, University of Wisconsin\/Milwaukee<\/li><li>dr Krzysztof Persak, Instytut Studi\u00f3w Politycznych PAN<\/li><li>Jakub Petelewicz, Centrum Bada\u0144 nad Zag\u0142ad\u0105 \u017byd\u00f3w Instytutu Filozofii i Socjologii PAN<\/li><li>dr Florian Peters, Uniwersytet Friedricha Schillera w Jenie<\/li><li>dr Monika Piotrowska-Marchewa, Uniwersytet Wroc\u0142awski<\/li><li>prof. Dieter Pohl, Universit\u00e4t Klagenfurt<\/li><li>dr S\u0142awomir Poleszak, Instytut Studi\u00f3w Politycznych PAN, portal \u201eHistoria BEZ KITU\u201d<\/li><li>prof. dr hab. Krzysztof Pomian, CNRS w Paryzu i Uniwersytet Miko\u0142aja Kopernika w Toruniu (emeritus).<\/li><li>Milena Przybysz-Gralewska, historyczka.<\/li><li>dr Agnieszka Pufelska, Institut f\u00fcr Kultur und Geschichte der Deutschen in Nordosteuropa e. V.<\/li><li>dr hab. Adam Pu\u0142awski, O\u015brodek Brama Grodzka-Teatr NN w Lublinie<\/li><li>dr Marek Radziwon, Uniwersytet Warszawski<\/li><li>dr Katarzyna Rembacka, Szczecin<\/li><li>dr Roman Romantsov \u2013 O\u015brodek Brama Grodzka Teatr NN w Lublinie<\/li><li>dr Markus Roth, Fritz Bauer Institut (Frankfurt\/Main).<\/li><li>Agnieszka Rudzi\u0144ska, wiceprezes IPN w l. 2011-2016<\/li><li>prof. dr hab. Andrzej Rychard, dyrektor Instytutu Filozofii i Socjologii PAN<\/li><li>dr Piotr Sadzik, literaturoznawca.<\/li><li>prof. dr hab. Magdalena Saryusz-Wolska, dyrektorka Niemieckiego Instytutu Historycznego w Warszawie<\/li><li>Paula Sawicka, Otwarta Rzeczpospolita. Stowarzyszenie przeciw antysemityzmowi i ksenofobii, dzia\u0142aczka opozycji demokratycznej w PRL.<\/li><li>Pawe\u0142 Sawicki, Fundacja \u201ePami\u0119\u0107 Treblinki\u201d<\/li><li>Anna Seidel, Humboldt-Universit\u00e4t (Berlin) \/ dyrektorka MUSMIG \u2013 Museum der Migration (Wiedie\u0144)<\/li><li>dr Magdalena Semczyszyn, Instytutu Studi\u00f3w Politycznych PAN<\/li><li>dr Pawe\u0142 S\u0119kowski, Uniwersytet Jagiello\u0144ski<\/li><li>dr hab. Katarzyna Sierakowska, prof. Instytutu Historii PAN<\/li><li>dr Micha\u0142 Siermi\u0144ski, Instytut Historii Nauki PAN<\/li><li>dr Tomasz Siewierski, Instytut Historii Nauki PAN<\/li><li>dr Adam Sitarek, Uniwersytet \u0141\u00f3dzki<\/li><li>Alina Skibi\u0144ska, Centrum Bada\u0144 nad Zag\u0142ad\u0105 \u017byd\u00f3w Instytutu Filozofii i Socjologii PAN<\/li><li>dr hab. Jan Sk\u00f3rzy\u0144ski, prof. Collegium Civitas, dzia\u0142acz opozycji demokratycznej w PRL.<\/li><li>dr hab. Radoslaw Skrycki, prof. Uniwersytetu Szczeci\u0144skiego.<\/li><li>Maciej Sobieraj, historyk, dzia\u0142acz opozycji demokratycznej w PRL<\/li><li>dr Nadia Sola-Sa\u0142amacha, historyczka<\/li><li>dr hab. Maksymilian Pawe\u0142 Stanulewicz, prof. Uniwersytetu Adama Mickiewicza<\/li><li>prof. dr hab. Rafa\u0142 Stobiecki, Uniwersytet \u0141\u00f3dzki<\/li><li>prof. dr hab. Dariusz Stola, Instytut Studi\u00f3w Politycznych PAN.<\/li><li>dr hab. Dorota Sula, historyk<\/li><li>Dagmara Swa\u0142tek-Niewi\u0144ska, Centrum Bada\u0144 nad Zag\u0142ad\u0105 \u017byd\u00f3w Instytutu Filozofii i Socjologii PAN<\/li><li>Jaros\u0142aw J. Szczepa\u0144ski, publicysta, dzia\u0142acz opozycji demokratycznej w PRL<\/li><li>dr Karolina Szymaniak, \u017bydowski Instytut Historyczny \/ Uniwersytet Wroc\u0142awski<\/li><li>Zuzanna Swiatowy, Technische Universit\u00e4t Braunschweig<\/li><li>Ewa Tele\u017cy\u0144ska-Sawicka, Fundacja \u201ePami\u0119\u0107 Treblinki\u201d<\/li><li>Barbara Toru\u0144czyk, dzia\u0142aczka opozycji demokratycznej w PRL<\/li><li>prof. dr hab. Robert Traba, Instytut Studi\u00f3w Politycznych PAN<\/li><li>dr Micha\u0142 Tr\u0119bacz, \u017bydowski Instytut Historyczny<\/li><li>dr Zofia Tr\u0119bacz, \u017bydowski Instytut Historyczny<\/li><li>prof. dr hab. Micha\u0142 Tymowski, Uniwersytet Warszawski (emeritus)<\/li><li>Joanna Urbanek, historyczka<\/li><li>dr hab. Joanna Wawrzyniak, prof. Uniwersytetu Warszawskiego<\/li><li>dr hab. Marek W\u0119cowski, prof. Uniwersytetu Warszawskiego.<\/li><li>dr Ewa Wiatr, Uniwersytet \u0141\u00f3dzki<\/li><li>dr Agnieszka Wierzcholska, Fundacja Pomnik Pomordowanych \u017byd\u00f3w Europy, Berlin<\/li><li>dr Arkadiusz Wi\u0119ch, Uniwersytet Jagiello\u0144ski<\/li><li>dr Micha\u0142 J. Wilczewski, Northwestern University<\/li><li>dr hab. Hubert Wilk, prof. Instytutu Historii PAN<\/li><li>Miko\u0142aj Wi\u015bniewski, Uniwersytet Warszawski<\/li><li>prof. dr hab. Marcin Wodzi\u0144ski, Uniwersytet Wroc\u0142awski.<\/li><li>Irena W\u00f3ycicka, Otwarta Rzeczpospolita. Stowarzyszenie przeciw antysemityzmowi i ksenofobii, dzia\u0142aczka opozycji demokratycznej w PRL<\/li><li>prof. Piotr Wr\u00f3bel, University of Toronto<\/li><\/ul>\n","protected":false},"excerpt":{"rendered":"<p>za portalem wbijamszpile.pl Skandaliczny list poparcia dla dzia\u0142a\u0144 nowego dyrektora prof. Rafa\u0142a Wnuka w Muzeum II Wojny \u015awiatowej w Gda\u0144sku. Podpisa\u0142y go znane postacie, w tym wiele os\u00f3b zwi\u0105zanych ze \u015brodowiskami \u017cydowskimi. Przypomnijmy, \u017ce nowy dyrektor usun\u0105\u0142 z wystawy takie postacie jak rotm. Witold Pilecki, rodzina Ulm\u00f3w, ks. Maksymilian Kolbe.<\/p>\n","protected":false},"author":1,"featured_media":0,"comment_status":"open","ping_status":"open","sticky":false,"template":"","format":"standard","meta":{"_monsterinsights_skip_tracking":false,"_monsterinsights_sitenote_active":false,"_monsterinsights_sitenote_note":"","_monsterinsights_sitenote_category":0},"categories":[65],"tags":[172,437,434,436,408],"_links":{"self":[{"href":"https:\/\/odszkodowani.pl\/index.php\/wp-json\/wp\/v2\/posts\/6050"}],"collection":[{"href":"https:\/\/odszkodowani.pl\/index.php\/wp-json\/wp\/v2\/posts"}],"about":[{"href":"https:\/\/odszkodowani.pl\/index.php\/wp-json\/wp\/v2\/types\/post"}],"author":[{"embeddable":true,"href":"https:\/\/odszkodowani.pl\/index.php\/wp-json\/wp\/v2\/users\/1"}],"replies":[{"embeddable":true,"href":"https:\/\/odszkodowani.pl\/index.php\/wp-json\/wp\/v2\/comments?post=6050"}],"version-history":[{"count":1,"href":"https:\/\/odszkodowani.pl\/index.php\/wp-json\/wp\/v2\/posts\/6050\/revisions"}],"predecessor-version":[{"id":6052,"href":"https:\/\/odszkodowani.pl\/index.php\/wp-json\/wp\/v2\/posts\/6050\/revisions\/6052"}],"wp:attachment":[{"href":"https:\/\/odszkodowani.pl\/index.php\/wp-json\/wp\/v2\/media?parent=6050"}],"wp:term":[{"taxonomy":"category","embeddable":true,"href":"https:\/\/odszkodowani.pl\/index.php\/wp-json\/wp\/v2\/categories?post=6050"},{"taxonomy":"post_tag","embeddable":true,"href":"https:\/\/odszkodowani.pl\/index.php\/wp-json\/wp\/v2\/tags?post=6050"}],"curies":[{"name":"wp","href":"https:\/\/api.w.org\/{rel}","templated":true}]}}