{"id":5789,"date":"2024-06-21T14:29:00","date_gmt":"2024-06-21T12:29:00","guid":{"rendered":"https:\/\/odszkodowani.pl\/?p=5789"},"modified":"2025-09-08T13:27:42","modified_gmt":"2025-09-08T11:27:42","slug":"widzenie-na-rakowieckiej-z-prof-wieslawem-janem-wysockim","status":"publish","type":"post","link":"https:\/\/odszkodowani.pl\/index.php\/2024\/06\/21\/widzenie-na-rakowieckiej-z-prof-wieslawem-janem-wysockim\/","title":{"rendered":"Widzenie na Rakowieckiej z prof. Wies\u0142awem Janem Wysockim"},"content":{"rendered":"\n<p>W by\u0142ym wi\u0119zieniu na Rakowieckiej w\u0142a\u015bnie rozpoczyna si\u0119 spotkanie z prof. Wies\u0142awem J. Wysocki o Rotmistrzu Witoldzie Pileckim. Profesor jest autorem pierwszej ksi\u0105\u017cki o Rotmistrzu i osob\u0105 kt\u00f3ra odnalaz\u0142a w dokumentach Auschwitz t\u0105 posta\u0107 i przywr\u00f3ci\u0142a j\u0105 spo\u0142ecze\u0144stwu<\/p>\n\n\n\n<figure class=\"wp-block-gallery has-nested-images columns-default is-cropped wp-block-gallery-1 is-layout-flex\">\n<figure class=\"wp-block-image size-large\"><img decoding=\"async\" loading=\"lazy\" width=\"768\" height=\"1024\" data-id=\"5790\"  src=\"https:\/\/odszkodowani.pl\/wp-content\/uploads\/2024\/07\/Widzenie-Wysocki3-768x1024.jpg\" alt=\"\" class=\"wp-image-5790\" srcset=\"https:\/\/odszkodowani.pl\/wp-content\/uploads\/2024\/07\/Widzenie-Wysocki3-768x1024.jpg 768w, https:\/\/odszkodowani.pl\/wp-content\/uploads\/2024\/07\/Widzenie-Wysocki3-225x300.jpg 225w, https:\/\/odszkodowani.pl\/wp-content\/uploads\/2024\/07\/Widzenie-Wysocki3-1152x1536.jpg 1152w, https:\/\/odszkodowani.pl\/wp-content\/uploads\/2024\/07\/Widzenie-Wysocki3.jpg 1536w\" sizes=\"(max-width: 768px) 100vw, 768px\" \/><\/figure>\n\n\n\n<figure class=\"wp-block-image size-large\"><img decoding=\"async\" loading=\"lazy\" width=\"768\" height=\"1024\" data-id=\"5791\"  src=\"https:\/\/odszkodowani.pl\/wp-content\/uploads\/2024\/07\/Widzenie-Wysocki2-768x1024.jpg\" alt=\"\" class=\"wp-image-5791\" srcset=\"https:\/\/odszkodowani.pl\/wp-content\/uploads\/2024\/07\/Widzenie-Wysocki2-768x1024.jpg 768w, https:\/\/odszkodowani.pl\/wp-content\/uploads\/2024\/07\/Widzenie-Wysocki2-225x300.jpg 225w, https:\/\/odszkodowani.pl\/wp-content\/uploads\/2024\/07\/Widzenie-Wysocki2-1152x1536.jpg 1152w, https:\/\/odszkodowani.pl\/wp-content\/uploads\/2024\/07\/Widzenie-Wysocki2.jpg 1536w\" sizes=\"(max-width: 768px) 100vw, 768px\" \/><\/figure>\n\n\n\n<figure class=\"wp-block-image size-large\"><img decoding=\"async\" loading=\"lazy\" width=\"768\" height=\"1024\" data-id=\"5792\"  src=\"https:\/\/odszkodowani.pl\/wp-content\/uploads\/2024\/07\/Widzenie-Wysocki1-768x1024.jpg\" alt=\"\" class=\"wp-image-5792\" srcset=\"https:\/\/odszkodowani.pl\/wp-content\/uploads\/2024\/07\/Widzenie-Wysocki1-768x1024.jpg 768w, https:\/\/odszkodowani.pl\/wp-content\/uploads\/2024\/07\/Widzenie-Wysocki1-225x300.jpg 225w, https:\/\/odszkodowani.pl\/wp-content\/uploads\/2024\/07\/Widzenie-Wysocki1-1152x1536.jpg 1152w, https:\/\/odszkodowani.pl\/wp-content\/uploads\/2024\/07\/Widzenie-Wysocki1.jpg 1536w\" sizes=\"(max-width: 768px) 100vw, 768px\" \/><\/figure>\n<figcaption class=\"blocks-gallery-caption wp-element-caption\">prof. Wies\u0142aw Jan Wysocki na Rakowieckiej z Tadeuszem P\u0142u\u017ca\u0144skim<\/figcaption><\/figure>\n\n\n\n<p>Poni\u017cej nagranie spotkania<\/p>\n\n\n\n<iframe loading=\"lazy\" width=\"560\" height=\"315\" src=\"https:\/\/www.youtube.com\/embed\/mIsUpLdHLss?si=yqOyQWZEU3uvOrPa\" title=\"YouTube video player\" frameborder=\"0\" allow=\"accelerometer; autoplay; clipboard-write; encrypted-media; gyroscope; picture-in-picture; web-share\" referrerpolicy=\"strict-origin-when-cross-origin\" allowfullscreen><\/iframe>\n\n\n\n<p><\/p>\n","protected":false},"excerpt":{"rendered":"<p>W by\u0142ym wi\u0119zieniu na Rakowieckiej w\u0142a\u015bnie rozpoczyna si\u0119 spotkanie z prof. Wies\u0142awem J. Wysocki o Rotmistrzu Witoldzie Pileckim. Profesor jest autorem pierwszej ksi\u0105\u017cki o Rotmistrzu i osob\u0105 kt\u00f3ra odnalaz\u0142a w dokumentach Auschwitz t\u0105 posta\u0107 i przywr\u00f3ci\u0142a j\u0105 spo\u0142ecze\u0144stwu Poni\u017cej nagranie spotkania<\/p>\n","protected":false},"author":2,"featured_media":0,"comment_status":"open","ping_status":"open","sticky":false,"template":"","format":"standard","meta":{"_monsterinsights_skip_tracking":false,"_monsterinsights_sitenote_active":false,"_monsterinsights_sitenote_note":"","_monsterinsights_sitenote_category":0},"categories":[149,133],"tags":[150,154,324,376,408,135],"_links":{"self":[{"href":"https:\/\/odszkodowani.pl\/index.php\/wp-json\/wp\/v2\/posts\/5789"}],"collection":[{"href":"https:\/\/odszkodowani.pl\/index.php\/wp-json\/wp\/v2\/posts"}],"about":[{"href":"https:\/\/odszkodowani.pl\/index.php\/wp-json\/wp\/v2\/types\/post"}],"author":[{"embeddable":true,"href":"https:\/\/odszkodowani.pl\/index.php\/wp-json\/wp\/v2\/users\/2"}],"replies":[{"embeddable":true,"href":"https:\/\/odszkodowani.pl\/index.php\/wp-json\/wp\/v2\/comments?post=5789"}],"version-history":[{"count":2,"href":"https:\/\/odszkodowani.pl\/index.php\/wp-json\/wp\/v2\/posts\/5789\/revisions"}],"predecessor-version":[{"id":7830,"href":"https:\/\/odszkodowani.pl\/index.php\/wp-json\/wp\/v2\/posts\/5789\/revisions\/7830"}],"wp:attachment":[{"href":"https:\/\/odszkodowani.pl\/index.php\/wp-json\/wp\/v2\/media?parent=5789"}],"wp:term":[{"taxonomy":"category","embeddable":true,"href":"https:\/\/odszkodowani.pl\/index.php\/wp-json\/wp\/v2\/categories?post=5789"},{"taxonomy":"post_tag","embeddable":true,"href":"https:\/\/odszkodowani.pl\/index.php\/wp-json\/wp\/v2\/tags?post=5789"}],"curies":[{"name":"wp","href":"https:\/\/api.w.org\/{rel}","templated":true}]}}