{"id":5627,"date":"2023-12-14T22:27:10","date_gmt":"2023-12-14T21:27:10","guid":{"rendered":"http:\/\/odszkodowani.pl\/?p=5627"},"modified":"2023-12-14T22:29:31","modified_gmt":"2023-12-14T21:29:31","slug":"zlot-formacji-niepodleglosciowej-2","status":"publish","type":"post","link":"https:\/\/odszkodowani.pl\/index.php\/2023\/12\/14\/zlot-formacji-niepodleglosciowej-2\/","title":{"rendered":"Zlot Formacji Niepodleg\u0142o\u015bciowej"},"content":{"rendered":"\n<p>Odby\u0142 si\u0119 Zlot Formacji Niepodleg\u0142o\u015bciowej. Dzi\u0119kuje wszystkim, kt\u00f3rzy znale\u017ali czas aby uczestniczy\u0107 w tym niezwykle wa\u017cnym wydarzeniu.Podczas uroczysto\u015bci wr\u0119czyli\u015bmy Krzy\u017ce S\u0142u\u017cby Niepodleg\u0142o\u015bci:Odznaczone zosta\u0142y:Stowarzyszenie &#8220;Niez\u0142omni&#8221;, Towarzystwo Gimnastyczne&#8221;Sok\u00f3\u0142&#8221; w Warszawie im. gen. J\u00f3zefa Hallera<br><\/p>\n\n\n\n<figure class=\"wp-block-image size-large\"><img decoding=\"async\" loading=\"lazy\" width=\"1024\" height=\"682\" src=\"http:\/\/odszkodowani.pl\/wp-content\/uploads\/2023\/12\/AA9FA275-1626-4808-A971-ABC4D2BE72D6-1024x682.jpeg\" alt=\"\" class=\"wp-image-5631\" srcset=\"https:\/\/odszkodowani.pl\/wp-content\/uploads\/2023\/12\/AA9FA275-1626-4808-A971-ABC4D2BE72D6-1024x682.jpeg 1024w, https:\/\/odszkodowani.pl\/wp-content\/uploads\/2023\/12\/AA9FA275-1626-4808-A971-ABC4D2BE72D6-300x200.jpeg 300w, https:\/\/odszkodowani.pl\/wp-content\/uploads\/2023\/12\/AA9FA275-1626-4808-A971-ABC4D2BE72D6-768x511.jpeg 768w, https:\/\/odszkodowani.pl\/wp-content\/uploads\/2023\/12\/AA9FA275-1626-4808-A971-ABC4D2BE72D6-1536x1022.jpeg 1536w, https:\/\/odszkodowani.pl\/wp-content\/uploads\/2023\/12\/AA9FA275-1626-4808-A971-ABC4D2BE72D6.jpeg 2048w\" sizes=\"(max-width: 1024px) 100vw, 1024px\" \/><\/figure>\n\n\n\n<p>oraz<\/p>\n\n\n\n<p>bp prof. Micha\u0142owi Janosze,<\/p>\n\n\n\n<p>prof. dr hab. Wojciechowi Roszkowski<\/p>\n\n\n\n<p>Andrzejowi Rosiewiczowi<\/p>\n\n\n\n<p>Barbarze Dobrzy\u0144skiej<\/p>\n\n\n\n<p>Iwonie Krupi\u0144skiej<\/p>\n\n\n\n<!--more-->\n\n\n\n<p>Nast\u0119pnie nast\u0105pi\u0142 kulminacyjny moment gdy przeczytali\u015bmy i podpisali\u015bmy protest przeciwko wszelkim pomys\u0142om przywracania przywilej\u00f3w emerytalnych funkcjonariuszom UB. i SB. Protest przeczyta\u0142&nbsp;Tadeusz Dudkiewicz pod protestem jako pierwsi podpisali si\u0119 wi\u0119\u017aniowie w tym wi\u0119\u017aniowie Rakowieckiej:<\/p>\n\n\n\n<p><br>Tadeusz Sta\u0144ski &#8211; wi\u0119zie\u0144 polityczny &#8211; Rakowiecka&nbsp;(KPN, PPN)<\/p>\n\n\n\n<p>Adam Borowski &#8211; wi\u0119zie\u0144 polityczny &#8211;&nbsp;Rakowiecka (SW, podziemny ruch wydawniczy)<\/p>\n\n\n\n<p>Ewa Tomaszewska- wi\u0119zie\u0144 polityczny &#8211; Rakowiecka <\/p>\n\n\n\n<p>Stanis\u0142aw Sakwa &#8211; wi\u0119zie\u0144 polityczny &#8211; Zag\u0142\u0119bie Miedziowe<\/p>\n\n\n\n<p>Jacek Paw\u0142owicz &#8211; wi\u0119zie\u0144 polityczny &#8211; Rakowiecka<\/p>\n\n\n\n<p>Tadeusz Dudkiewicz &#8211; wi\u0119zie\u0144 polityczny<\/p>\n\n\n\n<p>El\u017cbieta Kr\u00f3likowska-Avis &#8211; wi\u0119zie\u0144 Rakowieckiej&nbsp;(Ruch)<\/p>\n\n\n\n<p>\u0141ukasz Ossowski &#8211; wi\u0119zie\u0144 polityczny &#8211; Rakowieck\u0105 (SW)<\/p>\n\n\n\n<p><br>Marek G\u0142owacki (grupy oporu Solidarni)<\/p>\n\n\n\n<p>Jerzy Koz\u0142owski<\/p>\n\n\n\n<p>Waldemar Szwedowski &#8211; (NSZZRI)<\/p>\n\n\n\n<p>Wojciech Podg\u00f3rzak &#8211; (SW)<\/p>\n\n\n\n<p>Jaros\u0142aw Ry\u015b (SW)<\/p>\n\n\n\n<p><br>Kolejni obecni podpisywali si\u0119 na listach poparcia w\u015br\u00f3d nich:<\/p>\n\n\n\n<p>Agnieszka Chodakiewicz &#8211; NSZZ &#8220;Solidarno\u015b\u0107&#8221;Gra\u017cyna Rudnik &#8211; \u015aZ\u017bAK Ko\u0142o Krajowe OpocznikWitold Chodakiewicz NSZZ &#8220;Solidarno\u015b\u0107&#8221; odz. Krzy\u017cem Oficerskim, Polonia Restituta, Krzy\u017cem S\u0142u\u017cby NIepodleg\u0142o\u015bciEdward Koleja &#8211; &nbsp;Solidarno\u015b\u0107 WiejskaSabina Jaczy\u0144ska &#8211; NSZZ &#8220;Solidarno\u015b\u0107&#8221;, pomoc internowanym i uwi\u0119zionym, emerytowana nauczycielkaJan Tabor &#8211; Przewodnicz\u0105cy Komitetu Strajkowego na kopalni &#8220;Rudna&#8221;, cz\u0142onek SWZofia Barbara Wilk &#8211; Radom czerwiec&#8217;76, wi\u0119zie\u0144 Groch\u00f3wJan Gaca &#8211; aresztowany, zwolniony z pracyJan Wojciechowski &#8211; NSZZ &#8220;Solidarno\u015b\u0107&#8221;, MRKSprof.&nbsp;Pawe\u0142 Bromski &#8211; NSZZ &#8220;Solidarno\u015b\u0107&#8221;prof. Wies\u0142aw Jan Wysocki &#8211; KPN, Prezes Komitetu Obywatelskiego &#8220;S&#8221;bp prof. Micha\u0142 Janocha &#8211; Dwukrotnie aresztowany za udzia\u0142 w demonstracjaCH prof.UWBarbara Dobrzy\u0144sk\u0105 &#8211; NSZZ &#8220;Solidarno\u015b\u0107&#8221; Komisja Obrony Kultury Narodowejprof. Wojciech Roszkowski &#8211; NSZZ &#8220;Solidarno\u015b\u0107 SOKAndrzej RosiewiczRobert Kowalewski &#8211; G.O. SolidarniJanusz Je\u017cewski &#8211; SW Solidarno\u015b\u0107Jadwiga Je\u017cewska &#8211; SW Solidarno\u015b\u0107Stanis\u0142aw Roma\u0144czuk &#8211; Stronnictwo PracyRyszard \u0141ozi\u0144ski &#8211; Stow. Niez\u0142omniJan Winnik &#8211; z ukrycia organizowa\u0142 podziemia&nbsp;we Wroc\u0142awiu, \u015acigany listem go\u0144czym 2 lata 7 miesi\u0119cy, Izabela Za\u0142\u0119ska &#8211; PPN, Solidarno\u015b\u0107 Nauczycielska<\/p>\n\n\n\n<p><br>Zach\u0119camy wszystkie Pa\u0144stwa do rozes\u0142ania Apelu protestu i zbierania pod nim podpis\u00f3w wszystkich, kt\u00f3rzy jako porz\u0105dni ludzi nie mog\u0105 zgodzi\u0107 si\u0119 na t\u0105 jawn\u0105 niesprawiedliwo\u015b\u0107.<\/p>\n\n\n\n<p><br>Mo\u017cna podpisa\u0107 tak\u017ce petycj\u0119 elektronicznie:<br><a href=\"https:\/\/www.petycjeonline.com\/nie_dla_przywrocenia_nieuzasadnionych_przywilejow_funkcjonariuszom?fbclid=IwAR0935ETApCeWQgj8N249vrRlSKclfbJWdoLgQXi6Pa-_u70jkdCnhW4IIo\" target=\"_blank\" rel=\"noreferrer noopener\">https:\/\/www.petycjeonline.com\/nie_dla_przywrocenia_nieuzasadnionych_przywilejow_funkcjonariuszom<\/a><br><\/p>\n\n\n\n<p>Do\u0142\u0105czam tre\u015b\u0107 protestu, oraz listy poparcia<\/p>\n\n\n\n<p><br><\/p>\n\n\n\n<div class=\"wp-block-file\"><object class=\"wp-block-file__embed\" data=\"http:\/\/odszkodowani.pl\/wp-content\/uploads\/2023\/12\/Protest.pdf\" type=\"application\/pdf\" style=\"width:100%;height:600px\" aria-label=\"Osadzone z Osadzone z Protest..\"><\/object><a href=\"http:\/\/odszkodowani.pl\/wp-content\/uploads\/2023\/12\/Protest.pdf\">Protest<\/a><a href=\"http:\/\/odszkodowani.pl\/wp-content\/uploads\/2023\/12\/Protest.pdf\" class=\"wp-block-file__button\" download>Pobierz<\/a><\/div>\n\n\n\n<div class=\"wp-block-file\"><a href=\"http:\/\/odszkodowani.pl\/wp-content\/uploads\/2023\/12\/Lista-poparcia-protestu.docx\">Lista-poparcia-protestu<\/a><a href=\"http:\/\/odszkodowani.pl\/wp-content\/uploads\/2023\/12\/Lista-poparcia-protestu.docx\" class=\"wp-block-file__button\" download>Pobierz<\/a><\/div>\n","protected":false},"excerpt":{"rendered":"<p>Odby\u0142 si\u0119 Zlot Formacji Niepodleg\u0142o\u015bciowej. Dzi\u0119kuje wszystkim, kt\u00f3rzy znale\u017ali czas aby uczestniczy\u0107 w tym niezwykle wa\u017cnym wydarzeniu.Podczas uroczysto\u015bci wr\u0119czyli\u015bmy Krzy\u017ce S\u0142u\u017cby Niepodleg\u0142o\u015bci:Odznaczone zosta\u0142y:Stowarzyszenie &#8220;Niez\u0142omni&#8221;, Towarzystwo Gimnastyczne&#8221;Sok\u00f3\u0142&#8221; w Warszawie im. gen. J\u00f3zefa Hallera oraz bp prof. Micha\u0142owi Janosze, prof. dr hab. Wojciechowi Roszkowski Andrzejowi Rosiewiczowi Barbarze Dobrzy\u0144skiej Iwonie Krupi\u0144skiej<\/p>\n","protected":false},"author":1,"featured_media":0,"comment_status":"open","ping_status":"open","sticky":false,"template":"","format":"standard","meta":{"_monsterinsights_skip_tracking":false,"_monsterinsights_sitenote_active":false,"_monsterinsights_sitenote_note":"","_monsterinsights_sitenote_category":0},"categories":[191,275,20],"tags":[232,222,394,85,393],"_links":{"self":[{"href":"https:\/\/odszkodowani.pl\/index.php\/wp-json\/wp\/v2\/posts\/5627"}],"collection":[{"href":"https:\/\/odszkodowani.pl\/index.php\/wp-json\/wp\/v2\/posts"}],"about":[{"href":"https:\/\/odszkodowani.pl\/index.php\/wp-json\/wp\/v2\/types\/post"}],"author":[{"embeddable":true,"href":"https:\/\/odszkodowani.pl\/index.php\/wp-json\/wp\/v2\/users\/1"}],"replies":[{"embeddable":true,"href":"https:\/\/odszkodowani.pl\/index.php\/wp-json\/wp\/v2\/comments?post=5627"}],"version-history":[{"count":3,"href":"https:\/\/odszkodowani.pl\/index.php\/wp-json\/wp\/v2\/posts\/5627\/revisions"}],"predecessor-version":[{"id":5634,"href":"https:\/\/odszkodowani.pl\/index.php\/wp-json\/wp\/v2\/posts\/5627\/revisions\/5634"}],"wp:attachment":[{"href":"https:\/\/odszkodowani.pl\/index.php\/wp-json\/wp\/v2\/media?parent=5627"}],"wp:term":[{"taxonomy":"category","embeddable":true,"href":"https:\/\/odszkodowani.pl\/index.php\/wp-json\/wp\/v2\/categories?post=5627"},{"taxonomy":"post_tag","embeddable":true,"href":"https:\/\/odszkodowani.pl\/index.php\/wp-json\/wp\/v2\/tags?post=5627"}],"curies":[{"name":"wp","href":"https:\/\/api.w.org\/{rel}","templated":true}]}}