{"id":5605,"date":"2023-06-21T07:12:50","date_gmt":"2023-06-21T05:12:50","guid":{"rendered":"http:\/\/odszkodowani.pl\/?p=5605"},"modified":"2023-06-21T07:15:32","modified_gmt":"2023-06-21T05:15:32","slug":"anna-przekupien-nikodem-dama-krzyza-sluzby-niepodleglosci","status":"publish","type":"post","link":"https:\/\/odszkodowani.pl\/index.php\/2023\/06\/21\/anna-przekupien-nikodem-dama-krzyza-sluzby-niepodleglosci\/","title":{"rendered":"Anna Przekupie\u0144-Nikodem Dam\u0105 Krzy\u017ca S\u0142u\u017cby Niepodleg\u0142o\u015bci"},"content":{"rendered":"\n<p>W niedziel\u0119 18 czerwca 2023 roku Anna Przekupie\u0144 z domu Nikodem zosta\u0142a uhonorowana Krzy\u017cem S\u0142u\u017cby Niepodleg\u0142o\u015bci. <\/p>\n\n\n\n<p>Anna Przekupie\u0144 z domu Nikodem<\/p>\n\n\n\n<p><\/p>\n\n\n\n<p>rozpocz\u0119\u0142a sw\u0105 dzia\u0142alno\u015b\u0107 publiczn\u0105 latem 1980 r. poprzez za\u0142o\u017cenie w swoim zak\u0142adzie pracy NSZZ\u201dSolidarno\u015b\u0107\u201d ( Wojew\u00f3dzki Zwi\u0105zek Sp\u00f3\u0142dziel\u0144 Mieszkaniowych w Katowicach) . Po wprowadzeniu stanu wojennego pierwsze zebranie konspiracyjne ( w zmniejszonym sk\u0142adzie )odby\u0142o si\u0119 ju\u017c 14 XII 81 w mieszkaniu Walentyny Nikodem , kt\u00f3re to mieszkanie sta\u0142o si\u0119 p\u00f3\u017aniej punktem kontaktowym dla kolporta\u017cu .<\/p>\n\n\n\n<p>22 XII. 81 zosta\u0142a skazana przez Kolegium d\/s Wykrocze\u0144 w Bytomiu za zrywanie Og\u0142osze\u0144 o Stanie Wojennym .<\/p>\n\n\n\n<p>W styczniu 82 r. w Chorzowie , w swoim mieszkaniu wraz z Danut\u0105 Skorenko za\u0142o\u017cy\u0142a. Mi\u0119dzyzak\u0142adowa Komisj\u0119 Koordynacyjn\u0105 NSZZ\u201dS\u201d Regionu. \u015al\u0105sko-D\u0105browskiego . Grupa rozszerzy\u0142a si\u0119 o przedstawicieli innych zak\u0142ad\u00f3w pracy ( ZUS , kopalnie, Huta Baildon) ..<\/p>\n\n\n\n<p>W jej mieszkaniu w Chorzowie koncentrowa\u0142a si\u0119 ca\u0142a dzia\u0142alno\u015b\u0107 MKK. Odbywa\u0142 si\u0119 druk periodyku \u201eKu Wolnej Polsce\u201d .oraz rozdzia\u0142 wydawnictw sprowadzanych z innych region\u00f3w Polski. Ze wzgl\u0119d\u00f3w bezpiecze\u0144stwa po roku powielacz ( druk) przeniesiono w inne miejsce<\/p>\n\n\n\n<p>W na 3 maja i w sierpniu 82 r. wraz z ca\u0142ym MKK organizowa\u0142a manifestacj\u0119 sierpniow\u0105.<\/p>\n\n\n\n<p>W sierpniu 83 r. przygotowywa\u0142a ( wraz z przedstawicielami innych grup m.in. z Jadzi\u0105 Chmielowsk\u0105 z SW ) manifestacj\u0119 w Katowicach 31 VIII 83 .<\/p>\n\n\n\n<p>Pod koniec 83 r nast\u0105pi\u0142a gdy nast\u0105pi\u0142a fala aresztowa\u0144 zwi\u0105zanych z amnestycyjnymi \u201eujawnianiami\u201d 10 listopada aresztowano Adama Nikodema, 2 XII 83 r. aresztowano Ann\u0119 Nikodem i zatrzymano jej matk\u0119 Walentyn\u0119 Nikodem. .<\/p>\n\n\n\n<p>W \u201e kotle \u201d urz\u0105dzonym w mieszkaniu Anny Nikodem tego dnia aresztowano jeszcze innych cz\u0142onk\u00f3w MKK ( m.in. Jerzego Przekupnia ) . W ci\u0105gu kolejnego tygodnia zatrzymano jeszcze par\u0119 przypadkowych i nieprzypadkowych os\u00f3b .<\/p>\n\n\n\n<p>Ann\u0119 przetrzymywano w WUSW w Katowicach. W celi nie by\u0142o \u0142\u00f3\u017cka. Spa\u0142a na pod\u0142odze. Przez 3 tygodnie m\u0119czono wi\u0119zion\u0105 brakiem nocnego gaszenia \u015bwiat\u0142a . B\u0119d\u0105c w Areszcie w Katowicach zdecydowanie odmawia\u0142a zezna\u0144, a nawet wychodzenia z celi na wezwanie \u015bledczego, co skutkowa\u0142o seri\u0105 kar \u201etwardego \u0142o\u017ca&#8221;, odbieraniem widze\u0144, wypisek i spacer\u00f3w . Na wiosn\u0119 84 r. przewieziono ja do Wi\u0119zienia dla kobiet w Lubli\u0144cu .<\/p>\n\n\n\n<p>Na mocy amnestii zwolniono z wi\u0119zienia 31 VII 84 r.. Powr\u00f3ci\u0142a do dzia\u0142alno\u015bci jawnej . 31 sierpnia 1984 r. zatrzymana na 48 h na WUSW w Krakowie po Mszy za Ojczyzn\u0119 w Mistrzejowicach . Podczas rozpraw s\u0105dowych i posiedze\u0144 Kolegi\u00f3w ds. Wykrocze\u0144 uczestniczy\u0142a jako \u201e publiczno\u015b\u0107&#8221; aby wspiera\u0107 s\u0105dzone osoby.<\/p>\n\n\n\n<p>Serdecznie gratulujemy!<\/p>\n","protected":false},"excerpt":{"rendered":"<p>W niedziel\u0119 18 czerwca 2023 roku Anna Przekupie\u0144 z domu Nikodem zosta\u0142a uhonorowana Krzy\u017cem S\u0142u\u017cby Niepodleg\u0142o\u015bci. Anna Przekupie\u0144 z domu Nikodem rozpocz\u0119\u0142a sw\u0105 dzia\u0142alno\u015b\u0107 publiczn\u0105 latem 1980 r. poprzez za\u0142o\u017cenie w swoim zak\u0142adzie pracy NSZZ\u201dSolidarno\u015b\u0107\u201d ( Wojew\u00f3dzki Zwi\u0105zek Sp\u00f3\u0142dziel\u0144 Mieszkaniowych w Katowicach) . Po wprowadzeniu stanu wojennego pierwsze zebranie konspiracyjne ( w zmniejszonym sk\u0142adzie )odby\u0142o [&hellip;]<\/p>\n","protected":false},"author":2,"featured_media":0,"comment_status":"open","ping_status":"open","sticky":false,"template":"","format":"standard","meta":{"_monsterinsights_skip_tracking":false,"_monsterinsights_sitenote_active":false,"_monsterinsights_sitenote_note":"","_monsterinsights_sitenote_category":0},"categories":[65,275],"tags":[388,382,389,222],"_links":{"self":[{"href":"https:\/\/odszkodowani.pl\/index.php\/wp-json\/wp\/v2\/posts\/5605"}],"collection":[{"href":"https:\/\/odszkodowani.pl\/index.php\/wp-json\/wp\/v2\/posts"}],"about":[{"href":"https:\/\/odszkodowani.pl\/index.php\/wp-json\/wp\/v2\/types\/post"}],"author":[{"embeddable":true,"href":"https:\/\/odszkodowani.pl\/index.php\/wp-json\/wp\/v2\/users\/2"}],"replies":[{"embeddable":true,"href":"https:\/\/odszkodowani.pl\/index.php\/wp-json\/wp\/v2\/comments?post=5605"}],"version-history":[{"count":2,"href":"https:\/\/odszkodowani.pl\/index.php\/wp-json\/wp\/v2\/posts\/5605\/revisions"}],"predecessor-version":[{"id":5607,"href":"https:\/\/odszkodowani.pl\/index.php\/wp-json\/wp\/v2\/posts\/5605\/revisions\/5607"}],"wp:attachment":[{"href":"https:\/\/odszkodowani.pl\/index.php\/wp-json\/wp\/v2\/media?parent=5605"}],"wp:term":[{"taxonomy":"category","embeddable":true,"href":"https:\/\/odszkodowani.pl\/index.php\/wp-json\/wp\/v2\/categories?post=5605"},{"taxonomy":"post_tag","embeddable":true,"href":"https:\/\/odszkodowani.pl\/index.php\/wp-json\/wp\/v2\/tags?post=5605"}],"curies":[{"name":"wp","href":"https:\/\/api.w.org\/{rel}","templated":true}]}}