{"id":5349,"date":"2023-01-07T10:52:00","date_gmt":"2023-01-07T09:52:00","guid":{"rendered":"http:\/\/odszkodowani.pl\/?p=5349"},"modified":"2023-01-13T11:00:20","modified_gmt":"2023-01-13T10:00:20","slug":"wspomnienie-o-witoldzie-zaleskim","status":"publish","type":"post","link":"https:\/\/odszkodowani.pl\/index.php\/2023\/01\/07\/wspomnienie-o-witoldzie-zaleskim\/","title":{"rendered":"Wspomnienie o Witoldzie Za\u0142\u0119skim"},"content":{"rendered":"\n<figure class=\"wp-block-image size-full\"><img decoding=\"async\" loading=\"lazy\" width=\"352\" height=\"346\" src=\"http:\/\/odszkodowani.pl\/wp-content\/uploads\/2023\/01\/WitoldZaleski.jpg\" alt=\"\" class=\"wp-image-5350\" srcset=\"https:\/\/odszkodowani.pl\/wp-content\/uploads\/2023\/01\/WitoldZaleski.jpg 352w, https:\/\/odszkodowani.pl\/wp-content\/uploads\/2023\/01\/WitoldZaleski-300x295.jpg 300w\" sizes=\"(max-width: 352px) 100vw, 352px\" \/><\/figure>\n\n\n\n<p>Odszed\u0142 na wieczn\u0105 wart\u0119, do lepszego \u015bwiata wieczorem w \u015awi\u0119to Trzech Kr\u00f3li 6 stycznia 2023r. <\/p>\n\n\n\n<!--more-->\n\n\n\n<p>Witold Za\u0142\u0119ski urodzi\u0142 si\u0119 27.02.1951 w Ostro\u0142\u0119ce. Pracowa\u0142 w Elektrowni Ostro\u0142\u0119ka, gdzie od 1980 roku aktywnie dzia\u0142a\u0142 w NSZZ \u201eSolidarno\u015b\u0107\u201d. Po wprowadzeniu stanu wojennego podj\u0105\u0142 nielegaln\u0105 dzia\u0142alno\u015b\u0107. W podziemnej \u201eSolidarno\u015bci Nauczycielskiej Regionu Ostro\u0142\u0119ka\u201d zajmuje si\u0119 organizacj\u0105, transportem, dostaw\u0105 papieru i farb dla potrzeb druku pism \u201eKOS\u201d i \u201eSolidarno\u015b\u0107 Mazowsze\u201d. Wzi\u0105\u0142 udzia\u0142 w skoordynowanej akcji plakatowania i ulotkowania. Tego samego dnia i tej samej godzinie akcj\u0119 podj\u0119to w czterech miastach: Przesmyczu, Makowie Mazowieckim, Ostro\u0142\u0119ce i R\u00f3\u017canie. Chc\u0105c pom\u00f3c represjonowanym w\u0142\u0105czy\u0142 si\u0119 w dzia\u0142ania przy ko\u015bciele \u015bw. Marcina w Warszawie przy ul. Piwnej. Poniewa\u017c w sklepach nie by\u0142o mi\u0119sa je\u017adzi\u0142 po wsiach i organizowa\u0142 rolnik\u00f3w, kt\u00f3rzy zgodzili si\u0119 dokona\u0107 nielegalnego uboju. Mi\u0119so transportowa\u0142 do Warszawy co by\u0142o bardzo niebezpieczne, poniewa\u017c nagminnie zatrzymywano samochody do kontroli i robiono w nich przeszukania. Wszystkie te dziania by\u0142y zakazane i zagro\u017cone kar\u0105 wi\u0119zienia. Wykonuje w klasztorze na Starym Mie\u015bcie w Warszawie matryce potrzebne do drukowania ulotek w podziemiu w Ostro\u0142\u0119ce i okolicach. Zaopatruje Ostro\u0142\u0119k\u0119 w pras\u0119 podziemn\u0105, znaczki pocztowe i ulotki. Bra\u0142 udzia\u0142 w spektakularnej akcji rozrzucania za pomoc\u0105 wyrzutnik\u00f3w ulotek z 12 pi\u0119trowych blok\u00f3w w centrum Ostro\u0142\u0119ki.W 1985 roku przeprowadza si\u0119 na sta\u0142e do Warszawy. Nawi\u0105zuje kontakt z Tadeuszem Sta\u0144skim i Romualdem Szeremietiewem za\u0142o\u017cycieli Polskiej Partii Niepodleg\u0142o\u015bciowej. Uczestniczy\u0142 w tajnych zebraniach zarz\u0105du okr\u0119gu Warszawa, w kolporta\u017cu prasy PPN-u takich jak \u201eSprawa\u201d czy \u201eHotel Lambert\u201d. Udziela\u0142 nocleg\u00f3w dla dzia\u0142aczy z innych region\u00f3w Polski. W latach osiemdziesi\u0105tych by\u0142 \u0142\u0105cznikiem Polskiej Partii Niepodleg\u0142o\u015bciowej (PPN) do Zachodnioberli\u0144skiego wydawnictwa \u201ePogl\u0105d\u201d. Do Berlina Zachodniego zawozi\u0142 materia\u0142y wydawane przez PPN, a z Berlina Zach. przywozi\u0142 ksi\u0105\u017cki i wydawnictwa emigracyjne. Przez ostatnie lata by\u0142 cz\u0142onkiem \u201eFundacji Walcz\u0105cym o Niepodleg\u0142o\u015b\u0107, Wykl\u0119tych, Pokrzywdzonych, Internowanych, Wi\u0119zionych\u201d. Odznaczony w 2019 roku Krzy\u017cem S\u0142u\u017cby Niepodleg\u0142o\u015bci oraz decyzj\u0105 Prezydenta RP w 2016 roku Krzy\u017cem Wolno\u015bci i Solidarno\u015bci. Odszed\u0142 na wieczn\u0105 wart\u0119, do lepszego \u015bwiata wieczorem w \u015awi\u0119to Trzech Kr\u00f3li 6 stycznia 2023r.Romuald Szeremietiew napisa\u0142:\u201ePrzyjaciel, z kt\u00f3rym przez wiele lat w najtrudniejszym czasie dzia\u0142ali\u015bmy dla Niepodleg\u0142ej. Skromny, rzetelny, uczynny, zawsze mo\u017cna by\u0142o na Niego liczy\u0107. Spoczywaj w pokoju Witku!<\/p>\n\n\n\n<p>\u201dB\u0119dzie nam bardzo brakowa\u0142o ciebie Witku, twojego taktownego towarzystwa, solidno\u015bci i prawo\u015bci. Pozostajemy w smutku wraz z twymi bliskim. Prosimy wszystkich o modlitw\u0119 i w imieniu rodziny zapraszamy do wzi\u0119cia udzia\u0142u we Mszy \u015bw. \u017ca\u0142obnej za dusz\u0119 \u015b.p. Witolda Za\u0142\u0119skiego, kt\u00f3ra odb\u0119dzie si\u0119 w dn. 16.01.2023r. o godz. 12:30 w ko\u015bciele \u015bw. Micha\u0142a Archanio\u0142a (Warszawa ul. Pu\u0142awska 95A) Odprowadzenie proch\u00f3w odb\u0119dzie si\u0119 na Cmentarzu Wojskowym (ul. Pow\u0105zkowska 43\/45, brama g\u0142\u00f3wna) o godz. 14:00<a href=\"https:\/\/www.facebook.com\/photo\/?fbid=176673981671666&amp;set=a.154752790530452&amp;__cft__[0]=AZU6EPbyfTcU6XcjyTII2jI5-bdFcIp1IRR8pHc017KklRX3lAGDNmoT4_VgDWL7Y3I0LJqgci_kxXT5H0-laU0zCftRYjK-nm3qX7Fu887FsEfLHPz0TcgaqUtoQGRuU7q32TZh6pCVAQYwgicclv5F4PpqN6k76I1Ox9ctXBkcYF66c_vP0zIAlzYF30eR5e0&amp;__tn__=EH-R\"><\/a>Wy\u015bwietl statystyki i reklamy<a href=\"https:\/\/www.facebook.com\/ad_center\/create\/boostpost\/?entry_point=www_profile_plus_timeline&amp;page_id=105417598288963&amp;target_id=176674088338322&amp;__cft__[0]=AZU6EPbyfTcU6XcjyTII2jI5-bdFcIp1IRR8pHc017KklRX3lAGDNmoT4_VgDWL7Y3I0LJqgci_kxXT5H0-laU0zCftRYjK-nm3qX7Fu887FsEfLHPz0TcgaqUtoQGRuU7q32TZh6pCVAQYwgicclv5F4PpqN6k76I1Ox9ctXBkcYF66c_vP0zIAlzYF30eR5e0&amp;__tn__=*W-R\">Promuj post<\/a><\/p>\n\n\n\n<figure class=\"wp-block-image\"><img decoding=\"async\" src=\"\" alt=\"\"\/><\/figure>\n\n\n\n<p>22<\/p>\n","protected":false},"excerpt":{"rendered":"<p>Odszed\u0142 na wieczn\u0105 wart\u0119, do lepszego \u015bwiata wieczorem w \u015awi\u0119to Trzech Kr\u00f3li 6 stycznia 2023r.<\/p>\n","protected":false},"author":2,"featured_media":0,"comment_status":"open","ping_status":"open","sticky":false,"template":"","format":"standard","meta":{"_monsterinsights_skip_tracking":false,"_monsterinsights_sitenote_active":false,"_monsterinsights_sitenote_note":"","_monsterinsights_sitenote_category":0},"categories":[99],"tags":[100,358,359],"_links":{"self":[{"href":"https:\/\/odszkodowani.pl\/index.php\/wp-json\/wp\/v2\/posts\/5349"}],"collection":[{"href":"https:\/\/odszkodowani.pl\/index.php\/wp-json\/wp\/v2\/posts"}],"about":[{"href":"https:\/\/odszkodowani.pl\/index.php\/wp-json\/wp\/v2\/types\/post"}],"author":[{"embeddable":true,"href":"https:\/\/odszkodowani.pl\/index.php\/wp-json\/wp\/v2\/users\/2"}],"replies":[{"embeddable":true,"href":"https:\/\/odszkodowani.pl\/index.php\/wp-json\/wp\/v2\/comments?post=5349"}],"version-history":[{"count":2,"href":"https:\/\/odszkodowani.pl\/index.php\/wp-json\/wp\/v2\/posts\/5349\/revisions"}],"predecessor-version":[{"id":5353,"href":"https:\/\/odszkodowani.pl\/index.php\/wp-json\/wp\/v2\/posts\/5349\/revisions\/5353"}],"wp:attachment":[{"href":"https:\/\/odszkodowani.pl\/index.php\/wp-json\/wp\/v2\/media?parent=5349"}],"wp:term":[{"taxonomy":"category","embeddable":true,"href":"https:\/\/odszkodowani.pl\/index.php\/wp-json\/wp\/v2\/categories?post=5349"},{"taxonomy":"post_tag","embeddable":true,"href":"https:\/\/odszkodowani.pl\/index.php\/wp-json\/wp\/v2\/tags?post=5349"}],"curies":[{"name":"wp","href":"https:\/\/api.w.org\/{rel}","templated":true}]}}