{"id":5304,"date":"2022-05-13T20:11:00","date_gmt":"2022-05-13T18:11:00","guid":{"rendered":"http:\/\/odszkodowani.pl\/?p=5304"},"modified":"2025-09-08T13:42:14","modified_gmt":"2025-09-08T11:42:14","slug":"slubowanie-pierwszych-klas-wojskowych","status":"publish","type":"post","link":"https:\/\/odszkodowani.pl\/index.php\/2022\/05\/13\/slubowanie-pierwszych-klas-wojskowych\/","title":{"rendered":"\u015alubowanie pierwszych klas wojskowych"},"content":{"rendered":"\n<p>Odby\u0142o si\u0119 \u015blubowanie pierwszych klas wojskowych CXXV LO im. Waldemara Milewicza w Warszawie. Cz\u0142onkowie naszej Fundacji z rado\u015bci\u0105 wzi\u0119li udzia\u0142 w tej uroczysto\u015bci. Milewicz to szko\u0142a, kt\u00f3ra zawsze bierze udzia\u0142 w organizowanych przez nas uroczysto\u015bciach i b\u0119d\u0105c \u015bwietnie wyszkolon\u0105 u\u015bwietnia opraw\u0119 naszych wydarze\u0144. Mo\u017cemy zawsze na tych m\u0142odych ludzi liczy\u0107. Dlatego z dum\u0105 patrzyli\u015bmy jak kolejne roczniki \u015blubuj\u0105 s\u0142u\u017cy\u0107 Polsce. Wierzymy, \u017ce stan\u0105 si\u0119 sol\u0105 ziemi dla kt\u00f3rej podj\u0119li\u015bmy trud jako pokolenie aby wywalczy\u0107 w\u0142a\u015bnie dla tych m\u0142odych ludzi Niepodleg\u0142o\u015b\u0107.<\/p>\n\n\n\n<p>W uroczysto\u015bci wzi\u0119li udzia\u0142 Tadeusz Sta\u0144ski, Miros\u0142aw Widlicki, Gra\u017cyna Rudnik, Krzysztof Lancman, Andrzej Melak. Wystawili\u015bmy nasze sztandary chc\u0105c aby sztafeta pokole\u0144 bieg\u0142a dalej nios\u0105c mi\u0142o\u015b\u0107 do Ojczyzny i gotowo\u015b\u0107 po\u015bwi\u0119cenia dla Niej. Pami\u0119taj\u0105c, \u017ce Szko\u0142a zosta\u0142a odznaczona Krzy\u017cem S\u0142u\u017cby NIepodleg\u0142o\u015bci za dzia\u0142ania na rzecz budowania patriotyzmu w kolejnych pokoleniach. Dam\u0105 Krzy\u017ca S\u0142u\u017cby NIepodleg\u0142o\u015bci jest r\u00f3wnie\u017c Miros\u0142awa Niewiarowska kierownik szkolenia praktycznego.<\/p>\n\n\n\n<p>Dzi\u0119kujemy szkole, dyrektorowi i jej kadrze za wszystko. \u017byczymy w tym wa\u017cnym dniu realizacji wszelkich marze\u0144<\/p>\n\n\n\n<figure class=\"wp-block-gallery has-nested-images columns-default is-cropped wp-block-gallery-1 is-layout-flex\">\n<figure class=\"wp-block-image size-large\"><img decoding=\"async\" loading=\"lazy\" width=\"768\" height=\"1024\" data-id=\"5305\"  src=\"https:\/\/odszkodowani.pl\/wp-content\/uploads\/2022\/05\/slubowanie-Milewicz-768x1024.jpg\" alt=\"\" class=\"wp-image-5305\" srcset=\"https:\/\/odszkodowani.pl\/wp-content\/uploads\/2022\/05\/slubowanie-Milewicz-768x1024.jpg 768w, https:\/\/odszkodowani.pl\/wp-content\/uploads\/2022\/05\/slubowanie-Milewicz-225x300.jpg 225w, https:\/\/odszkodowani.pl\/wp-content\/uploads\/2022\/05\/slubowanie-Milewicz-1152x1536.jpg 1152w, https:\/\/odszkodowani.pl\/wp-content\/uploads\/2022\/05\/slubowanie-Milewicz.jpg 1536w\" sizes=\"(max-width: 768px) 100vw, 768px\" \/><\/figure>\n\n\n\n<figure class=\"wp-block-image size-large\"><img decoding=\"async\" loading=\"lazy\" width=\"1024\" height=\"768\" data-id=\"5306\"  src=\"https:\/\/odszkodowani.pl\/wp-content\/uploads\/2022\/05\/Slubowanie7-1024x768.jpg\" alt=\"\" class=\"wp-image-5306\" srcset=\"https:\/\/odszkodowani.pl\/wp-content\/uploads\/2022\/05\/Slubowanie7-1024x768.jpg 1024w, https:\/\/odszkodowani.pl\/wp-content\/uploads\/2022\/05\/Slubowanie7-300x225.jpg 300w, https:\/\/odszkodowani.pl\/wp-content\/uploads\/2022\/05\/Slubowanie7-768x576.jpg 768w, https:\/\/odszkodowani.pl\/wp-content\/uploads\/2022\/05\/Slubowanie7-1536x1152.jpg 1536w, https:\/\/odszkodowani.pl\/wp-content\/uploads\/2022\/05\/Slubowanie7.jpg 2048w\" sizes=\"(max-width: 1024px) 100vw, 1024px\" \/><\/figure>\n\n\n\n<figure class=\"wp-block-image size-large\"><img decoding=\"async\" loading=\"lazy\" width=\"1024\" height=\"768\" data-id=\"5307\"  src=\"https:\/\/odszkodowani.pl\/wp-content\/uploads\/2022\/05\/Mirka-1024x768.jpg\" alt=\"\" class=\"wp-image-5307\" srcset=\"https:\/\/odszkodowani.pl\/wp-content\/uploads\/2022\/05\/Mirka-1024x768.jpg 1024w, https:\/\/odszkodowani.pl\/wp-content\/uploads\/2022\/05\/Mirka-300x225.jpg 300w, https:\/\/odszkodowani.pl\/wp-content\/uploads\/2022\/05\/Mirka-768x576.jpg 768w, https:\/\/odszkodowani.pl\/wp-content\/uploads\/2022\/05\/Mirka-1536x1152.jpg 1536w, https:\/\/odszkodowani.pl\/wp-content\/uploads\/2022\/05\/Mirka.jpg 2048w\" sizes=\"(max-width: 1024px) 100vw, 1024px\" \/><\/figure>\n\n\n\n<figure class=\"wp-block-image size-large\"><img decoding=\"async\" loading=\"lazy\" width=\"768\" height=\"1024\" data-id=\"5308\"  src=\"https:\/\/odszkodowani.pl\/wp-content\/uploads\/2022\/05\/Slubowanie5-768x1024.jpg\" alt=\"\" class=\"wp-image-5308\" srcset=\"https:\/\/odszkodowani.pl\/wp-content\/uploads\/2022\/05\/Slubowanie5-768x1024.jpg 768w, https:\/\/odszkodowani.pl\/wp-content\/uploads\/2022\/05\/Slubowanie5-225x300.jpg 225w, https:\/\/odszkodowani.pl\/wp-content\/uploads\/2022\/05\/Slubowanie5-1152x1536.jpg 1152w, https:\/\/odszkodowani.pl\/wp-content\/uploads\/2022\/05\/Slubowanie5.jpg 1536w\" sizes=\"(max-width: 768px) 100vw, 768px\" \/><\/figure>\n\n\n\n<figure class=\"wp-block-image size-large\"><img decoding=\"async\" loading=\"lazy\" width=\"1024\" height=\"768\" data-id=\"5309\"  src=\"https:\/\/odszkodowani.pl\/wp-content\/uploads\/2022\/05\/Slubowanie3-1024x768.jpg\" alt=\"\" class=\"wp-image-5309\" srcset=\"https:\/\/odszkodowani.pl\/wp-content\/uploads\/2022\/05\/Slubowanie3-1024x768.jpg 1024w, https:\/\/odszkodowani.pl\/wp-content\/uploads\/2022\/05\/Slubowanie3-300x225.jpg 300w, https:\/\/odszkodowani.pl\/wp-content\/uploads\/2022\/05\/Slubowanie3-768x576.jpg 768w, https:\/\/odszkodowani.pl\/wp-content\/uploads\/2022\/05\/Slubowanie3-1536x1152.jpg 1536w, https:\/\/odszkodowani.pl\/wp-content\/uploads\/2022\/05\/Slubowanie3.jpg 2048w\" sizes=\"(max-width: 1024px) 100vw, 1024px\" \/><\/figure>\n\n\n\n<figure class=\"wp-block-image size-large\"><img decoding=\"async\" loading=\"lazy\" width=\"768\" height=\"1024\" data-id=\"5310\"  src=\"https:\/\/odszkodowani.pl\/wp-content\/uploads\/2022\/05\/Slubowanie2-768x1024.jpg\" alt=\"\" class=\"wp-image-5310\" srcset=\"https:\/\/odszkodowani.pl\/wp-content\/uploads\/2022\/05\/Slubowanie2-768x1024.jpg 768w, https:\/\/odszkodowani.pl\/wp-content\/uploads\/2022\/05\/Slubowanie2-225x300.jpg 225w, https:\/\/odszkodowani.pl\/wp-content\/uploads\/2022\/05\/Slubowanie2-1152x1536.jpg 1152w, https:\/\/odszkodowani.pl\/wp-content\/uploads\/2022\/05\/Slubowanie2.jpg 1536w\" sizes=\"(max-width: 768px) 100vw, 768px\" \/><\/figure>\n\n\n\n<figure class=\"wp-block-image size-large\"><img decoding=\"async\" loading=\"lazy\" width=\"1024\" height=\"768\" data-id=\"5311\"  src=\"https:\/\/odszkodowani.pl\/wp-content\/uploads\/2022\/05\/Slubowanie1-1024x768.jpg\" alt=\"\" class=\"wp-image-5311\" srcset=\"https:\/\/odszkodowani.pl\/wp-content\/uploads\/2022\/05\/Slubowanie1-1024x768.jpg 1024w, https:\/\/odszkodowani.pl\/wp-content\/uploads\/2022\/05\/Slubowanie1-300x225.jpg 300w, https:\/\/odszkodowani.pl\/wp-content\/uploads\/2022\/05\/Slubowanie1-768x576.jpg 768w, https:\/\/odszkodowani.pl\/wp-content\/uploads\/2022\/05\/Slubowanie1-1536x1152.jpg 1536w, https:\/\/odszkodowani.pl\/wp-content\/uploads\/2022\/05\/Slubowanie1.jpg 2048w\" sizes=\"(max-width: 1024px) 100vw, 1024px\" \/><\/figure>\n\n\n\n<figure class=\"wp-block-image size-large\"><img decoding=\"async\" loading=\"lazy\" width=\"1024\" height=\"768\" data-id=\"5312\"  src=\"https:\/\/odszkodowani.pl\/wp-content\/uploads\/2022\/05\/SlubowanieMilewicz3-1024x768.jpg\" alt=\"\" class=\"wp-image-5312\" srcset=\"https:\/\/odszkodowani.pl\/wp-content\/uploads\/2022\/05\/SlubowanieMilewicz3-1024x768.jpg 1024w, https:\/\/odszkodowani.pl\/wp-content\/uploads\/2022\/05\/SlubowanieMilewicz3-300x225.jpg 300w, https:\/\/odszkodowani.pl\/wp-content\/uploads\/2022\/05\/SlubowanieMilewicz3-768x576.jpg 768w, https:\/\/odszkodowani.pl\/wp-content\/uploads\/2022\/05\/SlubowanieMilewicz3-1536x1152.jpg 1536w, https:\/\/odszkodowani.pl\/wp-content\/uploads\/2022\/05\/SlubowanieMilewicz3.jpg 2048w\" sizes=\"(max-width: 1024px) 100vw, 1024px\" \/><\/figure>\n\n\n\n<figure class=\"wp-block-image size-large\"><img decoding=\"async\" loading=\"lazy\" width=\"1024\" height=\"768\" data-id=\"5313\"  src=\"https:\/\/odszkodowani.pl\/wp-content\/uploads\/2022\/05\/SlubowanieMilewicz1-1024x768.jpg\" alt=\"\" class=\"wp-image-5313\" srcset=\"https:\/\/odszkodowani.pl\/wp-content\/uploads\/2022\/05\/SlubowanieMilewicz1-1024x768.jpg 1024w, https:\/\/odszkodowani.pl\/wp-content\/uploads\/2022\/05\/SlubowanieMilewicz1-300x225.jpg 300w, https:\/\/odszkodowani.pl\/wp-content\/uploads\/2022\/05\/SlubowanieMilewicz1-768x576.jpg 768w, https:\/\/odszkodowani.pl\/wp-content\/uploads\/2022\/05\/SlubowanieMilewicz1-1536x1152.jpg 1536w, https:\/\/odszkodowani.pl\/wp-content\/uploads\/2022\/05\/SlubowanieMilewicz1.jpg 2048w\" sizes=\"(max-width: 1024px) 100vw, 1024px\" \/><\/figure>\n<\/figure>\n","protected":false},"excerpt":{"rendered":"<p>Odby\u0142o si\u0119 \u015blubowanie pierwszych klas wojskowych CXXV LO im. Waldemara Milewicza w Warszawie. Cz\u0142onkowie naszej Fundacji z rado\u015bci\u0105 wzi\u0119li udzia\u0142 w tej uroczysto\u015bci. Milewicz to szko\u0142a, kt\u00f3ra zawsze bierze udzia\u0142 w organizowanych przez nas uroczysto\u015bciach i b\u0119d\u0105c \u015bwietnie wyszkolon\u0105 u\u015bwietnia opraw\u0119 naszych wydarze\u0144. Mo\u017cemy zawsze na tych m\u0142odych ludzi liczy\u0107. Dlatego z dum\u0105 patrzyli\u015bmy jak [&hellip;]<\/p>\n","protected":false},"author":2,"featured_media":0,"comment_status":"open","ping_status":"open","sticky":false,"template":"","format":"standard","meta":{"_monsterinsights_skip_tracking":false,"_monsterinsights_sitenote_active":false,"_monsterinsights_sitenote_note":"","_monsterinsights_sitenote_category":0},"categories":[65],"tags":[337,338,340,375,336,95],"_links":{"self":[{"href":"https:\/\/odszkodowani.pl\/index.php\/wp-json\/wp\/v2\/posts\/5304"}],"collection":[{"href":"https:\/\/odszkodowani.pl\/index.php\/wp-json\/wp\/v2\/posts"}],"about":[{"href":"https:\/\/odszkodowani.pl\/index.php\/wp-json\/wp\/v2\/types\/post"}],"author":[{"embeddable":true,"href":"https:\/\/odszkodowani.pl\/index.php\/wp-json\/wp\/v2\/users\/2"}],"replies":[{"embeddable":true,"href":"https:\/\/odszkodowani.pl\/index.php\/wp-json\/wp\/v2\/comments?post=5304"}],"version-history":[{"count":2,"href":"https:\/\/odszkodowani.pl\/index.php\/wp-json\/wp\/v2\/posts\/5304\/revisions"}],"predecessor-version":[{"id":7839,"href":"https:\/\/odszkodowani.pl\/index.php\/wp-json\/wp\/v2\/posts\/5304\/revisions\/7839"}],"wp:attachment":[{"href":"https:\/\/odszkodowani.pl\/index.php\/wp-json\/wp\/v2\/media?parent=5304"}],"wp:term":[{"taxonomy":"category","embeddable":true,"href":"https:\/\/odszkodowani.pl\/index.php\/wp-json\/wp\/v2\/categories?post=5304"},{"taxonomy":"post_tag","embeddable":true,"href":"https:\/\/odszkodowani.pl\/index.php\/wp-json\/wp\/v2\/tags?post=5304"}],"curies":[{"name":"wp","href":"https:\/\/api.w.org\/{rel}","templated":true}]}}