{"id":5285,"date":"2022-05-08T21:38:00","date_gmt":"2022-05-08T19:38:00","guid":{"rendered":"http:\/\/odszkodowani.pl\/?p=5285"},"modified":"2022-05-11T21:46:50","modified_gmt":"2022-05-11T19:46:50","slug":"represjonowani-na-jasnej-gorze","status":"publish","type":"post","link":"https:\/\/odszkodowani.pl\/index.php\/2022\/05\/08\/represjonowani-na-jasnej-gorze\/","title":{"rendered":"Represjonowani na Jasnej G\u00f3rze"},"content":{"rendered":"\n<figure class=\"wp-block-image\"><img decoding=\"async\" loading=\"lazy\" width=\"590\" height=\"383\" src=\"http:\/\/odszkodowani.pl\/wp-content\/uploads\/2022\/05\/JasnaGora1-1.jpg\" alt=\"\" class=\"wp-image-5294\" srcset=\"https:\/\/odszkodowani.pl\/wp-content\/uploads\/2022\/05\/JasnaGora1-1.jpg 590w, https:\/\/odszkodowani.pl\/wp-content\/uploads\/2022\/05\/JasnaGora1-1-300x195.jpg 300w\" sizes=\"(max-width: 590px) 100vw, 590px\" \/><\/figure>\n\n\n\n<p>Dzi\u015b na XXV Pielgrzymce Os\u00f3b Represjonowanych w Stanie Wojennym na Jasn\u0105 G\u00f3r\u0119 reprezentowa\u0142 Fundacj\u0119 Tadeusz Dudkiewicz.Uroczysto\u015bci zainaugurowa\u0142a ceremonia z\u0142o\u017cenia kwiat\u00f3w pod pomnikiem b\u0142. kard. Stefana Wyszy\u0144skiego. Dalsze uroczysto\u015bci przenios\u0142y si\u0119 do Sali R\u00f3\u017ca\u0144cowej w Klasztorze oo. Paulin\u00f3w na Jasnej G\u00f3rze, gdzie spotkali si\u0119 uczestnicy jubileuszowej, XXV Pielgrzymki Os\u00f3b Represjonowanych.Nast\u0119pnie w kaplicy Cudownego Obrazu, w podzi\u0119kowaniu za dar wolno\u015bci i niepodleg\u0142o\u015bci odprawiona zosta\u0142a Msza \u015bw. We wsp\u00f3lnej modlitwie uczestniczyli przedstawiciele \u015brodowisk os\u00f3b represjonowach z ca\u0142ej Polski. Mszy \u015bw. przewodniczy\u0142 ks. Ryszarda Uma\u0144ski kawaler Krzy\u017ca S\u0142u\u017cby Niepodleg\u0142o\u015bci, kapelan NSZZ \u201eSolidarno\u015b\u0107\u201d i \u015brodowisk patriotyczno-niepodleg\u0142o\u015bciowych.<\/p>\n\n\n\n<!--more-->\n\n\n\n<figure class=\"wp-block-gallery columns-2 is-cropped wp-block-gallery-1 is-layout-flex\"><ul class=\"blocks-gallery-grid\"><li class=\"blocks-gallery-item\"><figure><img decoding=\"async\" loading=\"lazy\" width=\"683\" height=\"1024\" src=\"http:\/\/odszkodowani.pl\/wp-content\/uploads\/2022\/05\/JasnaGora8-683x1024.jpg\" alt=\"\" data-id=\"5288\" data-full-url=\"http:\/\/odszkodowani.pl\/wp-content\/uploads\/2022\/05\/JasnaGora8.jpg\" data-link=\"http:\/\/odszkodowani.pl\/?attachment_id=5288\" class=\"wp-image-5288\" srcset=\"https:\/\/odszkodowani.pl\/wp-content\/uploads\/2022\/05\/JasnaGora8-683x1024.jpg 683w, https:\/\/odszkodowani.pl\/wp-content\/uploads\/2022\/05\/JasnaGora8-200x300.jpg 200w, https:\/\/odszkodowani.pl\/wp-content\/uploads\/2022\/05\/JasnaGora8-768x1152.jpg 768w, https:\/\/odszkodowani.pl\/wp-content\/uploads\/2022\/05\/JasnaGora8-1024x1536.jpg 1024w, https:\/\/odszkodowani.pl\/wp-content\/uploads\/2022\/05\/JasnaGora8.jpg 1365w\" sizes=\"(max-width: 683px) 100vw, 683px\" \/><\/figure><\/li><li class=\"blocks-gallery-item\"><figure><img decoding=\"async\" loading=\"lazy\" width=\"640\" height=\"960\" src=\"http:\/\/odszkodowani.pl\/wp-content\/uploads\/2022\/05\/JasnaGora6.jpg\" alt=\"\" data-id=\"5289\" data-full-url=\"http:\/\/odszkodowani.pl\/wp-content\/uploads\/2022\/05\/JasnaGora6.jpg\" data-link=\"http:\/\/odszkodowani.pl\/?attachment_id=5289\" class=\"wp-image-5289\" srcset=\"https:\/\/odszkodowani.pl\/wp-content\/uploads\/2022\/05\/JasnaGora6.jpg 640w, https:\/\/odszkodowani.pl\/wp-content\/uploads\/2022\/05\/JasnaGora6-200x300.jpg 200w\" sizes=\"(max-width: 640px) 100vw, 640px\" \/><\/figure><\/li><li class=\"blocks-gallery-item\"><figure><img decoding=\"async\" loading=\"lazy\" width=\"1024\" height=\"683\" src=\"http:\/\/odszkodowani.pl\/wp-content\/uploads\/2022\/05\/JasnaGora5-1024x683.jpg\" alt=\"\" data-id=\"5290\" data-full-url=\"http:\/\/odszkodowani.pl\/wp-content\/uploads\/2022\/05\/JasnaGora5.jpg\" data-link=\"http:\/\/odszkodowani.pl\/?attachment_id=5290\" class=\"wp-image-5290\" srcset=\"https:\/\/odszkodowani.pl\/wp-content\/uploads\/2022\/05\/JasnaGora5-1024x683.jpg 1024w, https:\/\/odszkodowani.pl\/wp-content\/uploads\/2022\/05\/JasnaGora5-300x200.jpg 300w, https:\/\/odszkodowani.pl\/wp-content\/uploads\/2022\/05\/JasnaGora5-768x512.jpg 768w, https:\/\/odszkodowani.pl\/wp-content\/uploads\/2022\/05\/JasnaGora5-1536x1024.jpg 1536w, https:\/\/odszkodowani.pl\/wp-content\/uploads\/2022\/05\/JasnaGora5.jpg 2048w\" sizes=\"(max-width: 1024px) 100vw, 1024px\" \/><\/figure><\/li><li class=\"blocks-gallery-item\"><figure><img decoding=\"async\" loading=\"lazy\" width=\"1024\" height=\"619\" src=\"http:\/\/odszkodowani.pl\/wp-content\/uploads\/2022\/05\/Jasna-Gora4-1024x619.jpg\" alt=\"\" data-id=\"5291\" data-full-url=\"http:\/\/odszkodowani.pl\/wp-content\/uploads\/2022\/05\/Jasna-Gora4.jpg\" data-link=\"http:\/\/odszkodowani.pl\/?attachment_id=5291\" class=\"wp-image-5291\" srcset=\"https:\/\/odszkodowani.pl\/wp-content\/uploads\/2022\/05\/Jasna-Gora4-1024x619.jpg 1024w, https:\/\/odszkodowani.pl\/wp-content\/uploads\/2022\/05\/Jasna-Gora4-300x181.jpg 300w, https:\/\/odszkodowani.pl\/wp-content\/uploads\/2022\/05\/Jasna-Gora4-768x465.jpg 768w, https:\/\/odszkodowani.pl\/wp-content\/uploads\/2022\/05\/Jasna-Gora4.jpg 1364w\" sizes=\"(max-width: 1024px) 100vw, 1024px\" \/><\/figure><\/li><li class=\"blocks-gallery-item\"><figure><img decoding=\"async\" loading=\"lazy\" width=\"1024\" height=\"683\" src=\"http:\/\/odszkodowani.pl\/wp-content\/uploads\/2022\/05\/JasnaGora3-1024x683.jpg\" alt=\"\" data-id=\"5292\" data-full-url=\"http:\/\/odszkodowani.pl\/wp-content\/uploads\/2022\/05\/JasnaGora3.jpg\" data-link=\"http:\/\/odszkodowani.pl\/?attachment_id=5292\" class=\"wp-image-5292\" srcset=\"https:\/\/odszkodowani.pl\/wp-content\/uploads\/2022\/05\/JasnaGora3-1024x683.jpg 1024w, https:\/\/odszkodowani.pl\/wp-content\/uploads\/2022\/05\/JasnaGora3-300x200.jpg 300w, https:\/\/odszkodowani.pl\/wp-content\/uploads\/2022\/05\/JasnaGora3-768x512.jpg 768w, https:\/\/odszkodowani.pl\/wp-content\/uploads\/2022\/05\/JasnaGora3-1536x1024.jpg 1536w, https:\/\/odszkodowani.pl\/wp-content\/uploads\/2022\/05\/JasnaGora3.jpg 2048w\" sizes=\"(max-width: 1024px) 100vw, 1024px\" \/><\/figure><\/li><li class=\"blocks-gallery-item\"><figure><img decoding=\"async\" loading=\"lazy\" width=\"1024\" height=\"683\" src=\"http:\/\/odszkodowani.pl\/wp-content\/uploads\/2022\/05\/JasnaGora2-1024x683.jpg\" alt=\"\" data-id=\"5293\" data-full-url=\"http:\/\/odszkodowani.pl\/wp-content\/uploads\/2022\/05\/JasnaGora2.jpg\" data-link=\"http:\/\/odszkodowani.pl\/?attachment_id=5293\" class=\"wp-image-5293\" srcset=\"https:\/\/odszkodowani.pl\/wp-content\/uploads\/2022\/05\/JasnaGora2-1024x683.jpg 1024w, https:\/\/odszkodowani.pl\/wp-content\/uploads\/2022\/05\/JasnaGora2-300x200.jpg 300w, https:\/\/odszkodowani.pl\/wp-content\/uploads\/2022\/05\/JasnaGora2-768x512.jpg 768w, https:\/\/odszkodowani.pl\/wp-content\/uploads\/2022\/05\/JasnaGora2-1536x1024.jpg 1536w, https:\/\/odszkodowani.pl\/wp-content\/uploads\/2022\/05\/JasnaGora2.jpg 2048w\" sizes=\"(max-width: 1024px) 100vw, 1024px\" \/><\/figure><\/li><\/ul><\/figure>\n","protected":false},"excerpt":{"rendered":"<p>Dzi\u015b na XXV Pielgrzymce Os\u00f3b Represjonowanych w Stanie Wojennym na Jasn\u0105 G\u00f3r\u0119 reprezentowa\u0142 Fundacj\u0119 Tadeusz Dudkiewicz.Uroczysto\u015bci zainaugurowa\u0142a ceremonia z\u0142o\u017cenia kwiat\u00f3w pod pomnikiem b\u0142. kard. Stefana Wyszy\u0144skiego. Dalsze uroczysto\u015bci przenios\u0142y si\u0119 do Sali R\u00f3\u017ca\u0144cowej w Klasztorze oo. Paulin\u00f3w na Jasnej G\u00f3rze, gdzie spotkali si\u0119 uczestnicy jubileuszowej, XXV Pielgrzymki Os\u00f3b Represjonowanych.Nast\u0119pnie w kaplicy Cudownego Obrazu, w podzi\u0119kowaniu [&hellip;]<\/p>\n","protected":false},"author":1,"featured_media":0,"comment_status":"open","ping_status":"open","sticky":false,"template":"","format":"standard","meta":{"_monsterinsights_skip_tracking":false,"_monsterinsights_sitenote_active":false,"_monsterinsights_sitenote_note":"","_monsterinsights_sitenote_category":0},"categories":[65,103],"tags":[172,331,332,153,168],"_links":{"self":[{"href":"https:\/\/odszkodowani.pl\/index.php\/wp-json\/wp\/v2\/posts\/5285"}],"collection":[{"href":"https:\/\/odszkodowani.pl\/index.php\/wp-json\/wp\/v2\/posts"}],"about":[{"href":"https:\/\/odszkodowani.pl\/index.php\/wp-json\/wp\/v2\/types\/post"}],"author":[{"embeddable":true,"href":"https:\/\/odszkodowani.pl\/index.php\/wp-json\/wp\/v2\/users\/1"}],"replies":[{"embeddable":true,"href":"https:\/\/odszkodowani.pl\/index.php\/wp-json\/wp\/v2\/comments?post=5285"}],"version-history":[{"count":1,"href":"https:\/\/odszkodowani.pl\/index.php\/wp-json\/wp\/v2\/posts\/5285\/revisions"}],"predecessor-version":[{"id":5295,"href":"https:\/\/odszkodowani.pl\/index.php\/wp-json\/wp\/v2\/posts\/5285\/revisions\/5295"}],"wp:attachment":[{"href":"https:\/\/odszkodowani.pl\/index.php\/wp-json\/wp\/v2\/media?parent=5285"}],"wp:term":[{"taxonomy":"category","embeddable":true,"href":"https:\/\/odszkodowani.pl\/index.php\/wp-json\/wp\/v2\/categories?post=5285"},{"taxonomy":"post_tag","embeddable":true,"href":"https:\/\/odszkodowani.pl\/index.php\/wp-json\/wp\/v2\/tags?post=5285"}],"curies":[{"name":"wp","href":"https:\/\/api.w.org\/{rel}","templated":true}]}}