{"id":4746,"date":"2021-05-03T10:45:00","date_gmt":"2021-05-03T08:45:00","guid":{"rendered":"http:\/\/odszkodowani.pl\/?p=4746"},"modified":"2021-05-08T11:11:52","modified_gmt":"2021-05-08T09:11:52","slug":"230-rocznica-uchwalenia-konstytucji-3-maja","status":"publish","type":"post","link":"https:\/\/odszkodowani.pl\/index.php\/2021\/05\/03\/230-rocznica-uchwalenia-konstytucji-3-maja\/","title":{"rendered":"230. Rocznica uchwalenia Konstytucji 3 Maja"},"content":{"rendered":"\n<figure class=\"wp-block-image size-large\"><img decoding=\"async\" loading=\"lazy\" width=\"1024\" height=\"576\" src=\"http:\/\/odszkodowani.pl\/wp-content\/uploads\/2021\/05\/Zrzut-ekranu-2021-05-8-o-10.47.45-1024x576.png\" alt=\"\" class=\"wp-image-4747\" srcset=\"https:\/\/odszkodowani.pl\/wp-content\/uploads\/2021\/05\/Zrzut-ekranu-2021-05-8-o-10.47.45-1024x576.png 1024w, https:\/\/odszkodowani.pl\/wp-content\/uploads\/2021\/05\/Zrzut-ekranu-2021-05-8-o-10.47.45-300x169.png 300w, https:\/\/odszkodowani.pl\/wp-content\/uploads\/2021\/05\/Zrzut-ekranu-2021-05-8-o-10.47.45-768x432.png 768w, https:\/\/odszkodowani.pl\/wp-content\/uploads\/2021\/05\/Zrzut-ekranu-2021-05-8-o-10.47.45-1536x864.png 1536w, https:\/\/odszkodowani.pl\/wp-content\/uploads\/2021\/05\/Zrzut-ekranu-2021-05-8-o-10.47.45.png 2019w\" sizes=\"(max-width: 1024px) 100vw, 1024px\" \/><\/figure>\n\n\n\n<p>prof. W. Wysocki i prof. Odziemkowski w TV Republika oceniaj\u0105 znaczenie Konstytucji 3 Maja i w\u0105tpliwo\u015bci wok\u00f3\u0142 niej.<\/p>\n\n\n\n<figure class=\"wp-block-embed-youtube wp-block-embed is-type-video is-provider-youtube wp-embed-aspect-16-9 wp-has-aspect-ratio\"><div class=\"wp-block-embed__wrapper\">\n<iframe loading=\"lazy\" title=\"230. Rocznica uchwalenia Konstytucji 3 Maja - prof. W. Wysocki, prof J. Odziemkowski | TV Republika\" width=\"640\" height=\"360\" src=\"https:\/\/www.youtube.com\/embed\/aVrNP_I1vls?start=558&#038;feature=oembed\" frameborder=\"0\" allow=\"accelerometer; autoplay; clipboard-write; encrypted-media; gyroscope; picture-in-picture\" allowfullscreen><\/iframe>\n<\/div><\/figure>\n","protected":false},"excerpt":{"rendered":"<p>prof. W. Wysocki i prof. Odziemkowski w TV Republika oceniaj\u0105 znaczenie Konstytucji 3 Maja i w\u0105tpliwo\u015bci wok\u00f3\u0142 niej.<\/p>\n","protected":false},"author":1,"featured_media":0,"comment_status":"open","ping_status":"open","sticky":false,"template":"","format":"standard","meta":{"_monsterinsights_skip_tracking":false,"_monsterinsights_sitenote_active":false,"_monsterinsights_sitenote_note":"","_monsterinsights_sitenote_category":0},"categories":[197,149,133],"tags":[159,248,150,154,135],"_links":{"self":[{"href":"https:\/\/odszkodowani.pl\/index.php\/wp-json\/wp\/v2\/posts\/4746"}],"collection":[{"href":"https:\/\/odszkodowani.pl\/index.php\/wp-json\/wp\/v2\/posts"}],"about":[{"href":"https:\/\/odszkodowani.pl\/index.php\/wp-json\/wp\/v2\/types\/post"}],"author":[{"embeddable":true,"href":"https:\/\/odszkodowani.pl\/index.php\/wp-json\/wp\/v2\/users\/1"}],"replies":[{"embeddable":true,"href":"https:\/\/odszkodowani.pl\/index.php\/wp-json\/wp\/v2\/comments?post=4746"}],"version-history":[{"count":1,"href":"https:\/\/odszkodowani.pl\/index.php\/wp-json\/wp\/v2\/posts\/4746\/revisions"}],"predecessor-version":[{"id":4748,"href":"https:\/\/odszkodowani.pl\/index.php\/wp-json\/wp\/v2\/posts\/4746\/revisions\/4748"}],"wp:attachment":[{"href":"https:\/\/odszkodowani.pl\/index.php\/wp-json\/wp\/v2\/media?parent=4746"}],"wp:term":[{"taxonomy":"category","embeddable":true,"href":"https:\/\/odszkodowani.pl\/index.php\/wp-json\/wp\/v2\/categories?post=4746"},{"taxonomy":"post_tag","embeddable":true,"href":"https:\/\/odszkodowani.pl\/index.php\/wp-json\/wp\/v2\/tags?post=4746"}],"curies":[{"name":"wp","href":"https:\/\/api.w.org\/{rel}","templated":true}]}}