{"id":4627,"date":"2021-04-13T00:51:00","date_gmt":"2021-04-12T22:51:00","guid":{"rendered":"http:\/\/odszkodowani.pl\/?p=4627"},"modified":"2021-04-16T00:55:23","modified_gmt":"2021-04-15T22:55:23","slug":"az-to-wszystko-trafi-do-glow","status":"publish","type":"post","link":"https:\/\/odszkodowani.pl\/index.php\/2021\/04\/13\/az-to-wszystko-trafi-do-glow\/","title":{"rendered":"A\u017c to wszystko trafi do g\u0142\u00f3w&#8230;"},"content":{"rendered":"\n<figure class=\"wp-block-image size-large\"><img decoding=\"async\" loading=\"lazy\" width=\"538\" height=\"287\" src=\"http:\/\/odszkodowani.pl\/wp-content\/uploads\/2021\/04\/Zrzut-ekranu-2021-04-6-o-18.18.35.png\" alt=\"\" class=\"wp-image-4501\" srcset=\"https:\/\/odszkodowani.pl\/wp-content\/uploads\/2021\/04\/Zrzut-ekranu-2021-04-6-o-18.18.35.png 538w, https:\/\/odszkodowani.pl\/wp-content\/uploads\/2021\/04\/Zrzut-ekranu-2021-04-6-o-18.18.35-300x160.png 300w\" sizes=\"(max-width: 538px) 100vw, 538px\" \/><\/figure>\n\n\n\n<h5 class=\"wp-block-heading\">Potrzebna nam obrona terytorialna, ale inna&nbsp;<\/h5>\n\n\n\n<p><strong>Z prof. Romualdem Szeremietiewem, by\u0142ym ministrem obrony narodowej, rozmawia Maciej Pieczy\u0144ski<\/strong> w Salonie24<\/p>\n\n\n\n<p><a href=\"https:\/\/www.salon24.pl\/u\/szeremietiew\/1126413,az-to-wszystko-trafi-do-glow\">https:\/\/www.salon24.pl\/u\/szeremietiew\/1126413,az-to-wszystko-trafi-do-glow<\/a><\/p>\n","protected":false},"excerpt":{"rendered":"<p>Potrzebna nam obrona terytorialna, ale inna&nbsp; Z prof. Romualdem Szeremietiewem, by\u0142ym ministrem obrony narodowej, rozmawia Maciej Pieczy\u0144ski w Salonie24 https:\/\/www.salon24.pl\/u\/szeremietiew\/1126413,az-to-wszystko-trafi-do-glow<\/p>\n","protected":false},"author":1,"featured_media":0,"comment_status":"open","ping_status":"open","sticky":false,"template":"","format":"standard","meta":{"_monsterinsights_skip_tracking":false,"_monsterinsights_sitenote_active":false,"_monsterinsights_sitenote_note":"","_monsterinsights_sitenote_category":0},"categories":[149,133],"tags":[155,150,98,135],"_links":{"self":[{"href":"https:\/\/odszkodowani.pl\/index.php\/wp-json\/wp\/v2\/posts\/4627"}],"collection":[{"href":"https:\/\/odszkodowani.pl\/index.php\/wp-json\/wp\/v2\/posts"}],"about":[{"href":"https:\/\/odszkodowani.pl\/index.php\/wp-json\/wp\/v2\/types\/post"}],"author":[{"embeddable":true,"href":"https:\/\/odszkodowani.pl\/index.php\/wp-json\/wp\/v2\/users\/1"}],"replies":[{"embeddable":true,"href":"https:\/\/odszkodowani.pl\/index.php\/wp-json\/wp\/v2\/comments?post=4627"}],"version-history":[{"count":1,"href":"https:\/\/odszkodowani.pl\/index.php\/wp-json\/wp\/v2\/posts\/4627\/revisions"}],"predecessor-version":[{"id":4628,"href":"https:\/\/odszkodowani.pl\/index.php\/wp-json\/wp\/v2\/posts\/4627\/revisions\/4628"}],"wp:attachment":[{"href":"https:\/\/odszkodowani.pl\/index.php\/wp-json\/wp\/v2\/media?parent=4627"}],"wp:term":[{"taxonomy":"category","embeddable":true,"href":"https:\/\/odszkodowani.pl\/index.php\/wp-json\/wp\/v2\/categories?post=4627"},{"taxonomy":"post_tag","embeddable":true,"href":"https:\/\/odszkodowani.pl\/index.php\/wp-json\/wp\/v2\/tags?post=4627"}],"curies":[{"name":"wp","href":"https:\/\/api.w.org\/{rel}","templated":true}]}}