{"id":4479,"date":"2021-04-01T17:47:00","date_gmt":"2021-04-01T15:47:00","guid":{"rendered":"http:\/\/odszkodowani.pl\/?p=4479"},"modified":"2021-04-06T17:50:08","modified_gmt":"2021-04-06T15:50:08","slug":"rozmowy-morawiecki-orban-salvini","status":"publish","type":"post","link":"https:\/\/odszkodowani.pl\/index.php\/2021\/04\/01\/rozmowy-morawiecki-orban-salvini\/","title":{"rendered":"Rozmowy Morawiecki-Orban-Salvini."},"content":{"rendered":"\n<figure class=\"wp-block-image size-large\"><img decoding=\"async\" loading=\"lazy\" width=\"1024\" height=\"544\" src=\"http:\/\/odszkodowani.pl\/wp-content\/uploads\/2020\/04\/Zrzut-ekranu-2020-04-28-o-22.58.36-1024x544.png\" alt=\"Jan Parys\" class=\"wp-image-3288\" srcset=\"https:\/\/odszkodowani.pl\/wp-content\/uploads\/2020\/04\/Zrzut-ekranu-2020-04-28-o-22.58.36-1024x544.png 1024w, https:\/\/odszkodowani.pl\/wp-content\/uploads\/2020\/04\/Zrzut-ekranu-2020-04-28-o-22.58.36-300x159.png 300w, https:\/\/odszkodowani.pl\/wp-content\/uploads\/2020\/04\/Zrzut-ekranu-2020-04-28-o-22.58.36-768x408.png 768w, https:\/\/odszkodowani.pl\/wp-content\/uploads\/2020\/04\/Zrzut-ekranu-2020-04-28-o-22.58.36.png 1028w\" sizes=\"(max-width: 1024px) 100vw, 1024px\" \/><\/figure>\n\n\n\n<h1 class=\"wp-block-heading\">Jan Parys w Polskie Radio 24 m\u00f3wi: ich ugrupowania s\u0105 dyskryminowane, maj\u0105 prawo \u0142\u0105czy\u0107 si\u0142y.<\/h1>\n\n\n\n<p><a href=\"https:\/\/www.polskieradio24.pl\/130\/5925\/Artykul\/2708568,Rozmowy-MorawieckiOrbanSalvini-Parys-ich-ugrupowania-sa-dyskryminowane-maja-prawo-laczyc-sily\">https:\/\/www.polskieradio24.pl\/130\/5925\/Artykul\/2708568,Rozmowy-MorawieckiOrbanSalvini-Parys-ich-ugrupowania-sa-dyskryminowane-maja-prawo-laczyc-sily<\/a><\/p>\n","protected":false},"excerpt":{"rendered":"<p>Jan Parys w Polskie Radio 24 m\u00f3wi: ich ugrupowania s\u0105 dyskryminowane, maj\u0105 prawo \u0142\u0105czy\u0107 si\u0142y. https:\/\/www.polskieradio24.pl\/130\/5925\/Artykul\/2708568,Rozmowy-MorawieckiOrbanSalvini-Parys-ich-ugrupowania-sa-dyskryminowane-maja-prawo-laczyc-sily<\/p>\n","protected":false},"author":1,"featured_media":0,"comment_status":"open","ping_status":"open","sticky":false,"template":"","format":"standard","meta":{"_monsterinsights_skip_tracking":false,"_monsterinsights_sitenote_active":false,"_monsterinsights_sitenote_note":"","_monsterinsights_sitenote_category":0},"categories":[149,133],"tags":[94,155,150,135],"_links":{"self":[{"href":"https:\/\/odszkodowani.pl\/index.php\/wp-json\/wp\/v2\/posts\/4479"}],"collection":[{"href":"https:\/\/odszkodowani.pl\/index.php\/wp-json\/wp\/v2\/posts"}],"about":[{"href":"https:\/\/odszkodowani.pl\/index.php\/wp-json\/wp\/v2\/types\/post"}],"author":[{"embeddable":true,"href":"https:\/\/odszkodowani.pl\/index.php\/wp-json\/wp\/v2\/users\/1"}],"replies":[{"embeddable":true,"href":"https:\/\/odszkodowani.pl\/index.php\/wp-json\/wp\/v2\/comments?post=4479"}],"version-history":[{"count":1,"href":"https:\/\/odszkodowani.pl\/index.php\/wp-json\/wp\/v2\/posts\/4479\/revisions"}],"predecessor-version":[{"id":4480,"href":"https:\/\/odszkodowani.pl\/index.php\/wp-json\/wp\/v2\/posts\/4479\/revisions\/4480"}],"wp:attachment":[{"href":"https:\/\/odszkodowani.pl\/index.php\/wp-json\/wp\/v2\/media?parent=4479"}],"wp:term":[{"taxonomy":"category","embeddable":true,"href":"https:\/\/odszkodowani.pl\/index.php\/wp-json\/wp\/v2\/categories?post=4479"},{"taxonomy":"post_tag","embeddable":true,"href":"https:\/\/odszkodowani.pl\/index.php\/wp-json\/wp\/v2\/tags?post=4479"}],"curies":[{"name":"wp","href":"https:\/\/api.w.org\/{rel}","templated":true}]}}