{"id":4226,"date":"2021-01-12T02:09:36","date_gmt":"2021-01-12T01:09:36","guid":{"rendered":"http:\/\/odszkodowani.pl\/?p=4226"},"modified":"2021-01-12T02:14:49","modified_gmt":"2021-01-12T01:14:49","slug":"zapadl-wazny-wyrok","status":"publish","type":"post","link":"https:\/\/odszkodowani.pl\/index.php\/2021\/01\/12\/zapadl-wazny-wyrok\/","title":{"rendered":"Zapad\u0142 wa\u017cny wyrok."},"content":{"rendered":"\n<p>Przedstawiamy wyrok s\u0105du okr\u0119gowego w sprawie \u0141uciuka&nbsp;by\u0142ego szefa ochrony w wi\u0119zieniu w Barczewie.&nbsp;Jest on o tyle wa\u017cny, poniewa\u017c s\u0105d&nbsp;uzna\u0142&nbsp;\u017ce czyny kpt. \u0141uciuka wype\u0142niaj\u0105 cechy ludob\u00f3jstwa i nie podlegaj\u0105 przedawnieniu.<\/p>\n\n\n\n<div class=\"wp-block-group alignwide\"><div class=\"wp-block-group__inner-container is-layout-flow\">\n<div class=\"wp-block-group\"><div class=\"wp-block-group__inner-container is-layout-flow\">\n<figure class=\"wp-block-image\"><img decoding=\"async\" loading=\"lazy\" width=\"724\" height=\"1024\" src=\"http:\/\/odszkodowani.pl\/wp-content\/uploads\/2021\/01\/0462_001-pdf-724x1024.jpg\" alt=\"\" class=\"wp-image-4228\"\/><\/figure>\n\n\n\n<div class=\"wp-block-file\"><a href=\"http:\/\/odszkodowani.pl\/wp-content\/uploads\/2021\/01\/0462_001.pdf\">wyrok o sygn. akt X Ka 602\/20<\/a><a href=\"http:\/\/odszkodowani.pl\/wp-content\/uploads\/2021\/01\/0462_001.pdf\" class=\"wp-block-file__button\" download>Pobierz<\/a><\/div>\n<\/div><\/div>\n<\/div><\/div>\n\n\n\n<p>Tadeusz Sta\u0144ski b\u0119d\u0105c obro\u0144c\u0105 sussicedialnym w w\/w procesie postanowi\u0142 wystosowa\u0107  pismo do Prezydenta RP i najwa\u017cniejszych os\u00f3b w pa\u0144stwie, kt\u00f3re mog\u0105 mie\u0107 wp\u0142yw na stosowanie prawa w kt\u00f3rym informuje o tym jaki wyrok zapad\u0142.&nbsp;<\/p>\n\n\n\n<figure class=\"wp-block-image size-large\"><img decoding=\"async\" loading=\"lazy\" width=\"724\" height=\"1024\" src=\"http:\/\/odszkodowani.pl\/wp-content\/uploads\/2021\/01\/Wyrok_Prezydent-Apoprawionyz-podpisem-pdf-724x1024.jpg\" alt=\"\" class=\"wp-image-4227\"\/><\/figure>\n\n\n\n<p><\/p>\n\n\n\n<p>Wyrok ten mo\u017ce sta\u0107 si\u0119 kluczowym je\u017celi ca\u0142a palestra prawnicza i&nbsp;pokrzywdzeni&nbsp;w PRL&nbsp;b\u0119d\u0105 zdawali sobie&nbsp;spraw\u0119 z tego,&nbsp;\u017ce zapad\u0142 i stosowa\u0142a go w wydawanych przez siebie wyrokach. <\/p>\n\n\n\n<div class=\"wp-block-file\"><a href=\"http:\/\/odszkodowani.pl\/wp-content\/uploads\/2021\/01\/Wyrok_Prezydent-Apoprawionyz-podpisem.pdf\">List do Prezydenta <\/a><a href=\"http:\/\/odszkodowani.pl\/wp-content\/uploads\/2021\/01\/Wyrok_Prezydent-Apoprawionyz-podpisem.pdf\" class=\"wp-block-file__button\" download>Pobierz<\/a><\/div>\n","protected":false},"excerpt":{"rendered":"<p>Przedstawiamy wyrok s\u0105du okr\u0119gowego w sprawie \u0141uciuka&nbsp;by\u0142ego szefa ochrony w wi\u0119zieniu w Barczewie.&nbsp;Jest on o tyle wa\u017cny, poniewa\u017c s\u0105d&nbsp;uzna\u0142&nbsp;\u017ce czyny kpt. \u0141uciuka wype\u0142niaj\u0105 cechy ludob\u00f3jstwa i nie podlegaj\u0105 przedawnieniu. Tadeusz Sta\u0144ski b\u0119d\u0105c obro\u0144c\u0105 sussicedialnym w w\/w procesie postanowi\u0142 wystosowa\u0107 pismo do Prezydenta RP i najwa\u017cniejszych os\u00f3b w pa\u0144stwie, kt\u00f3re mog\u0105 mie\u0107 wp\u0142yw na stosowanie prawa [&hellip;]<\/p>\n","protected":false},"author":1,"featured_media":0,"comment_status":"open","ping_status":"open","sticky":false,"template":"","format":"standard","meta":{"_monsterinsights_skip_tracking":false,"_monsterinsights_sitenote_active":false,"_monsterinsights_sitenote_note":"","_monsterinsights_sitenote_category":0},"categories":[65,22,103],"tags":[172,111,153,95],"_links":{"self":[{"href":"https:\/\/odszkodowani.pl\/index.php\/wp-json\/wp\/v2\/posts\/4226"}],"collection":[{"href":"https:\/\/odszkodowani.pl\/index.php\/wp-json\/wp\/v2\/posts"}],"about":[{"href":"https:\/\/odszkodowani.pl\/index.php\/wp-json\/wp\/v2\/types\/post"}],"author":[{"embeddable":true,"href":"https:\/\/odszkodowani.pl\/index.php\/wp-json\/wp\/v2\/users\/1"}],"replies":[{"embeddable":true,"href":"https:\/\/odszkodowani.pl\/index.php\/wp-json\/wp\/v2\/comments?post=4226"}],"version-history":[{"count":3,"href":"https:\/\/odszkodowani.pl\/index.php\/wp-json\/wp\/v2\/posts\/4226\/revisions"}],"predecessor-version":[{"id":4231,"href":"https:\/\/odszkodowani.pl\/index.php\/wp-json\/wp\/v2\/posts\/4226\/revisions\/4231"}],"wp:attachment":[{"href":"https:\/\/odszkodowani.pl\/index.php\/wp-json\/wp\/v2\/media?parent=4226"}],"wp:term":[{"taxonomy":"category","embeddable":true,"href":"https:\/\/odszkodowani.pl\/index.php\/wp-json\/wp\/v2\/categories?post=4226"},{"taxonomy":"post_tag","embeddable":true,"href":"https:\/\/odszkodowani.pl\/index.php\/wp-json\/wp\/v2\/tags?post=4226"}],"curies":[{"name":"wp","href":"https:\/\/api.w.org\/{rel}","templated":true}]}}