{"id":4116,"date":"2020-11-30T15:40:00","date_gmt":"2020-11-30T14:40:00","guid":{"rendered":"http:\/\/odszkodowani.pl\/?p=4116"},"modified":"2020-12-07T14:08:52","modified_gmt":"2020-12-07T13:08:52","slug":"wyrok-sadu-apelacyjnego-w-sprawie-wiezionych-w-barczewie","status":"publish","type":"post","link":"https:\/\/odszkodowani.pl\/index.php\/2020\/11\/30\/wyrok-sadu-apelacyjnego-w-sprawie-wiezionych-w-barczewie\/","title":{"rendered":"Wyrok s\u0105du apelacyjnego w sprawie wi\u0119zionych w Barczewie"},"content":{"rendered":"\n<p>30 listopada 2020 r. S\u0105d Apelacyjny w Warszawie wyda\u0142 wyrok w kt\u00f3rym uchyli\u0142 wyrok s\u0105du rejonowego uniewinniaj\u0105cy odpowiedzialnego za represje wobec wi\u0119\u017ani\u00f3w politycznych PRL-u&nbsp;z-c\u0119 naczelnika nies\u0142awnego wi\u0119zienia w&nbsp;Barczewie Witolda \u0141uciuk. Uzna\u0142, \u017ce s\u0105d rejonowy niew\u0142a\u015bciwie rozpatrzy\u0142 t\u0105 spraw\u0119 przyjmuj\u0105c, \u017ce nast\u0105pi\u0142o przedawnienie, kt\u00f3re nie nast\u0119puje w wypadku zbrodni komunistycznych i zbrodni przeciwko ludzko\u015bci. Za\u015b przes\u0142anki wskazuj\u0105 \u017ce nale\u017ca\u0142oby traktowa\u0107 to jako zbrodni\u0119 przeciwko ludzko\u015bci, co wyklucza przedawnienie i przes\u0142a\u0142o spraw\u0119 do s\u0105du rejonowego w celu ponownego rozpatrzenia.<\/p>\n\n\n\n<p>W czasie gdy pracowa\u0142 w wi\u0119zieniu w Barczewie Witold \u0141uciuk torturowano wi\u0119\u017ani\u00f3w politycznych PRL-u&nbsp;przez bicie ich zawi\u0105zanych w&nbsp;kaftanach bezpiecze\u0144stwa, zmuszanie do godzinnych spacer\u00f3w na mrozie bez ciep\u0142ej odzie\u017cy, wielokrotne bicie pa\u0142kami, przetrzymywanie w&nbsp;zawilgoconych, zimnych celach bez elementarnych warunk\u00f3w sanitarnych, podduszanie wi\u0119\u017ani\u00f3w w&nbsp;ramach dalszych represji przez grupowe umieszczanie ich w&nbsp;dusznej celi pozbawionej wentylacji (tzw. termosie ). A s\u0105 to tylko niekt\u00f3re z&nbsp;d\u0142ugiej listy represji wobec opozycjonist\u00f3w antykomunistycznych, kt\u00f3rym zostali poddani w&nbsp;okresie wi\u0119zienia ich w&nbsp;zak\u0142adzie karnym w&nbsp;Barczewie w&nbsp;1984 r.<\/p>\n\n\n\n<p>Na sali wys\u0142uchali wyroku oskar\u017cyciele posi\u0142kowi dr Jerzy Kropiwnicki, Andrzej S\u0142owik i&nbsp;Tadeusz Sta\u0144ski oraz mec. Marek Markiewicz<\/p>\n\n\n\n<p>Szczeg\u00f3\u0142y w nagraniu:<\/p>\n\n\n\n<figure class=\"wp-block-embed-youtube wp-block-embed is-type-video is-provider-youtube wp-embed-aspect-16-9 wp-has-aspect-ratio\"><div class=\"wp-block-embed__wrapper\">\n<iframe loading=\"lazy\" title=\"S\u0104D APELACYJNY W WARSZAWIE\" width=\"640\" height=\"360\" src=\"https:\/\/www.youtube.com\/embed\/H8LQ3PGjwg8?feature=oembed\" frameborder=\"0\" allow=\"accelerometer; autoplay; clipboard-write; encrypted-media; gyroscope; picture-in-picture\" allowfullscreen><\/iframe>\n<\/div><\/figure>\n","protected":false},"excerpt":{"rendered":"<p>30 listopada 2020 r. S\u0105d Apelacyjny w Warszawie wyda\u0142 wyrok w kt\u00f3rym uchyli\u0142 wyrok s\u0105du rejonowego uniewinniaj\u0105cy odpowiedzialnego za represje wobec wi\u0119\u017ani\u00f3w politycznych PRL-u&nbsp;z-c\u0119 naczelnika nies\u0142awnego wi\u0119zienia w&nbsp;Barczewie Witolda \u0141uciuk. Uzna\u0142, \u017ce s\u0105d rejonowy niew\u0142a\u015bciwie rozpatrzy\u0142 t\u0105 spraw\u0119 przyjmuj\u0105c, \u017ce nast\u0105pi\u0142o przedawnienie, kt\u00f3re nie nast\u0119puje w wypadku zbrodni komunistycznych i zbrodni przeciwko ludzko\u015bci. Za\u015b przes\u0142anki [&hellip;]<\/p>\n","protected":false},"author":1,"featured_media":4119,"comment_status":"open","ping_status":"open","sticky":false,"template":"","format":"standard","meta":{"_monsterinsights_skip_tracking":false,"_monsterinsights_sitenote_active":false,"_monsterinsights_sitenote_note":"","_monsterinsights_sitenote_category":0},"categories":[22],"tags":[122,111,95],"_links":{"self":[{"href":"https:\/\/odszkodowani.pl\/index.php\/wp-json\/wp\/v2\/posts\/4116"}],"collection":[{"href":"https:\/\/odszkodowani.pl\/index.php\/wp-json\/wp\/v2\/posts"}],"about":[{"href":"https:\/\/odszkodowani.pl\/index.php\/wp-json\/wp\/v2\/types\/post"}],"author":[{"embeddable":true,"href":"https:\/\/odszkodowani.pl\/index.php\/wp-json\/wp\/v2\/users\/1"}],"replies":[{"embeddable":true,"href":"https:\/\/odszkodowani.pl\/index.php\/wp-json\/wp\/v2\/comments?post=4116"}],"version-history":[{"count":3,"href":"https:\/\/odszkodowani.pl\/index.php\/wp-json\/wp\/v2\/posts\/4116\/revisions"}],"predecessor-version":[{"id":4122,"href":"https:\/\/odszkodowani.pl\/index.php\/wp-json\/wp\/v2\/posts\/4116\/revisions\/4122"}],"wp:featuredmedia":[{"embeddable":true,"href":"https:\/\/odszkodowani.pl\/index.php\/wp-json\/wp\/v2\/media\/4119"}],"wp:attachment":[{"href":"https:\/\/odszkodowani.pl\/index.php\/wp-json\/wp\/v2\/media?parent=4116"}],"wp:term":[{"taxonomy":"category","embeddable":true,"href":"https:\/\/odszkodowani.pl\/index.php\/wp-json\/wp\/v2\/categories?post=4116"},{"taxonomy":"post_tag","embeddable":true,"href":"https:\/\/odszkodowani.pl\/index.php\/wp-json\/wp\/v2\/tags?post=4116"}],"curies":[{"name":"wp","href":"https:\/\/api.w.org\/{rel}","templated":true}]}}