{"id":4026,"date":"2020-09-20T01:15:43","date_gmt":"2020-09-19T23:15:43","guid":{"rendered":"http:\/\/odszkodowani.pl\/?p=4026"},"modified":"2020-11-18T01:26:34","modified_gmt":"2020-11-18T00:26:34","slug":"81-rocznica-agresji-sowieckiej-na-polske","status":"publish","type":"post","link":"https:\/\/odszkodowani.pl\/index.php\/2020\/09\/20\/81-rocznica-agresji-sowieckiej-na-polske\/","title":{"rendered":"81. rocznica agresji sowieckiej na Polsk\u0119."},"content":{"rendered":"<p><img decoding=\"async\" loading=\"lazy\" class=\"size-medium wp-image-3142 alignleft\" src=\"http:\/\/odszkodowani.pl\/wp-content\/uploads\/2020\/04\/prof_Jan_Wysocki-300x160.png\" alt=\"prof_Jan_Wysocki\" width=\"300\" height=\"160\" srcset=\"https:\/\/odszkodowani.pl\/wp-content\/uploads\/2020\/04\/prof_Jan_Wysocki-300x160.png 300w, https:\/\/odszkodowani.pl\/wp-content\/uploads\/2020\/04\/prof_Jan_Wysocki.png 750w\" sizes=\"(max-width: 300px) 100vw, 300px\" \/>1 i 17 wrze\u015bnia 1939 r. s\u0105 r\u00f3wnorz\u0119dne m\u00f3wi w Polskim Radiu 24 prof. Wies\u0142aw Wysocki:<\/p>\n<p><a href=\"https:\/\/www.polskieradio24.pl\/130\/6843\/Artykul\/2585855,81-rocznica-agresji-sowieckiej-na-Polske-Historyk-1-i-17-wrzesnia-1939-r-sa-rownorzedne\" target=\"_blank\">https:\/\/www.polskieradio24.pl\/130\/6843\/Artykul\/2585855,81-rocznica-agresji-sowieckiej-na-Polske-Historyk-1-i-17-wrzesnia-1939-r-sa-rownorzedne<\/a><\/p>\n<p>&nbsp;<\/p>\n","protected":false},"excerpt":{"rendered":"<p>1 i 17 wrze\u015bnia 1939 r. s\u0105 r\u00f3wnorz\u0119dne m\u00f3wi w Polskim Radiu 24 prof. Wies\u0142aw Wysocki: https:\/\/www.polskieradio24.pl\/130\/6843\/Artykul\/2585855,81-rocznica-agresji-sowieckiej-na-Polske-Historyk-1-i-17-wrzesnia-1939-r-sa-rownorzedne &nbsp;<\/p>\n","protected":false},"author":1,"featured_media":0,"comment_status":"open","ping_status":"open","sticky":false,"template":"","format":"standard","meta":{"_monsterinsights_skip_tracking":false,"_monsterinsights_sitenote_active":false,"_monsterinsights_sitenote_note":"","_monsterinsights_sitenote_category":0},"categories":[197,149,133],"tags":[159,150,154,135],"_links":{"self":[{"href":"https:\/\/odszkodowani.pl\/index.php\/wp-json\/wp\/v2\/posts\/4026"}],"collection":[{"href":"https:\/\/odszkodowani.pl\/index.php\/wp-json\/wp\/v2\/posts"}],"about":[{"href":"https:\/\/odszkodowani.pl\/index.php\/wp-json\/wp\/v2\/types\/post"}],"author":[{"embeddable":true,"href":"https:\/\/odszkodowani.pl\/index.php\/wp-json\/wp\/v2\/users\/1"}],"replies":[{"embeddable":true,"href":"https:\/\/odszkodowani.pl\/index.php\/wp-json\/wp\/v2\/comments?post=4026"}],"version-history":[{"count":1,"href":"https:\/\/odszkodowani.pl\/index.php\/wp-json\/wp\/v2\/posts\/4026\/revisions"}],"predecessor-version":[{"id":4027,"href":"https:\/\/odszkodowani.pl\/index.php\/wp-json\/wp\/v2\/posts\/4026\/revisions\/4027"}],"wp:attachment":[{"href":"https:\/\/odszkodowani.pl\/index.php\/wp-json\/wp\/v2\/media?parent=4026"}],"wp:term":[{"taxonomy":"category","embeddable":true,"href":"https:\/\/odszkodowani.pl\/index.php\/wp-json\/wp\/v2\/categories?post=4026"},{"taxonomy":"post_tag","embeddable":true,"href":"https:\/\/odszkodowani.pl\/index.php\/wp-json\/wp\/v2\/tags?post=4026"}],"curies":[{"name":"wp","href":"https:\/\/api.w.org\/{rel}","templated":true}]}}