{"id":3986,"date":"2020-10-05T23:34:01","date_gmt":"2020-10-05T21:34:01","guid":{"rendered":"http:\/\/odszkodowani.pl\/?p=3986"},"modified":"2023-05-07T20:26:09","modified_gmt":"2023-05-07T18:26:09","slug":"elzbieta-krolikowska-avis-o-spotkaniu-w-areszcie-sledczym-z-volksdeutschka-z-obozu-na-przemyslowej","status":"publish","type":"post","link":"https:\/\/odszkodowani.pl\/index.php\/2020\/10\/05\/elzbieta-krolikowska-avis-o-spotkaniu-w-areszcie-sledczym-z-volksdeutschka-z-obozu-na-przemyslowej\/","title":{"rendered":"El\u017cbieta Kr\u00f3likowska-Avis o spotkaniu w Areszcie \u015aledczym z volksdeutschk\u0105 z obozu na Przemys\u0142owej"},"content":{"rendered":"<p><img decoding=\"async\" loading=\"lazy\" class=\"wp-image-3976 alignleft\" src=\"http:\/\/odszkodowani.pl\/wp-content\/uploads\/2020\/11\/Zrzut-ekranu-2020-11-17-o-23.06.28-300x204.png\" alt=\"Zrzut ekranu 2020-11-17 o 23.06.28\" width=\"344\" height=\"234\" srcset=\"https:\/\/odszkodowani.pl\/wp-content\/uploads\/2020\/11\/Zrzut-ekranu-2020-11-17-o-23.06.28-300x204.png 300w, https:\/\/odszkodowani.pl\/wp-content\/uploads\/2020\/11\/Zrzut-ekranu-2020-11-17-o-23.06.28.png 480w\" sizes=\"(max-width: 344px) 100vw, 344px\" \/><\/p>\n<p>Artyku\u0142 w Tygodniku TVP<\/p>\n<p><a href=\"https:\/\/tygodnik.tvp.pl\/50430512\/malo-bilam-dzieci-jezeli-je-bilam-to-tylko-na-polecenie\" target=\"_blank\" rel=\"noopener\">https:\/\/tygodnik.tvp.pl\/50430512\/malo-bilam-dzieci-jezeli-je-bilam-to-tylko-na-polecenie<\/a><\/p>\n","protected":false},"excerpt":{"rendered":"<p>Artyku\u0142 w Tygodniku TVP https:\/\/tygodnik.tvp.pl\/50430512\/malo-bilam-dzieci-jezeli-je-bilam-to-tylko-na-polecenie<\/p>\n","protected":false},"author":1,"featured_media":0,"comment_status":"open","ping_status":"open","sticky":false,"template":"","format":"standard","meta":{"_monsterinsights_skip_tracking":false,"_monsterinsights_sitenote_active":false,"_monsterinsights_sitenote_note":"","_monsterinsights_sitenote_category":0},"categories":[143,149],"tags":[144,150],"_links":{"self":[{"href":"https:\/\/odszkodowani.pl\/index.php\/wp-json\/wp\/v2\/posts\/3986"}],"collection":[{"href":"https:\/\/odszkodowani.pl\/index.php\/wp-json\/wp\/v2\/posts"}],"about":[{"href":"https:\/\/odszkodowani.pl\/index.php\/wp-json\/wp\/v2\/types\/post"}],"author":[{"embeddable":true,"href":"https:\/\/odszkodowani.pl\/index.php\/wp-json\/wp\/v2\/users\/1"}],"replies":[{"embeddable":true,"href":"https:\/\/odszkodowani.pl\/index.php\/wp-json\/wp\/v2\/comments?post=3986"}],"version-history":[{"count":2,"href":"https:\/\/odszkodowani.pl\/index.php\/wp-json\/wp\/v2\/posts\/3986\/revisions"}],"predecessor-version":[{"id":5403,"href":"https:\/\/odszkodowani.pl\/index.php\/wp-json\/wp\/v2\/posts\/3986\/revisions\/5403"}],"wp:attachment":[{"href":"https:\/\/odszkodowani.pl\/index.php\/wp-json\/wp\/v2\/media?parent=3986"}],"wp:term":[{"taxonomy":"category","embeddable":true,"href":"https:\/\/odszkodowani.pl\/index.php\/wp-json\/wp\/v2\/categories?post=3986"},{"taxonomy":"post_tag","embeddable":true,"href":"https:\/\/odszkodowani.pl\/index.php\/wp-json\/wp\/v2\/tags?post=3986"}],"curies":[{"name":"wp","href":"https:\/\/api.w.org\/{rel}","templated":true}]}}