{"id":3981,"date":"2020-09-18T23:09:55","date_gmt":"2020-09-18T21:09:55","guid":{"rendered":"http:\/\/odszkodowani.pl\/?p=3981"},"modified":"2020-11-17T23:21:16","modified_gmt":"2020-11-17T22:21:16","slug":"krolikowska-avis-nasza-dobra-zmiana-nie-docenia-ekspertow","status":"publish","type":"post","link":"https:\/\/odszkodowani.pl\/index.php\/2020\/09\/18\/krolikowska-avis-nasza-dobra-zmiana-nie-docenia-ekspertow\/","title":{"rendered":"Kr\u00f3likowska-Avis: nasza &#8220;dobra zmiana&#8221; nie docenia ekspert\u00f3w"},"content":{"rendered":"<p><img decoding=\"async\" loading=\"lazy\" class=\"alignnone  wp-image-3982\" src=\"http:\/\/odszkodowani.pl\/wp-content\/uploads\/2020\/11\/Zrzut-ekranu-2020-11-17-o-23.17.51-300x170.png\" alt=\"Zrzut ekranu 2020-11-17 o 23.17.51\" width=\"805\" height=\"456\" srcset=\"https:\/\/odszkodowani.pl\/wp-content\/uploads\/2020\/11\/Zrzut-ekranu-2020-11-17-o-23.17.51-300x170.png 300w, https:\/\/odszkodowani.pl\/wp-content\/uploads\/2020\/11\/Zrzut-ekranu-2020-11-17-o-23.17.51.png 739w\" sizes=\"(max-width: 805px) 100vw, 805px\" \/><\/p>\n<p>O II Zje\u017adzie og\u00f3lnopolskim Formacji Niepodleg\u0142o\u015bciowej m\u00f3wi El\u017cbieta Kr\u00f3likowska-Avis w TV Republika<\/p>\n<p><a href=\"http:\/\/telewizjarepublika.pl\/krolikowska-avis-nasza-dobra-zmiana-nie-docenia-ekspertow,102015.html\" target=\"_blank\">http:\/\/telewizjarepublika.pl\/krolikowska-avis-nasza-dobra-zmiana-nie-docenia-ekspertow,102015.html<\/a><\/p>\n","protected":false},"excerpt":{"rendered":"<p>O II Zje\u017adzie og\u00f3lnopolskim Formacji Niepodleg\u0142o\u015bciowej m\u00f3wi El\u017cbieta Kr\u00f3likowska-Avis w TV Republika http:\/\/telewizjarepublika.pl\/krolikowska-avis-nasza-dobra-zmiana-nie-docenia-ekspertow,102015.html<\/p>\n","protected":false},"author":1,"featured_media":0,"comment_status":"open","ping_status":"open","sticky":false,"template":"","format":"standard","meta":{"_monsterinsights_skip_tracking":false,"_monsterinsights_sitenote_active":false,"_monsterinsights_sitenote_note":"","_monsterinsights_sitenote_category":0},"categories":[65,149,20,133],"tags":[150,85,135,87],"_links":{"self":[{"href":"https:\/\/odszkodowani.pl\/index.php\/wp-json\/wp\/v2\/posts\/3981"}],"collection":[{"href":"https:\/\/odszkodowani.pl\/index.php\/wp-json\/wp\/v2\/posts"}],"about":[{"href":"https:\/\/odszkodowani.pl\/index.php\/wp-json\/wp\/v2\/types\/post"}],"author":[{"embeddable":true,"href":"https:\/\/odszkodowani.pl\/index.php\/wp-json\/wp\/v2\/users\/1"}],"replies":[{"embeddable":true,"href":"https:\/\/odszkodowani.pl\/index.php\/wp-json\/wp\/v2\/comments?post=3981"}],"version-history":[{"count":1,"href":"https:\/\/odszkodowani.pl\/index.php\/wp-json\/wp\/v2\/posts\/3981\/revisions"}],"predecessor-version":[{"id":3983,"href":"https:\/\/odszkodowani.pl\/index.php\/wp-json\/wp\/v2\/posts\/3981\/revisions\/3983"}],"wp:attachment":[{"href":"https:\/\/odszkodowani.pl\/index.php\/wp-json\/wp\/v2\/media?parent=3981"}],"wp:term":[{"taxonomy":"category","embeddable":true,"href":"https:\/\/odszkodowani.pl\/index.php\/wp-json\/wp\/v2\/categories?post=3981"},{"taxonomy":"post_tag","embeddable":true,"href":"https:\/\/odszkodowani.pl\/index.php\/wp-json\/wp\/v2\/tags?post=3981"}],"curies":[{"name":"wp","href":"https:\/\/api.w.org\/{rel}","templated":true}]}}