{"id":3940,"date":"2020-08-24T23:31:37","date_gmt":"2020-08-24T21:31:37","guid":{"rendered":"http:\/\/odszkodowani.pl\/?p=3940"},"modified":"2020-11-17T22:37:03","modified_gmt":"2020-11-17T21:37:03","slug":"sprawa-podwyzek-oslabila-po-to-on-moze-zastapic-budke","status":"publish","type":"post","link":"https:\/\/odszkodowani.pl\/index.php\/2020\/08\/24\/sprawa-podwyzek-oslabila-po-to-on-moze-zastapic-budke\/","title":{"rendered":"Sprawa podwy\u017cek os\u0142abi\u0142a PO. To on mo\u017ce zast\u0105pi\u0107 Budk\u0119?"},"content":{"rendered":"<p><img decoding=\"async\" loading=\"lazy\" class=\"alignnone wp-image-3750\" src=\"http:\/\/odszkodowani.pl\/wp-content\/uploads\/2020\/07\/Anusz-300x160.png\" alt=\"Anusz\" width=\"993\" height=\"529\" srcset=\"https:\/\/odszkodowani.pl\/wp-content\/uploads\/2020\/07\/Anusz-300x160.png 300w, https:\/\/odszkodowani.pl\/wp-content\/uploads\/2020\/07\/Anusz.png 750w\" sizes=\"(max-width: 993px) 100vw, 993px\" \/><\/p>\n<p>Jest bardzo prawdopodobne, \u017ce\u00a0Borys Budka wkr\u00f3tce przestanie \u0142\u0105czy\u0107 funkcj\u0119 szefa partii i\u00a0szefa klubu. Nowym przewodnicz\u0105cym klubu mo\u017ce zosta\u0107 Tomasz Siemoniak \u2013\u00a0m\u00f3wi DoRzeczy.pl dr Andrzej Anusz, politolog z\u00a0Instytutu Pi\u0142sudskiego<\/p>\n<p>w doRzeczy.pl:<\/p>\n<p><a href=\"https:\/\/dorzeczy.pl\/kraj\/151304\/sprawa-podwyzek-oslabila-po-to-on-moze-zastapic-budke.html\">https:\/\/dorzeczy.pl\/kraj\/151304\/sprawa-podwyzek-oslabila-po-to-on-moze-zastapic-budke.html<\/a><\/p>\n<p>w TySol.pl:<\/p>\n<p><a href=\"https:\/\/www.tysol.pl\/a52545-Kto-za-Borysa-Budke-Ciekawe-spekulacje\">https:\/\/www.tysol.pl\/a52545-Kto-za-Borysa-Budke-Ciekawe-spekulacje<\/a><\/p>\n<p>we Frondzie.pl<\/p>\n<p><a href=\"https:\/\/www.fronda.pl\/a\/czy-siemoniak-zastapi-budke,149174.html\">https:\/\/www.fronda.pl\/a\/czy-siemoniak-zastapi-budke,149174.html<\/a><\/p>\n<p>w wMeritum.pl<\/p>\n<blockquote class=\"wp-embedded-content\" data-secret=\"gRdR1K8ZpB\"><p><a href=\"https:\/\/wmeritum.pl\/budka-klub-szef-po-zastapi\/321156\">To on zast\u0105pi Borysa Budk\u0119 na fotelu szefa? Ekspert wskazuje nowe nazwisko<\/a><\/p><\/blockquote>\n<p><iframe class=\"wp-embedded-content\" sandbox=\"allow-scripts\" security=\"restricted\" style=\"position: absolute; clip: rect(1px, 1px, 1px, 1px);\" src=\"https:\/\/wmeritum.pl\/budka-klub-szef-po-zastapi\/321156\/embed#?secret=gRdR1K8ZpB\" data-secret=\"gRdR1K8ZpB\" width=\"600\" height=\"338\" title=\"&#8222;To on zast\u0105pi Borysa Budk\u0119 na fotelu szefa? Ekspert wskazuje nowe nazwisko&#8221; &#8212; wMeritum.pl\" frameborder=\"0\" marginwidth=\"0\" marginheight=\"0\" scrolling=\"no\"><\/iframe><\/p>\n","protected":false},"excerpt":{"rendered":"<p>Jest bardzo prawdopodobne, \u017ce\u00a0Borys Budka wkr\u00f3tce przestanie \u0142\u0105czy\u0107 funkcj\u0119 szefa partii i\u00a0szefa klubu. Nowym przewodnicz\u0105cym klubu mo\u017ce zosta\u0107 Tomasz Siemoniak \u2013\u00a0m\u00f3wi DoRzeczy.pl dr Andrzej Anusz, politolog z\u00a0Instytutu Pi\u0142sudskiego w doRzeczy.pl: https:\/\/dorzeczy.pl\/kraj\/151304\/sprawa-podwyzek-oslabila-po-to-on-moze-zastapic-budke.html w TySol.pl: https:\/\/www.tysol.pl\/a52545-Kto-za-Borysa-Budke-Ciekawe-spekulacje we Frondzie.pl https:\/\/www.fronda.pl\/a\/czy-siemoniak-zastapi-budke,149174.html w wMeritum.pl To on zast\u0105pi Borysa Budk\u0119 na fotelu szefa? Ekspert wskazuje nowe nazwisko<\/p>\n","protected":false},"author":1,"featured_media":0,"comment_status":"open","ping_status":"open","sticky":false,"template":"","format":"standard","meta":{"_monsterinsights_skip_tracking":false,"_monsterinsights_sitenote_active":false,"_monsterinsights_sitenote_note":"","_monsterinsights_sitenote_category":0},"categories":[143,149],"tags":[144,92,155,150],"_links":{"self":[{"href":"https:\/\/odszkodowani.pl\/index.php\/wp-json\/wp\/v2\/posts\/3940"}],"collection":[{"href":"https:\/\/odszkodowani.pl\/index.php\/wp-json\/wp\/v2\/posts"}],"about":[{"href":"https:\/\/odszkodowani.pl\/index.php\/wp-json\/wp\/v2\/types\/post"}],"author":[{"embeddable":true,"href":"https:\/\/odszkodowani.pl\/index.php\/wp-json\/wp\/v2\/users\/1"}],"replies":[{"embeddable":true,"href":"https:\/\/odszkodowani.pl\/index.php\/wp-json\/wp\/v2\/comments?post=3940"}],"version-history":[{"count":7,"href":"https:\/\/odszkodowani.pl\/index.php\/wp-json\/wp\/v2\/posts\/3940\/revisions"}],"predecessor-version":[{"id":3964,"href":"https:\/\/odszkodowani.pl\/index.php\/wp-json\/wp\/v2\/posts\/3940\/revisions\/3964"}],"wp:attachment":[{"href":"https:\/\/odszkodowani.pl\/index.php\/wp-json\/wp\/v2\/media?parent=3940"}],"wp:term":[{"taxonomy":"category","embeddable":true,"href":"https:\/\/odszkodowani.pl\/index.php\/wp-json\/wp\/v2\/categories?post=3940"},{"taxonomy":"post_tag","embeddable":true,"href":"https:\/\/odszkodowani.pl\/index.php\/wp-json\/wp\/v2\/tags?post=3940"}],"curies":[{"name":"wp","href":"https:\/\/api.w.org\/{rel}","templated":true}]}}