{"id":3914,"date":"2020-08-17T13:15:25","date_gmt":"2020-08-17T11:15:25","guid":{"rendered":"http:\/\/odszkodowani.pl\/?p=3914"},"modified":"2020-08-17T22:18:24","modified_gmt":"2020-08-17T20:18:24","slug":"lukaszenka-wyklucza-powtorzenie-wyborow-parys-konflikt-bedzie-narastal","status":"publish","type":"post","link":"https:\/\/odszkodowani.pl\/index.php\/2020\/08\/17\/lukaszenka-wyklucza-powtorzenie-wyborow-parys-konflikt-bedzie-narastal\/","title":{"rendered":"\u0141ukaszenka wyklucza powt\u00f3rzenie wybor\u00f3w. Parys: konflikt b\u0119dzie narasta\u0142"},"content":{"rendered":"<p>Jan Parys o sytuacji na Bia\u0142orusi \u00a0w programie\u00a0Temat dnia w Polskim Radiu 24<\/p>\n<p><a href=\"https:\/\/polskieradio24.pl\/130\/5925\/Artykul\/2566467,Lukaszenka-wyklucza-powtorzenie-wyborow-Parys-konflikt-bedzie-narastal\" target=\"_blank\">https:\/\/polskieradio24.pl\/130\/5925\/Artykul\/2566467,Lukaszenka-wyklucza-powtorzenie-wyborow-Parys-konflikt-bedzie-narastal<\/a><\/p>\n","protected":false},"excerpt":{"rendered":"<p>Jan Parys o sytuacji na Bia\u0142orusi \u00a0w programie\u00a0Temat dnia w Polskim Radiu 24 https:\/\/polskieradio24.pl\/130\/5925\/Artykul\/2566467,Lukaszenka-wyklucza-powtorzenie-wyborow-Parys-konflikt-bedzie-narastal<\/p>\n","protected":false},"author":1,"featured_media":3288,"comment_status":"open","ping_status":"open","sticky":false,"template":"","format":"standard","meta":{"_monsterinsights_skip_tracking":false,"_monsterinsights_sitenote_active":false,"_monsterinsights_sitenote_note":"","_monsterinsights_sitenote_category":0},"categories":[149,133],"tags":[207,94,155,150,135],"_links":{"self":[{"href":"https:\/\/odszkodowani.pl\/index.php\/wp-json\/wp\/v2\/posts\/3914"}],"collection":[{"href":"https:\/\/odszkodowani.pl\/index.php\/wp-json\/wp\/v2\/posts"}],"about":[{"href":"https:\/\/odszkodowani.pl\/index.php\/wp-json\/wp\/v2\/types\/post"}],"author":[{"embeddable":true,"href":"https:\/\/odszkodowani.pl\/index.php\/wp-json\/wp\/v2\/users\/1"}],"replies":[{"embeddable":true,"href":"https:\/\/odszkodowani.pl\/index.php\/wp-json\/wp\/v2\/comments?post=3914"}],"version-history":[{"count":1,"href":"https:\/\/odszkodowani.pl\/index.php\/wp-json\/wp\/v2\/posts\/3914\/revisions"}],"predecessor-version":[{"id":3915,"href":"https:\/\/odszkodowani.pl\/index.php\/wp-json\/wp\/v2\/posts\/3914\/revisions\/3915"}],"wp:featuredmedia":[{"embeddable":true,"href":"https:\/\/odszkodowani.pl\/index.php\/wp-json\/wp\/v2\/media\/3288"}],"wp:attachment":[{"href":"https:\/\/odszkodowani.pl\/index.php\/wp-json\/wp\/v2\/media?parent=3914"}],"wp:term":[{"taxonomy":"category","embeddable":true,"href":"https:\/\/odszkodowani.pl\/index.php\/wp-json\/wp\/v2\/categories?post=3914"},{"taxonomy":"post_tag","embeddable":true,"href":"https:\/\/odszkodowani.pl\/index.php\/wp-json\/wp\/v2\/tags?post=3914"}],"curies":[{"name":"wp","href":"https:\/\/api.w.org\/{rel}","templated":true}]}}