{"id":3786,"date":"2020-07-15T03:40:34","date_gmt":"2020-07-15T01:40:34","guid":{"rendered":"http:\/\/odszkodowani.pl\/?p=3786"},"modified":"2020-07-26T03:42:51","modified_gmt":"2020-07-26T01:42:51","slug":"protokol-ze-spotkania-kierownictwa-fundacji-z-dnia-15-07-2020","status":"publish","type":"post","link":"https:\/\/odszkodowani.pl\/index.php\/2020\/07\/15\/protokol-ze-spotkania-kierownictwa-fundacji-z-dnia-15-07-2020\/","title":{"rendered":"Protok\u00f3\u0142 ze spotkania Kierownictwa Fundacji  z dnia 15.07.2020"},"content":{"rendered":"<p style=\"text-align: center;\">Protok\u00f3\u0142 ze spotkania Kierownictwa Fundacji<\/p>\n<p style=\"text-align: center;\">z dnia 15.07.2020<\/p>\n<p style=\"text-align: center;\">spotkanie bezpo\u015brednie<!--more--><\/p>\n<ol>\n<li>Tadeusz Sta\u0144ski przedstawi\u0142 bie\u017c\u0105c\u0105 analiz\u0119 polityczn\u0105<\/li>\n<\/ol>\n<ul>\n<li>Chc\u0119 wam powiedzie\u0107 najkr\u00f3tsz\u0105 recenzj\u0119 \u2013 Wygrali\u015bmy! \u2013 i co dalej?<\/li>\n<li>Nie ma co liczy\u0107 na trzy lata spokoju, czeka nas masa ci\u0119\u017ckiej pracy<\/li>\n<li>w dalszym ci\u0105gu uwa\u017cam, \u017ce Andrzej Duda nie uzyska\u0142 znacz\u0105cej przewagi mimo poparcia \u015brodowisk patriotycznych poniewa\u017c nie odwo\u0142a\u0142 si\u0119 do trzeciej si\u0142y.<\/li>\n<li>opozycja szykuje si\u0119 do kontrataku i b\u0119dzie pr\u00f3bowa\u0142a uniewa\u017cni\u0107 wybory i te pr\u00f3by dojd\u0105 do Europarlametu<\/li>\n<li>Je\u017celi chodzi o Konfederacj\u0119, to trzeba pami\u0119ta\u0107, \u017ce Bosak, to dziecko Giertycha. Ja rozmawia\u0142em z Korwinem przed wyborami parlamentarnymi i wed\u0142ug mnie przestraszy\u0142 si\u0119 wsp\u00f3\u0142dzia\u0142ania z nami. R\u00f3wnocze\u015bnie my zawsze byli\u015bmy przeciw Rosji, a Konfederacja twierdzi, \u017ce mo\u017cna z ni\u0105 wsp\u00f3\u0142pracowa\u0107.<\/li>\n<li>Trzeba pami\u0119ta\u0107, \u017ce albo tworzy si\u0119 plany na bie\u017c\u0105co albo w d\u0142u\u017cszej perspektywie.<\/li>\n<li>Tez\u0105 podstawow\u0105 jest potrzeba powstania klasy \u015bredniej. My chcemy umo\u017cliwi\u0107 jej \u017cycie inaczej grozi nam, \u017ce za\u015bniedziejemy<\/li>\n<\/ul>\n<ol start=\"2\">\n<li>Zbigniew Okorski \u2013 Rodzina Bosaka Pochodzi z Kres\u00f3w spod Stanis\u0142awowa. Osiedlili si\u0119 w okolicach Zielonej G\u00f3ry. PiS jest parti\u0105 postsanacyjn\u0105. Konfederacja b\u0119dzie wsp\u00f3\u0142pracowa\u0107 z rz\u0105dem w sprawach w kt\u00f3rych z nim si\u0119 zgadza nie b\u0119dzie opozycj\u0105 dla samego bycia ni\u0105. Nie mog\u0142a poprze\u0107 nikogo w II turze wybor\u00f3w bo musia\u0142a utrzyma\u0107 sw\u00f3j pion programowy. PiS bardzo dobrze zrobi\u0142 likwiduj\u0105c gimnazja, uw\u0142aszczaj\u0105c grunty poprzez likwidacj\u0119 dzier\u017cawy wieczystej. Przemiany ustrojowe u nas nie doprowadzi\u0142y do lustracji, dekomunizacji, restytucji mienia i przez to zablokowano powr\u00f3t elit. Wi\u0119kszo\u015b\u0107 maj\u0105tk\u00f3w i przedsi\u0119biorstw by\u0142a ma\u0142a i mo\u017cna je by\u0142o spokojnie odda\u0107 To wszystko do zaniedbania od pocz\u0105tku. \u201eOkr\u0105g\u0142y St\u00f3\u0142\u201d pos\u0142u\u017cy\u0142 do uw\u0142aszczenia postkomunist\u00f3w. Masowa wyprzeda\u017c kapita\u0142u.Za Gierka pieni\u0105dze zosta\u0142y do\u015b\u0107 dobrze wykorzystane, zrobiono skokow\u0105 modernizacj\u0105 przemys\u0142u. Mieli\u015bmy nowoczesny przemys\u0142. Po 1989 roku zniszczono polskie stocznie<\/li>\n<li>Agnieszka Ha\u0142aburdzin-Rutkowska: Bosak nie opowiadaj\u0105c si\u0119 po \u017cadne ze stron pozostawi\u0142 swoich wyborc\u00f3w z dylematem moralnym przeciwko komu g\u0142osowa\u0107 i kto jest wi\u0119kszym szkodnikiem z dw\u00f3ch kandydat\u00f3w, nie wpisa\u0142 si\u0119 tym samym w wojn\u0119 kulturow\u0105 na arenie kt\u00f3rej si\u0119 znajdujemy. Prowadzi\u0142 swoj\u0105 kampani\u0119 zgodnie ze starymi regu\u0142ami gry politycznej i nie skorzysta\u0142 z mo\u017cliwo\u015bci wyznaczenia nowych standard\u00f3w w polityce. To mo\u017ce wbrew pozorom zaprzepa\u015bci\u0107 szans\u0119 Konfederacji na stanie si\u0119 trzeci\u0105 si\u0142\u0105 polityczn\u0105. To w\u0142a\u015bnie warto\u015bci spowodowa\u0142y, \u017ce cz\u0119\u015b\u0107 elektoratu PiS zacz\u0119\u0142a g\u0142osowa\u0107 na Konfederacj\u0119, kt\u00f3ra w ich promowaniu sta\u0142a si\u0119 bardziej radykalna. My za\u015b musimy przygotowa\u0107 si\u0119 do zaostrzaj\u0105cej si\u0119 wojny kulturowej. Wynik wybor\u00f3w m\u00f3g\u0142by \u015bwiadczy\u0107, \u017ce zwolennik\u00f3w liberalizmu obyczajowego w Polsce jest prawie po\u0142owa. Na tym b\u0119dzie budowany nowy szturm ideologii lewackiej na nasze polskie warto\u015bci. Nie uda\u0142o si\u0119 pokaza\u0107 rz\u0105dz\u0105cym naszej woli aby pa\u0144stwo sta\u0142o na stra\u017cy warto\u015bci, bo \u201eza kiwali\u015bmy si\u0119\u201d w interesach partyjnych.<\/li>\n<li>B\u0105kiewicz wykaza\u0142 klas\u0119 przed drug\u0105 tur\u0105 wybor\u00f3w wspieraj\u0105c Dud\u0119 i pokaza\u0142, \u017ce interes narodowy jest istotniejszy od partykularnych interes\u00f3w grupy. To mo\u017ce by\u0107 \u015bwietna osoba do wsp\u00f3\u0142pracy, bo wpisuje si\u0119 w nurt niepodleg\u0142o\u015bciowy<\/li>\n<li>Fundacja Helsi\u0144ska wyrazi\u0142a, \u017ce jest szalenie rozczarowana spo\u0142ecze\u0144stwem, bo nie mia\u0142o doceni\u0107 dobrych stron Trzaskowskiego. R\u00f3wnocze\u015bnie Fundacja prowadzi akcj\u0119 wpierania i zach\u0119cania do protest\u00f3w wyborczych.<\/li>\n<li>El\u017cbieta Kr\u00f3likowska-Avis W &#8220;Financial Times&#8221; Adam Krzemi\u0144ski z Polityki komentowa\u0142, \u017ce nie wygra\u0142 polski<\/li>\n<\/ol>\n<p>Nie zgadzam si\u0119, \u017ce Konfederacja mia\u0142a prawo do nieopowiadania si\u0119 po \u017cadnej stronie. Raz na 5 lat trzeba si\u0119 opowiedzie\u0107 po kt\u00f3rej\u015b stronie. Je\u017celi mamy wsp\u00f3lne warto\u015bci to jeste\u015bmy razem.<\/p>\n<p>Dziennikarze m\u00f3wi\u0105, \u017ce PiS jest lewicowa, a nie konserwatywna, bo nie zauwa\u017caj\u0105, \u017ce na zachodzie partie konserwatywne ju\u017c od lat zaczynaj\u0105 skr\u0119ca\u0107 w lewo popieraj\u0105c dzia\u0142ania socjalne.<\/p>\n<p>Czeka nas dalsza praca. Bardzo wa\u017cny jest kontakt, kt\u00f3ry nawi\u0105za\u0142 Tadeusz Sta\u0144ski przez pana Sa\u0142ka\u00a0 z Kancelarii Prezydenta. Naszym zadaniem jest przypomnie\u0107 o nas i ja deklaruj\u0119, \u017ce napisz\u0119 pismo na Nowogrodzk\u0105 do Kaczy\u0144skiego o nas. Takie pisma trzeba jak najszybciej napisa\u0107 do premiera i prezydenta aby przypomnie\u0107 o naszych zas\u0142ugach w kampanii i przypomnie\u0107 o obietnicach wsp\u00f3\u0142pracy w uhonorowaniu opozycji niepodleg\u0142o\u015bciowej<\/p>\n<ol start=\"7\">\n<li>Gra\u017cyna Rudnik przypominam, \u017ce sprawa emerytur dla opozycjonist\u00f3w ci\u0105gnie si\u0119 zgodnie z informacj\u0105 od Zwiercanowej przez problemy z grup\u0105 Olewi\u0144skiego. Ich dzia\u0142alno\u015b\u0107 blokuje obecnie wprowadzenie minimalnych emerytur dla opozycjonist\u00f3w w wysoko\u015bci 2.400. Staraj\u0105 si\u0119 o wi\u0119cej ale to jest pisane na wodzie a tak ju\u017c od kilku miesi\u0119cy ci co maj\u0105 najgorzej mogliby pobiera\u0107 wy\u017csze \u015bwiadczenie.<\/li>\n<li>Zjazd Formacji Niepodleg\u0142o\u015bciowej<\/li>\n<\/ol>\n<ul>\n<li>Krzy\u017ce \u2013 postanowili\u015bmy zmieni\u0107 wykonawc\u0119, produkcja nieco dro\u017csza ale jako\u015b\u0107 niepor\u00f3wnanie lepsza. Powinno by\u0107 gotowych na 17.09 100-150 szt<\/li>\n<li>Poniewa\u017c nie mo\u017cemy dosta\u0107 pieni\u0119dzy na odznaczania, ka\u017cda organizacja obci\u0105\u017cy si\u0119 kwot\u0105 za wykonanie odznacze\u0144 zgodnie z liczb\u0105 os\u00f3b do nich zg\u0142oszonych<\/li>\n<li>El\u017cbieta Kr\u00f3likowska-Avis zg\u0142asza Emila Morgiewicza z RUCH-u jako kandydata do po\u015bmiertnego odznaczenia Krzy\u017cem.<\/li>\n<li>Krzysztof Lancman informuje, \u017ce sala na \u017bwirki i Wigury niestety nie b\u0119dzie dost\u0119pna. Konieczne jest spotkanie Urz\u0119dzie aby zatwierdzi\u0107 zmiany.<\/li>\n<\/ul>\n<p>Uroczysto\u015bci o godz. 17.00 nie b\u0119d\u0105 pa\u0144stwowymi ale organizowanymi przez m. st. Warszawa dlatego nie w\u0142\u0105czymy si\u0119 w nie i musimy na nowo przeorganizowa\u0107 uroczysto\u015bci<\/p>\n<ol start=\"9\">\n<li>Kolejne spotkanie w \u015brod\u0119 o godz. 11.00<\/li>\n<\/ol>\n<p style=\"text-align: right;\">Protoko\u0142owa\u0142a<\/p>\n<p style=\"text-align: right;\">\n<p style=\"text-align: right;\">Agnieszka Ha\u0142aburdzin-Rutkowska<\/p>\n<p>&nbsp;<\/p>\n<p>&nbsp;<\/p>\n","protected":false},"excerpt":{"rendered":"<p>Protok\u00f3\u0142 ze spotkania Kierownictwa Fundacji z dnia 15.07.2020 spotkanie bezpo\u015brednie<\/p>\n","protected":false},"author":1,"featured_media":0,"comment_status":"open","ping_status":"open","sticky":false,"template":"","format":"standard","meta":{"_monsterinsights_skip_tracking":false,"_monsterinsights_sitenote_active":false,"_monsterinsights_sitenote_note":"","_monsterinsights_sitenote_category":0},"categories":[27],"tags":[138,189,200,119,171,95],"_links":{"self":[{"href":"https:\/\/odszkodowani.pl\/index.php\/wp-json\/wp\/v2\/posts\/3786"}],"collection":[{"href":"https:\/\/odszkodowani.pl\/index.php\/wp-json\/wp\/v2\/posts"}],"about":[{"href":"https:\/\/odszkodowani.pl\/index.php\/wp-json\/wp\/v2\/types\/post"}],"author":[{"embeddable":true,"href":"https:\/\/odszkodowani.pl\/index.php\/wp-json\/wp\/v2\/users\/1"}],"replies":[{"embeddable":true,"href":"https:\/\/odszkodowani.pl\/index.php\/wp-json\/wp\/v2\/comments?post=3786"}],"version-history":[{"count":1,"href":"https:\/\/odszkodowani.pl\/index.php\/wp-json\/wp\/v2\/posts\/3786\/revisions"}],"predecessor-version":[{"id":3787,"href":"https:\/\/odszkodowani.pl\/index.php\/wp-json\/wp\/v2\/posts\/3786\/revisions\/3787"}],"wp:attachment":[{"href":"https:\/\/odszkodowani.pl\/index.php\/wp-json\/wp\/v2\/media?parent=3786"}],"wp:term":[{"taxonomy":"category","embeddable":true,"href":"https:\/\/odszkodowani.pl\/index.php\/wp-json\/wp\/v2\/categories?post=3786"},{"taxonomy":"post_tag","embeddable":true,"href":"https:\/\/odszkodowani.pl\/index.php\/wp-json\/wp\/v2\/tags?post=3786"}],"curies":[{"name":"wp","href":"https:\/\/api.w.org\/{rel}","templated":true}]}}