{"id":3783,"date":"2020-07-08T03:35:57","date_gmt":"2020-07-08T01:35:57","guid":{"rendered":"http:\/\/odszkodowani.pl\/?p=3783"},"modified":"2020-07-26T03:39:38","modified_gmt":"2020-07-26T01:39:38","slug":"protokol-ze-spotkania-kierownictwa-fundacji-z-dnia-08-07-2020","status":"publish","type":"post","link":"https:\/\/odszkodowani.pl\/index.php\/2020\/07\/08\/protokol-ze-spotkania-kierownictwa-fundacji-z-dnia-08-07-2020\/","title":{"rendered":"Protok\u00f3\u0142 ze spotkania Kierownictwa Fundacji  z dnia 08.07.2020"},"content":{"rendered":"<p style=\"text-align: center;\">Protok\u00f3\u0142 ze spotkania Kierownictwa Fundacji<\/p>\n<p style=\"text-align: center;\">z dnia 08.07.2020<\/p>\n<p style=\"text-align: center;\">spotkanie bezpo\u015brednie<!--more--><\/p>\n<ol>\n<li>Tadeusz Sta\u0144ski sprawy bie\u017c\u0105ce:<\/li>\n<\/ol>\n<ul>\n<li>Byli\u015bmy u grawer\u00f3w w sprawie odznaczenia. Pierwszy z nich proponowa\u0142 ni\u017csz\u0105 cen\u0119, jednak wykonanie by\u0142o bardzo niskiej jako\u015bci. Um\u00f3wili\u015bmy si\u0119 z drugim, kt\u00f3ry mo\u017ce nam zrobi\u0107 odznaczenie takie jak sobie wyobra\u017camy, ale kwota wykonania samych odznacze\u0144 to 20 tys. Z\u0142otych. Pytanie jest czy b\u0119dzie nas na nie sta\u0107? Dotychczas z zobowi\u0105za\u0144 jakie podj\u0119\u0142y cz\u0142onkowie Kierownictwa zebrali\u015bmy na ten cel dopiero 2 tys. Poniewa\u017c Kierownictwo chce jednak, aby odznaczenia powsta\u0142y na 17 wrze\u015bnia proponuje, aby te organizacje, kt\u00f3re wytypuj\u0105 osoby do odznacze\u0144 pokry\u0142y koszt ich wykonania. Dlatego, to organizacja b\u0119dzie mia\u0142a wp\u0142yw na typowanie i dystrybuowanie odznacze\u0144. Ka\u017cdy te\u017c poszukuje mo\u017cliwo\u015bci dofinansowania bior\u0105c jednak pod uwag\u0119, \u017ce granty pa\u0144stwowe wykluczaj\u0105 dofinansowywanie odznacze\u0144.<\/li>\n<li>Drug\u0105 spraw\u0105 jest zg\u0142aszanie os\u00f3b do Krzy\u017ca S\u0142u\u017cby Niepodleg\u0142o\u015bci. Ja jad\u0119 do Krakowa, aby rozmawia\u0107 ze \u015brodowiskiem KPN. Stanis\u0142aw sakwa b\u0119dzie odpowiada\u0142 za list\u0119 os\u00f3b z Dolnego \u015al\u0105ska<\/li>\n<li>Przypominam te\u017c, \u017ce mo\u017cemy typowa\u0107 do odznacze\u0144 pa\u0144stwowych. Z kancelarii Prezydenta mo\u017cna otrzymywa\u0107 odznaczenia co 3 lata. Jest te\u017c pytanie czy obejmie Prezydent swoim patronatem Zjazd.<\/li>\n<li>Listy chcia\u0142bym, aby sp\u0142yn\u0119\u0142y do 15 lipca, gdy powstanie szczeg\u00f3\u0142owy plan Zjazdu.<\/li>\n<li>Robert robi zaproszenia<\/li>\n<li>Wsp\u00f3\u0142organizatorami Zjazdu s\u0105 IPN i AAN oraz Muzeum z Rakowieckiej<\/li>\n<li>Jestem po kolejnej rozmowie z Paw\u0142em Sa\u0142kiem, kt\u00f3ry podj\u0105\u0142 te\u017c rozmowy z Kasprzykiem i Szarkiem o sytuacji opozycji niepodleg\u0142o\u015bciowej. Podnoszono spraw\u0119 emerytur i podniesienia ich do \u015bredniej krajowej. Ustawa w tej sprawie le\u017cy w URM-ie i\u00a0z\u00a0racji uwag \u015brodowiska Olewnika czeka jeszcze na poprawki (cho\u0107 mia\u0142 wej\u015b\u0107 w \u017cycie przed wyborami- zgodnie z informacj\u0105 Andrzeja Snarskiego) Obecny dodatek jako prawo nabyte ma pozosta\u0107 dla wszystkich.<\/li>\n<li>R\u00f3wnolegle spotka\u0142 si\u0119 Olewi\u0144ski i Dobrza\u0144ski ze Zwiercanow\u0105 w URM-ie. To \u015brodowisko jest mocno niesp\u00f3jne i \u0142atwo si\u0119 dzieli, ale zosta\u0142o dopuszczone do negocjacji w sprawie emerytur. Wszystkie jednak decyzje b\u0119d\u0105 po wyborach. Musimy jednak mie\u0107 \u015bwiadomo\u015b\u0107, \u017ce je\u017celi Duda przegra to w tej sprawie nie osi\u0105gniemy ju\u017c nic.<\/li>\n<li>W Kancelarii Prezydenta nie wiedziano nic, ile powinna wynosi\u0107 kwota \u015bwiadcze\u0144 dla opozycjonist\u00f3w. Ja poda\u0142em przyk\u0142ad, \u017ce skoro siedzia\u0142em 40 miesi\u0119cy to dodatek 400 z\u0142 to 10 z\u0142 za ka\u017cdy miesi\u0105c mojej odsiadki.<\/li>\n<li>Pocz\u0105tkowo IPN przestraszy\u0142o si\u0119, \u017ce uprawnionych b\u0119dzie 80 tys. I wydawa\u0142o si\u0119, \u017ce nie b\u0119dzie \u015brodk\u00f3w w bud\u017cecie na te \u015bwiadczenia. Obecnie zweryfikowanych jest nieca\u0142e 12 tys. i ich liczba maleje z powodu weryfikacji negatywnej ze strony IPN-u jak pojawiaj\u0105 si\u0119 nowe informacje. To dla pa\u0144stwa uhonorowanie takiej ilo\u015bci os\u00f3b to \u017cadne pieni\u0105dze<\/li>\n<li>Je\u017celi wygra Duda mamy realn\u0105 szans\u0119 na zako\u0144czenie tych negocjacji powodzeniem<\/li>\n<\/ul>\n<ol start=\"2\">\n<li>Wybory 12.07 \u2013 Tadeusz Sta\u0144ski<\/li>\n<\/ol>\n<ul>\n<li>Problemem zasadniczym by\u0142a kumulacja b\u0142\u0119d\u00f3w, o kt\u00f3rych ju\u017c m\u00f3wili\u015bmy: u\u0142askawienie pedofila i dyskredytacja szczepie\u0144 (u Dudy) i zarz\u0105dzanie komunikacj\u0105 miejsk\u0105 z narkotykami w tle (Trzaskowski)<\/li>\n<li>Je\u017celi wygra Duda to dojdzie do Zjazdu PiS w pa\u017adzierniku i wycofania si\u0119 Kaczy\u0144skiego z polityki<\/li>\n<li>Podczas kampanii nie by\u0142o pary ze strony dzia\u0142aczy PiS. Przez chwil\u0119 przesta\u0142 funkcjonowa\u0107 uk\u0142ad dwupolowo\u015bci politycznej (przed 10 maja), wej\u015bcie do gry Trzaskowskiego przywr\u00f3ci\u0142o polaryzacj\u0119 sceny politycznej i PO<\/li>\n<li>Bosak nie p\u00f3jdzie drog\u0105 Kukiza, poniewa\u017c ma parti\u0119 wi\u0119c i zaplecze. Te wybory umacniaj\u0105 Konfederacj\u0119 na scenie politycznej<\/li>\n<li>Ho\u0142ownia kandydat, kt\u00f3ry robi\u0142 kampani\u0119 za pieni\u0105dze USA, te\u017c ma si\u0142\u0119 spo\u0142eczn\u0105, ale raczej wygl\u0105da na efemeryd\u0119 w rodzaju Palikota.<\/li>\n<li>Ci\u0105g\u0142ym b\u0142\u0119dem PiS jest traktowanie nas jako konkurencji i nieskorzystanie z nas jako trzeciej si\u0142y<\/li>\n<li>Teraz PiS ma \u015bwiadomo\u015b\u0107, \u017ce nie ma \u017cadnej pewno\u015bci, \u017ce Duda wygra, straty za\u015b po wygranej Trzaskowskiego b\u0119d\u0105 ogromne<\/li>\n<li>Ja nie wierz\u0119, aby skumulowanie g\u0142os\u00f3w anty-PiS by\u0142o tak du\u017ce<\/li>\n<li>Nasze \u015brodowiska popar\u0142y i nadal popieraj\u0105 Dud\u0119. Teraz powsta\u0142 kolejny list Borowskiego, ale uwa\u017cam, \u017ce nie powinni\u015bmy go podpisa\u0107, bo my ju\u017c sw\u00f3j g\u0142os dali\u015bmy w tej sprawie<\/li>\n<\/ul>\n<ol start=\"3\">\n<li>Akademia, jej dzia\u0142anie jest obecnie nieco utrudnione (dalej m\u00f3j komputer znajduje si\u0119 w naprawie a z mailami mamy problem blokowania wysy\u0142anych informacji i traktowania ich jako spam), ale licz\u0119, \u017ce b\u0119dzie si\u0119 rozwija\u0142a. Ostatnio poszed\u0142 kolejny tekst Bromskiego ja napisz\u0119 swoj\u0105 analiz\u0119 zaraz po niedzieli<\/li>\n<li>Ostatnio byli przedstawiciele rodziny Ziembi\u0144skiego bardzo dzi\u0119kuj\u0105 za zaproszenie i chc\u0105 si\u0119 wszyscy w\u0142\u0105czy\u0107 w uroczysto\u015bci<\/li>\n<li>Kolejne spotkanie w \u015brod\u0119 o godz. 11.00<\/li>\n<\/ol>\n<p style=\"text-align: right;\">Protoko\u0142owa\u0142a<\/p>\n<p style=\"text-align: right;\">\n<p style=\"text-align: right;\">Agnieszka Ha\u0142aburdzin-Rutkowska<\/p>\n","protected":false},"excerpt":{"rendered":"<p>Protok\u00f3\u0142 ze spotkania Kierownictwa Fundacji z dnia 08.07.2020 spotkanie bezpo\u015brednie<\/p>\n","protected":false},"author":1,"featured_media":0,"comment_status":"open","ping_status":"open","sticky":false,"template":"","format":"standard","meta":{"_monsterinsights_skip_tracking":false,"_monsterinsights_sitenote_active":false,"_monsterinsights_sitenote_note":"","_monsterinsights_sitenote_category":0},"categories":[27],"tags":[119,95],"_links":{"self":[{"href":"https:\/\/odszkodowani.pl\/index.php\/wp-json\/wp\/v2\/posts\/3783"}],"collection":[{"href":"https:\/\/odszkodowani.pl\/index.php\/wp-json\/wp\/v2\/posts"}],"about":[{"href":"https:\/\/odszkodowani.pl\/index.php\/wp-json\/wp\/v2\/types\/post"}],"author":[{"embeddable":true,"href":"https:\/\/odszkodowani.pl\/index.php\/wp-json\/wp\/v2\/users\/1"}],"replies":[{"embeddable":true,"href":"https:\/\/odszkodowani.pl\/index.php\/wp-json\/wp\/v2\/comments?post=3783"}],"version-history":[{"count":1,"href":"https:\/\/odszkodowani.pl\/index.php\/wp-json\/wp\/v2\/posts\/3783\/revisions"}],"predecessor-version":[{"id":3784,"href":"https:\/\/odszkodowani.pl\/index.php\/wp-json\/wp\/v2\/posts\/3783\/revisions\/3784"}],"wp:attachment":[{"href":"https:\/\/odszkodowani.pl\/index.php\/wp-json\/wp\/v2\/media?parent=3783"}],"wp:term":[{"taxonomy":"category","embeddable":true,"href":"https:\/\/odszkodowani.pl\/index.php\/wp-json\/wp\/v2\/categories?post=3783"},{"taxonomy":"post_tag","embeddable":true,"href":"https:\/\/odszkodowani.pl\/index.php\/wp-json\/wp\/v2\/tags?post=3783"}],"curies":[{"name":"wp","href":"https:\/\/api.w.org\/{rel}","templated":true}]}}