{"id":3692,"date":"2020-06-24T08:59:43","date_gmt":"2020-06-24T06:59:43","guid":{"rendered":"http:\/\/odszkodowani.pl\/?p=3692"},"modified":"2020-07-03T09:00:53","modified_gmt":"2020-07-03T07:00:53","slug":"protokol-ze-spotkania-kierownictwa-fundacji-z-dnia-24-06-2020","status":"publish","type":"post","link":"https:\/\/odszkodowani.pl\/index.php\/2020\/06\/24\/protokol-ze-spotkania-kierownictwa-fundacji-z-dnia-24-06-2020\/","title":{"rendered":"Protok\u00f3\u0142 ze spotkania Kierownictwa Fundacji   z dnia 24.06.2020"},"content":{"rendered":"<p style=\"text-align: center;\"><span class=\"Apple-converted-space\">\u00a0<\/span>Protok\u00f3\u0142 ze spotkania Kierownictwa Fundacji<span class=\"Apple-converted-space\">\u00a0<\/span><\/p>\n<p style=\"text-align: center;\">z dnia 24.06.2020<span class=\"Apple-converted-space\">\u00a0<\/span><\/p>\n<p style=\"text-align: center;\">spotkanie bezpo\u015brednie<span class=\"Apple-converted-space\">\u00a0<\/span><!--more--><\/p>\n<p>1. Zjazd Formacji Niepodleg\u0142o\u015bciowej<span class=\"Apple-converted-space\">\u00a0<\/span><\/p>\n<p>\u2022 Pismo po uzupe\u0142nieniu wys\u0142ane do UDSKiOR do ministra Kasprzyka<span class=\"Apple-converted-space\">\u00a0<\/span><\/p>\n<p>\u2022 Podejmiemy rozmowy z PKP na temat dojazdu<span class=\"Apple-converted-space\">\u00a0<\/span><\/p>\n<p>\u2022 Wed\u0142ug oceny Lancmana krzy\u017ce b\u0119d\u0105 nas kosztowa\u0142y 75 tysi\u0119cy z\u0142, trzeba szuka\u0107 sponsora, poniewa\u017c w \u017cadnych grantach nie ma mo\u017cliwo\u015bci pozyskania funduszy na odznaczenia wewn\u0119trzne<span class=\"Apple-converted-space\">\u00a0<\/span><\/p>\n<p>\u2022 Potrzebnych b\u0119dzie 350 zaprosze\u0144<span class=\"Apple-converted-space\">\u00a0<\/span><\/p>\n<p>\u2022 Zamkni\u0119cie listy odznaczonych i go\u015bci w po\u0142owie sierpnia<span class=\"Apple-converted-space\">\u00a0<\/span><\/p>\n<ol>\n<ul>\n<li>\u2022 Informacje z AAN od Mariusza Olczaka o Przekazano nam zbiory Jerzego \u0141ojka, gdzie znajduje si\u0119 du\u017co fotografii Ziembi\u0144skiego, to bardzo wzbogaci nasz\u0105 wystaw\u0119<span class=\"Apple-converted-space\">\u00a0<\/span><\/li>\n<li>o na zjazd przyjedzie rodzina Ziembi\u0144skiego<span class=\"Apple-converted-space\">\u00a0<\/span><\/li>\n<li>o na dziedzi\u0144cu AAN obecnie jest wystawa \u201eMatki Niepokornych\u201d<span class=\"Apple-converted-space\">\u00a0<\/span><\/li>\n<li>o Mamy du\u017co informacj\u0119 na wystaw\u0119 na 17IX, proponujemy, aby ograniczy\u0107 j\u0105 do Ziembi\u0144skiego i Ramsau<span class=\"Apple-converted-space\">\u00a0<\/span><\/li>\n<li>o O pozwolenie na postawienie wystawy nale\u017cy wyst\u0105pi\u0107 do miasta<span class=\"Apple-converted-space\">\u00a0<\/span><\/li>\n<li><\/li>\n<li>\u2022 Rozmawiaj\u0105 z organizacjami: o Piwnik<span class=\"Apple-converted-space\">\u00a0<\/span><\/li>\n<li>o Sta\u0144ski \u2013 KPN w Krakowie<span class=\"Apple-converted-space\">\u00a0<\/span><\/li>\n<li>o Obara- Ko\u0144skie i Kieleckie<span class=\"Apple-converted-space\">\u00a0<\/span><\/li>\n<li>o Tadeusz Dudkiewicz \u2013 Staropolskie Stowarzyszenie Os\u00f3b Represjonowanych w Kielcach oraz Bia\u0142ostockim WiR-em(w\u0142\u0105czy\u0107 potem w organizacj\u0119 ods\u0142oni\u0119cie tablicy w Piszu)<span class=\"Apple-converted-space\">\u00a0<\/span><\/li>\n<li>o El\u017cbieta Kr\u00f3likowska-Avis -RUCH<span class=\"Apple-converted-space\">\u00a0<\/span><\/li>\n<li>o Jeszcze nawi\u0105zanie kontaktu z \u0141odzi\u0105, Szczecinem<span class=\"Apple-converted-space\">\u00a0<\/span><\/li>\n<li>o Radom ze sztandarem<span class=\"Apple-converted-space\">\u00a0<\/span><\/li>\n<li>o Og\u00f3lnopolski Komitet Represjonowanych<span class=\"Apple-converted-space\">\u00a0<\/span><\/li>\n<li><\/li>\n<li>\u2022 Lancman poinformowa\u0142, \u017ce Kasprzyk b\u0119dzie potrzebowa\u0142 oko\u0142o 50 zaprosze\u0144<span class=\"Apple-converted-space\">\u00a0<\/span><\/li>\n<li>\u2022 Za tydzie\u0144 Andrzej Kiry\u0142\u0142o przygotuje projekt zaprosze\u0144<span class=\"Apple-converted-space\">\u00a0<\/span><\/li>\n<li>\u2022 Z kraju przyjad\u0105 w \u015brod\u0119 wieczorem potrzebne dwie doby hotelowe<span class=\"Apple-converted-space\">\u00a0<\/span><\/li>\n<li>\u2022 B\u0119d\u0105 potrzebne listy imienne z PESEL-ami<span class=\"Apple-converted-space\">\u00a0<\/span><\/li>\n<\/ul>\n<\/ol>\n<p>2. Mariusz Olczak jedzie do Wroc\u0142awia po kolejne dokumenty, Pierwsz\u0105 ksi\u0105\u017ck\u0119 o Katyniu wyda\u0142 \u0141ojek. Zorganizowana wystawa nie zawiera tych informacji nie wspomina te\u017c o Stefanie Melaku, powinni\u015bmy si\u0119 o to upomnie\u0107.<span class=\"Apple-converted-space\">\u00a0<\/span><\/p>\n<p>3. Teksty list\u00f3w zaaprobowa\u0142 Mariusz Olczak i podzi\u0119kowa\u0142 za wsparcie. P\u00f3jdzie z Miros\u0142awem Widlickim i Gra\u017cyn\u0105 Rudnik do Gawin. Nominacja zale\u017cy teoretycznie od Gli\u0144skiego, ale to Gawin b\u0119dzie podejmowa\u0142a decyzj\u0119.<span class=\"Apple-converted-space\">\u00a0<\/span><\/p>\n<p>4. Mariusz zaproponowa\u0142 spotkanie z doradc\u0105 Prezydenta RP Paw\u0142em Sa\u0142kiem aby\u015bmy przedstawili nasze propozycje. Najpierw by\u0142 bardzo ch\u0119tny, ale obecnie unika spotkania. Nie wiemy, czy zrezygnowali po li\u015bcie poparcia, czy ci\u0105gnie si\u0119 sprawa procesu przeciwko Prezydentowi o odszkodowanie dla represjonowanych.<span class=\"Apple-converted-space\">\u00a0<\/span><\/p>\n<p>5. Tadeusz Sta\u0144ski przedstawi\u0142 bie\u017c\u0105c\u0105 analiz\u0119 polityczn\u0105<span class=\"Apple-converted-space\">\u00a0<\/span><\/p>\n<p>\u2022 przypomnia\u0142, \u017ce art. 19 Konstytucji zobowi\u0105zuje Rzeczpospolit\u0105 Polsk\u0105 do otaczania specjaln\u0105 opiek\u0105 weteran\u00f3w walk o niepodleg\u0142o\u015b\u0107 i \u017ce do tego punktu Prezydent nie dotar\u0142 podczas kampanii, a my powinni\u015bmy si\u0119 stara\u0107 mu o tym przypomina\u0107. Teraz w\u0142a\u015bnie przy wyje\u017adzie do Stan\u00f3w Zjednoczonych mog\u0142aby ta sprawa poruszy\u0107 serca rodak\u00f3w.<span class=\"Apple-converted-space\">\u00a0<\/span><\/p>\n<p>\u2022 Stany maj\u0105 teraz swoje k\u0142opoty pojawiaj\u0105 si\u0119 nawet propozycje zmiany nawet nazw miast np. Nowy Jork na Black Town. Z du\u017cym prawdopodobie\u0144stwem podczas spotkania Prezydent\u00f3w zbior\u0105 si\u0119 \u015brodowiska LGBT i zrobi\u0105 zamieszanie.<span class=\"Apple-converted-space\">\u00a0<\/span><\/p>\n<p>\u2022 Spotkanie w USA jest nie tylko wa\u017cne dla Dudy, ale te\u017c dla Trampa, poniewa\u017c zbli\u017caj\u0105 si\u0119 te\u017c wybory w Stanach.<span class=\"Apple-converted-space\">\u00a0<\/span><\/p>\n<p>\u2022 My mo\u017cemy ugra\u0107 inwestycje takie jak przeniesienie centr\u00f3w danych Google\u2019a i chmury danych do Polski (inwestycje rz\u0119du 2 mld $), oraz zwi\u0119kszenie kontyngentu wojsk ameryka\u0144skich. Kwestia wojsk jednak jest w gestii Kongresu a nie prezydenta.<span class=\"Apple-converted-space\">\u00a0<\/span><\/p>\n<p>\u2022 Pozyskanie elektrowni atomowych ze Stan\u00f3w (co jest istotne w USA jest 300 takich elektrowni a nie mieli jeszcze \u017cadnej awarii) pozwoli na zaspokojenie rosn\u0105cych naszych potrzeb przy ograniczaniu spalania w\u0119gla. Przeciwko tym rozwi\u0105zaniom g\u0142o\u015bno protestuj\u0105 \u015brodowiska zielonych. Chodakiewicz dodaje, \u017ce z Niemiec zostanie zabrany atom wraz z wojskiem, a Niemcy i Sowieci b\u0119d\u0105 starali si\u0119 do tego nie dopu\u015bci\u0107<span class=\"Apple-converted-space\">\u00a0<\/span><\/p>\n<p>\u2022 Wyjazd do Trampa jest obop\u00f3lnym podaniem r\u0105k. Poprzedni nasz ambasador zrobi\u0142 b. du\u017co z\u0142ego b\u0119d\u0105c bardziej ambasadorem Izraela ni\u017c Polski (ojciec jego dowodzi\u0142 czystkami w latach 1946-47 podczas ob\u0142awy Augustowskiej- grupa przez niego dowodzona nazywana by\u0142a grup\u0105 od wyrywania paznokci)<span class=\"Apple-converted-space\">\u00a0<\/span><\/p>\n<p>\u2022 Od tego czy Duda wygra dzi\u015b rozmow\u0119 w USA mo\u017ce zale\u017ce\u0107 jego wygrana w wyborach<span class=\"Apple-converted-space\">\u00a0<\/span><\/p>\n<p>\u2022 Tydzie\u0144 temu m\u00f3wili\u015bmy, \u017ce wygra ten co zrobi mniej b\u0142\u0119d\u00f3w. U Trzaskowskiego nast\u0105pi\u0142o ca\u0142kowite rozwarstwienie w kampanii. Sztab Trzaskowskiego nie znalaz\u0142 \u017cadnej afery po stronie PiS, kt\u00f3r\u0105 m\u00f3g\u0142by pokaza\u0107 to b\u0142\u0105d.<span class=\"Apple-converted-space\">\u00a0<\/span><\/p>\n<p>\u2022 Duda nie zrobi\u0142 \u017cadnego b\u0142\u0119du<span class=\"Apple-converted-space\">\u00a0<\/span><\/p>\n<p>6. El\u017cbieta Kr\u00f3likowska \u2013 Avis, PiS przesz\u0142o do ataku- konferencja po konferencji. Pojawi\u0142y si\u0119 osoby, kt\u00f3re s\u0105 bardziej kompetentne Fogler za Czerwi\u0144sk\u0105. Morawiecki wyst\u0119puje ostro. Duda nie przekracza granicy, ale te\u017c jest wyrazisty. Duda spowodowa\u0142, \u017ce koronawirus nie<span class=\"Apple-converted-space\">\u00a0<\/span>rozprzestrzeni\u0142 si\u0119 w ten spos\u00f3b jak np. w Wielkiej Brytanii. Nie si\u0119ga jednak po najwa\u017cniejsze argumenty:<span class=\"Apple-converted-space\">\u00a0<\/span><\/p>\n<p>\u2022 Jest urz\u0119duj\u0105cym Prezydentem<span class=\"Apple-converted-space\">\u00a0<\/span><\/p>\n<p>\u2022 Ma program jako jedyny, a: o Trzaskowski og\u0142osi\u0142, \u017ce w\u0142a\u015bnie dzi\u015b lub jutro zaproponuje program na dzie\u0144 przed cisz\u0105 wyborcz\u0105. Na jakiej podstawie maj\u0105 go rozlicza\u0107 wyborcy za 5 lat<span class=\"Apple-converted-space\">\u00a0<\/span><\/p>\n<p>o Kosiniak-Kamysz, \u017ce b\u0119d\u0105 tanie mieszkania i windy<span class=\"Apple-converted-space\">\u00a0<\/span><\/p>\n<p>o Biedro\u0144 powiedzia\u0142, \u017ce b\u0119dzie prowadzi\u0142 polityk\u0119 zagraniczn\u0105 z naszymi najbli\u017cszymi s\u0105siadami<span class=\"Apple-converted-space\">\u00a0<\/span><\/p>\n<p>\u017baden z kandydat\u00f3w niema programu,<span class=\"Apple-converted-space\">\u00a0<\/span><\/p>\n<p>Do\u015b\u0107 dziwnym pomys\u0142em jest og\u0142oszenie nagrody za najwy\u017csz\u0105 frekwencj\u0119. OSP w danej gminie dostanie w\u00f3z stra\u017cacki. To nie musi by\u0107 dobry pomys\u0142, daje przeciwnikom bro\u0144, ale mo\u017ce jej nie wykorzystaj\u0105.<span class=\"Apple-converted-space\">\u00a0<\/span><\/p>\n<p>7. Dyskusja nad \u201eApelem \u015brodowisk niepodleg\u0142o\u015bciowych\u201d, kt\u00f3ry napisa\u0142a El\u017cbieta Kr\u00f3likowska i ju\u017c w czwartek znalaz\u0142 si\u0119 w portalu wPolityce.pl. W pi\u0105tek u Tadeusz P\u0142u\u017ca\u0144skiego w Polskim Radiu 24 by\u0142 wywiad z El\u017cbiet\u0105, kt\u00f3ra bardzo du\u017co czasu po\u015bwi\u0119ci\u0142a na om\u00f3wienie dzia\u0142ania naszej Fundacji.<span class=\"Apple-converted-space\">\u00a0<\/span><\/p>\n<p>8. \u015awiat si\u0119 zmienia pod wp\u0142ywem pandemii. My\u015blenie polityk\u00f3w w pierwszej kolejno\u015bci by\u0142o: &#8211; chronienie \u017cycia ludzkiego, nast\u0119pnie b\u0119dzie chronienie gospodarki. Dla wszystkich kraj\u00f3w teraz gospodarka b\u0119dzie bardzo wa\u017cna. Kto b\u0119dzie potrafi\u0142 ochroni\u0107 swoj\u0105 gospodark\u0119 wyjdzie z pandemii zwyci\u0119sko. Wielka Brytania od pocz\u0105tku postawi\u0142a na gospodark\u0119, co przynios\u0142o gwa\u0142towny wzrost zachorowa\u0144 teraz ten trend si\u0119 odwraca. Musimy by\u0107 przygotowani jeszcze by\u0107 mo\u017ce na powr\u00f3t choroby. Obecnie wida\u0107 tendencj\u0119 do przej\u015bcia na pieni\u0105dz elektroniczny, co zmieni wiele obecnie wyst\u0119puj\u0105cych proces\u00f3w i ca\u0142\u0105 ekonomi\u0119. Nie b\u0119dzie ju\u017c dotychczasowej wymiany d\u00f3br. Pieni\u0105dz stanie si\u0119 wirtualny ale te\u017c wszechobecny i pozostawiaj\u0105cy po sobie zawsze \u015blad wszystkich operacji.<span class=\"Apple-converted-space\">\u00a0<\/span><\/p>\n<p>9. Pogrzeb pp\u0142k Jana Podg\u00f3rskiego w sobot\u0119 o godz. 15.00 Boernerowo, parafia Matki Bo\u017cej Ostrobramskiej<span class=\"Apple-converted-space\">\u00a0<\/span><\/p>\n<p>10. Kolejne spotkanie w \u015brod\u0119 o godz. 11.00<span class=\"Apple-converted-space\">\u00a0<\/span><\/p>\n<p>Protoko\u0142owa\u0142a<span class=\"Apple-converted-space\">\u00a0<\/span><\/p>\n<p>Agnieszka Ha\u0142aburdzin-Rutkowska<span class=\"Apple-converted-space\">\u00a0<\/span><\/p>\n","protected":false},"excerpt":{"rendered":"<p>\u00a0Protok\u00f3\u0142 ze spotkania Kierownictwa Fundacji\u00a0 z dnia 24.06.2020\u00a0 spotkanie bezpo\u015brednie\u00a0<\/p>\n","protected":false},"author":1,"featured_media":0,"comment_status":"open","ping_status":"open","sticky":false,"template":"","format":"standard","meta":{"_monsterinsights_skip_tracking":false,"_monsterinsights_sitenote_active":false,"_monsterinsights_sitenote_note":"","_monsterinsights_sitenote_category":0},"categories":[27],"tags":[119,95],"_links":{"self":[{"href":"https:\/\/odszkodowani.pl\/index.php\/wp-json\/wp\/v2\/posts\/3692"}],"collection":[{"href":"https:\/\/odszkodowani.pl\/index.php\/wp-json\/wp\/v2\/posts"}],"about":[{"href":"https:\/\/odszkodowani.pl\/index.php\/wp-json\/wp\/v2\/types\/post"}],"author":[{"embeddable":true,"href":"https:\/\/odszkodowani.pl\/index.php\/wp-json\/wp\/v2\/users\/1"}],"replies":[{"embeddable":true,"href":"https:\/\/odszkodowani.pl\/index.php\/wp-json\/wp\/v2\/comments?post=3692"}],"version-history":[{"count":1,"href":"https:\/\/odszkodowani.pl\/index.php\/wp-json\/wp\/v2\/posts\/3692\/revisions"}],"predecessor-version":[{"id":3693,"href":"https:\/\/odszkodowani.pl\/index.php\/wp-json\/wp\/v2\/posts\/3692\/revisions\/3693"}],"wp:attachment":[{"href":"https:\/\/odszkodowani.pl\/index.php\/wp-json\/wp\/v2\/media?parent=3692"}],"wp:term":[{"taxonomy":"category","embeddable":true,"href":"https:\/\/odszkodowani.pl\/index.php\/wp-json\/wp\/v2\/categories?post=3692"},{"taxonomy":"post_tag","embeddable":true,"href":"https:\/\/odszkodowani.pl\/index.php\/wp-json\/wp\/v2\/tags?post=3692"}],"curies":[{"name":"wp","href":"https:\/\/api.w.org\/{rel}","templated":true}]}}