{"id":3685,"date":"2020-06-03T08:53:58","date_gmt":"2020-06-03T06:53:58","guid":{"rendered":"http:\/\/odszkodowani.pl\/?p=3685"},"modified":"2020-07-03T08:56:21","modified_gmt":"2020-07-03T06:56:21","slug":"3685","status":"publish","type":"post","link":"https:\/\/odszkodowani.pl\/index.php\/2020\/06\/03\/3685\/","title":{"rendered":"Protok\u00f3\u0142 ze spotkania Kierownictwa Fundacji   z dnia 03.06.2020"},"content":{"rendered":"<p style=\"text-align: center;\"><span class=\"Apple-converted-space\">\u00a0<\/span>Protok\u00f3\u0142 ze spotkania Kierownictwa Fundacji<span class=\"Apple-converted-space\">\u00a0<\/span><\/p>\n<p style=\"text-align: center;\">z dnia 03.06.2020<span class=\"Apple-converted-space\">\u00a0<\/span><\/p>\n<p style=\"text-align: center;\">spotkanie bezpo\u015brednie<span class=\"Apple-converted-space\">\u00a0<\/span><!--more--><\/p>\n<p>1. Tadeusz Sta\u0144ski przedstawi\u0142 bie\u017c\u0105c\u0105 analiz\u0119 polityczn\u0105<span class=\"Apple-converted-space\">\u00a0<\/span><\/p>\n<p>\u2022 nie dopu\u015bci\u0142em aby\u015bmy opowiedzieli si\u0119 po kt\u00f3rejkolwiek ze stron<span class=\"Apple-converted-space\">\u00a0<\/span><\/p>\n<p>\u2022 koniec zaanga\u017cowania Kaczy\u0144skiego, mo\u017ce by\u0107 analogiczny do tego co dzia\u0142o si\u0119 po \u015bmierci Marsza\u0142ka J\u00f3zefa Pi\u0142sudskiego. Czyli jego wskazania mog\u0105 nie by\u0107 brane pod uwag\u0119.<span class=\"Apple-converted-space\">\u00a0<\/span><\/p>\n<p>\u2022 PiS nie jest monolitem ideowym i brakuje mu ludzi naszej kategorii dla kt\u00f3rych wa\u017cne s\u0105 B\u00f3g Honor Ojczyzna<span class=\"Apple-converted-space\">\u00a0<\/span><\/p>\n<p>\u2022 my nie jeste\u015bmy w walce bie\u017c\u0105cej<span class=\"Apple-converted-space\">\u00a0<\/span><\/p>\n<p>\u2022 Nasz\u0105 potrzeb\u0105 jest wiedza o tym co si\u0119 dzieje i wa\u017cniejsza jeszcze \u015bwiadomo\u015b\u0107 tego co chcemy zrealizowa\u0107<span class=\"Apple-converted-space\">\u00a0<\/span><\/p>\n<p>\u2022 najwa\u017cniejszym naszym zadaniem b\u0119dzie zdefiniowanie lidera na nast\u0119pne wybory i ustalenie co ma by\u0107 nasz\u0105 zasad\u0105<span class=\"Apple-converted-space\">\u00a0<\/span><\/p>\n<p>\u2022 Ameryka &#8211; rozruchy tworzone pod egid\u0105 \u2013 Antify, kt\u00f3ra zosta\u0142a ukszta\u0142towana i finansowana w p\u00f3\u0142nocnych W\u0142oszech i rozla\u0142a si\u0119 po ca\u0142ym \u015bwiecie siej\u0105c zam\u0119t. S\u0105 centrale, kt\u00f3re s\u0105 przeciwko nam, przeciwko naszym idea\u0142om<span class=\"Apple-converted-space\">\u00a0<\/span><\/p>\n<p>\u2022 Musimy sobie odpowiedzie\u0107: Jaki kszta\u0142t ma przyj\u0105\u0107 to co nas otacza? Polska\u2026. ale jaka?<span class=\"Apple-converted-space\">\u00a0<\/span><\/p>\n<p>2. Akademia My\u015bli Politycznej Fundacji Niepodleg\u0142o\u015bciowej<span class=\"Apple-converted-space\">\u00a0<\/span><\/p>\n<p>\u2022 pomys\u0142 El\u017cbiety Kr\u00f3likowskiej-Avis Akademii by\u0142 genialny<span class=\"Apple-converted-space\">\u00a0<\/span><\/p>\n<p>\u2022 w najbli\u017cszym czasie chc\u0119 umie\u015bci\u0107 teksty kolejnych os\u00f3b takich jak my i do jak najwi\u0119kszej liczby takich os\u00f3b chc\u0119 dotrze\u0107<span class=\"Apple-converted-space\">\u00a0<\/span><\/p>\n<p>\u2022 tworzymy r\u00f3wnocze\u015bnie ruch intelektualny i personalno-organizacyjny<span class=\"Apple-converted-space\">\u00a0<\/span><\/p>\n<p>3. El\u017cbieta Kr\u00f3likowska-Avis uznaje za konieczne zadeklarowanie co w najbli\u017cszych wyborach zrobimy dla poparcia Andrzeja Dudy, poniewa\u017c tylko ten kandydat gwarantuje zainteresowanie w\u0142adz naszymi sprawami i jako jedyny opiera si\u0119 na warto\u015bciach zbie\u017cnych z naszymi. Pisze artyku\u0142y i rady dla sztabu wyborczego.<span class=\"Apple-converted-space\">\u00a0<\/span><\/p>\n<p>4. Gra\u017cyna Rudnik przypomnia\u0142a 4 czerwca 1992 roku i nocna zmiana zburzy\u0142a nasze marzenia. Obecnie mo\u017ce by\u0107 analogiczna sytuacja.<span class=\"Apple-converted-space\">\u00a0<\/span><\/p>\n<p>5. Jacek Karczewski przedstawi\u0142 niepokoj\u0105c\u0105 sytuacj\u0119 w Ostro\u0142\u0119ce, gdzie zmiana w\u0142adzy z PiS na SLD spowodowa\u0142a usuni\u0119cie jego dyrektora i tw\u00f3rcy ze stanowiska. Czyli nasze przycz\u00f3\u0142ki zbyt \u0142atwo oddajemy.<span class=\"Apple-converted-space\">\u00a0<\/span><\/p>\n<p>6. Zbigniew Okorski moja organizacja Soko\u0142a ma 150 lat i perspektywy historyczne i polityczne si\u0119gaj\u0105 100 lat w prz\u00f3d. Nie mamy \u017cadnego zainteresowania w rozwi\u0105zywaniu naszych spraw przez dotychczasowe w\u0142adze. Nie odzyskali\u015bmy te\u017c mienia Soko\u0142a<span class=\"Apple-converted-space\">\u00a0<\/span><\/p>\n<p>7. Miros\u0142aw Widlicki ja mam kontakty z RKW, z m\u0142odzie\u017c\u0105. Robimy widowisko historyczne.<span class=\"Apple-converted-space\">\u00a0<\/span><\/p>\n<p>8. Tadeusz Dudkiewicz mimo wielu rozczarowa\u0144 b\u0119dziemy dzia\u0142a\u0107 na rzecz wygranej Andrzeja Dudy na prezydenta.<span class=\"Apple-converted-space\">\u00a0<\/span><\/p>\n<p>9. Zjazd Formacji Niepodleg\u0142o\u015bciowej<span class=\"Apple-converted-space\">\u00a0<\/span><\/p>\n<p>\u2022 w najbli\u017cszy wtorek om\u00f3wimy szczeg\u00f3\u0142y organizacyjne z Janem Kasprzykiem<span class=\"Apple-converted-space\">\u00a0<\/span><\/p>\n<ol>\n<ul>\n<li>\u2022 odznaczenie powstaje \u2013 Krzy\u017c S\u0142u\u017cby Niepodleg\u0142o\u015bci o Miros\u0142aw Widlicki konsultuje kszta\u0142t Krzy\u017ca<span class=\"Apple-converted-space\">\u00a0<\/span><\/li>\n<li>o Pawe\u0142 Bogacki koniecznie w centrum orze\u0142 a nie korona, proponuj\u0119 or\u0142a zatwierdzonego przez rz\u0105d na uchod\u017actwie w 1956 roku<span class=\"Apple-converted-space\">\u00a0<\/span><\/li>\n<li>odznaczenie powinno by\u0107 pa\u0144stwowe<span class=\"Apple-converted-space\">\u00a0<\/span><\/li>\n<li><\/li>\n<li><\/li>\n<li>10. Do grupy prawnej uwagi zg\u0142oszone przez Tadeusza Didkiewicza:<span class=\"Apple-converted-space\">\u00a0<\/span><\/li>\n<li>\u2022 Pi\u0105tkowski Andrzej zgin\u0105\u0142 1 marca 1982 roku na manifestacji, jego \u017cona nie otrzyma\u0142a \u017cadnego zado\u015b\u0107uczynienia<span class=\"Apple-converted-space\">\u00a0<\/span><\/li>\n<li>\u2022 ustawa z dn. 7 maja 2009r o zado\u015b\u0107uczynieniu rodzinom ofiar zbiorowych wyst\u0105pie\u0144 wolno\u015bciowych w latach 1956-1989 dzia\u0142a\u0142a tylko przez 10 lat a powinna by\u0107 bezterminow\u0105<span class=\"Apple-converted-space\">\u00a0<\/span><\/li>\n<li>\u2022 wdowy po osobach represjonowanych nie maj\u0105 \u017cadnych praw<span class=\"Apple-converted-space\">\u00a0<\/span><\/li>\n<li>11. Podczas pobytu w Augustowie zbierzemy Komitet organizacyjny do ods\u0142oni\u0119cia tablicy Wojciecha Ziembi\u0144skiego w Piszu<span class=\"Apple-converted-space\">\u00a0<\/span><\/li>\n<li>12. Kolejne spotkanie w \u015brod\u0119 o godz. 11.00<span class=\"Apple-converted-space\">\u00a0<\/span><\/li>\n<\/ul>\n<\/ol>\n<p style=\"text-align: right;\">Protoko\u0142owa\u0142a<span class=\"Apple-converted-space\">\u00a0<\/span><\/p>\n<p style=\"text-align: right;\">Agnieszka Ha\u0142aburdzin-Rutkowska<span class=\"Apple-converted-space\">\u00a0<\/span><\/p>\n","protected":false},"excerpt":{"rendered":"<p>\u00a0Protok\u00f3\u0142 ze spotkania Kierownictwa Fundacji\u00a0 z dnia 03.06.2020\u00a0 spotkanie bezpo\u015brednie\u00a0<\/p>\n","protected":false},"author":1,"featured_media":0,"comment_status":"open","ping_status":"open","sticky":false,"template":"","format":"standard","meta":{"_monsterinsights_skip_tracking":false,"_monsterinsights_sitenote_active":false,"_monsterinsights_sitenote_note":"","_monsterinsights_sitenote_category":0},"categories":[27],"tags":[37,119],"_links":{"self":[{"href":"https:\/\/odszkodowani.pl\/index.php\/wp-json\/wp\/v2\/posts\/3685"}],"collection":[{"href":"https:\/\/odszkodowani.pl\/index.php\/wp-json\/wp\/v2\/posts"}],"about":[{"href":"https:\/\/odszkodowani.pl\/index.php\/wp-json\/wp\/v2\/types\/post"}],"author":[{"embeddable":true,"href":"https:\/\/odszkodowani.pl\/index.php\/wp-json\/wp\/v2\/users\/1"}],"replies":[{"embeddable":true,"href":"https:\/\/odszkodowani.pl\/index.php\/wp-json\/wp\/v2\/comments?post=3685"}],"version-history":[{"count":2,"href":"https:\/\/odszkodowani.pl\/index.php\/wp-json\/wp\/v2\/posts\/3685\/revisions"}],"predecessor-version":[{"id":3687,"href":"https:\/\/odszkodowani.pl\/index.php\/wp-json\/wp\/v2\/posts\/3685\/revisions\/3687"}],"wp:attachment":[{"href":"https:\/\/odszkodowani.pl\/index.php\/wp-json\/wp\/v2\/media?parent=3685"}],"wp:term":[{"taxonomy":"category","embeddable":true,"href":"https:\/\/odszkodowani.pl\/index.php\/wp-json\/wp\/v2\/categories?post=3685"},{"taxonomy":"post_tag","embeddable":true,"href":"https:\/\/odszkodowani.pl\/index.php\/wp-json\/wp\/v2\/tags?post=3685"}],"curies":[{"name":"wp","href":"https:\/\/api.w.org\/{rel}","templated":true}]}}