{"id":3683,"date":"2020-06-17T08:52:20","date_gmt":"2020-06-17T06:52:20","guid":{"rendered":"http:\/\/odszkodowani.pl\/?p=3683"},"modified":"2020-07-03T08:52:53","modified_gmt":"2020-07-03T06:52:53","slug":"protokol-ze-spotkania-kierownictwa-fundacji-z-dnia-17-06-2020","status":"publish","type":"post","link":"https:\/\/odszkodowani.pl\/index.php\/2020\/06\/17\/protokol-ze-spotkania-kierownictwa-fundacji-z-dnia-17-06-2020\/","title":{"rendered":"Protok\u00f3\u0142 ze spotkania Kierownictwa Fundacji  z dnia 17.06.2020"},"content":{"rendered":"<p style=\"text-align: center;\">Protok\u00f3\u0142 ze spotkania Kierownictwa Fundacji<\/p>\n<p style=\"text-align: center;\">z dnia 17.06.2020<\/p>\n<p style=\"text-align: center;\">spotkanie bezpo\u015brednie<!--more--><\/p>\n<ol>\n<li>Tadeusz Sta\u0144ski przedstawi\u0142 bie\u017c\u0105c\u0105 analiz\u0119 polityczn\u0105<\/li>\n<\/ol>\n<ul>\n<li>Nie uczestniczymy bezpo\u015brednio w grze wyborczej, ale sympatyzujemy i popieramy Dud\u0119 w wy\u015bcigu do fotela Prezydenckiego.<\/li>\n<li>Duda w kampanii radzi sobie dobrze natomiast nie ma ludzi z do\u015bwiadczeniem politycznym<\/li>\n<li>PiS zez walki oddaje du\u017ce miasta i nie rozumie zmian pokoleniowych to b\u0142\u0105d<\/li>\n<li>Trzaskowski to cyniczny gracz b\u0119dzie m\u00f3wi\u0142 wszystko co mo\u017ce przynie\u015b\u0107 mu g\u0142osy nawet ca\u0142kiem sprzeczne rzeczy<\/li>\n<li>r\u00f3\u017cnica mi\u0119dzy kandydatami w drugiej turze b\u0119dzie o w\u0142os, Duda mo\u017ce tylko liczy\u0107, \u017ce kampania zmobilizuje tereny wschodnie i Podkarpacie, bo to mo\u017ce przechyli\u0107 szal\u0119 zwyci\u0119stwa<\/li>\n<li>W kampanii ci\u0105gle nie podniesiono spraw dzia\u0142aczy niepodleg\u0142o\u015bciowych. Art. 19 konstytucji m\u00f3wi: \u201eRzeczpospolita Polska specjaln\u0105 opiek\u0105 otacza weteran\u00f3w walk o niepodleg\u0142o\u015b\u0107\u2026\u201d. G\u0142os\u00f3w UB-ek\u00f3w i tak Duda nie uzyska, za\u015b pochylenie si\u0119 nad potrzebami naszego \u015brodowiska nie by\u0142oby kosztowne, a mog\u0142oby mu bardzo pom\u00f3c.<\/li>\n<li><\/li>\n<\/ul>\n<ol start=\"2\">\n<li>El\u017cbieta Kr\u00f3likowska-Avis<\/li>\n<\/ol>\n<ul>\n<li>Moim zdaniem udzia\u0142 urz\u0119duj\u0105cego prezydenta w debacie wszystkich 11 kandydat\u00f3w jest b\u0142\u0119dem. Powinien zaznaczy\u0107, \u017ce jest ponad tak\u0105 debat\u0119 i \u017ce debatowa\u0107 mo\u017ce tylko ze zwyci\u0119zc\u0105 spo\u015br\u00f3d pozosta\u0142ych kandydat\u00f3w. Poprzednio bra\u0142 ju\u017c udzia\u0142 w takiej debacie i nie potrzebna jest powt\u00f3rka<\/li>\n<li>Karta Du\u017cej Rodziny jako zupe\u0142nie inna wizja Polski i przeciwstawienie LGBT &#8211; bardzo dobry pomys\u0142.<\/li>\n<li>Sztab Dudy za ma\u0142o podkre\u015bla, \u017ce jest ju\u017c on ju\u017c 5 lat na urz\u0119dzie i mo\u017ce si\u0119 pochwali\u0107 realnymi osi\u0105gni\u0119ciami oraz \u017ce ma program zachowania starych zasad warto\u015bci, gospodarczy, drogi, miasta, mierzeja<\/li>\n<\/ul>\n<p>&nbsp;<\/p>\n<ol start=\"3\">\n<li>Mariusz Olczak prosi\u0142 o poparcie, poniewa\u017c aplikuje do bycia szefem AAN. Dotychczas wsp\u00f3\u0142pracuj\u0105c by\u0142 odpowiedzialny za segment historyczny, opiek\u0119 i kontrol\u0119 archiw\u00f3w. Chce kontynuowa\u0107 styl pracy jaki by\u0142 dotychczas<\/li>\n<li>Miros\u0142aw Widlicki i Gra\u017cyna Rudnik stworz\u0105 list poparcia od formacji oraz \u015aZZAK \u201eOpocznik\u201d i \u201eRajski Ptak\u201d<\/li>\n<li>Andrzej Snarski przedstawi\u0142 Apel, kt\u00f3ry wystosowa\u0142a Wojew\u00f3dzka Rada o poparciu Dudy i zawnioskowa\u0142 aby\u015b tak\u017ce taki Apel podpisali<\/li>\n<li>El\u017cbieta Kr\u00f3likowska-Avis zaproponowa\u0142a, \u017ce napisze w naszym imieniu propozycj\u0119 wsparcia dla Dudy je\u017celi poprze \u017c\u0105dania naszego<\/li>\n<li>Akademia My\u015bli Politycznej Fundacji Niepodleg\u0142o\u015bciowej<\/li>\n<\/ol>\n<ul>\n<li>pomys\u0142 El\u017cbiety Kr\u00f3likowskiej-Avis Akademii by\u0142 genialny<\/li>\n<li>w najbli\u017cszym czasie chc\u0119 umie\u015bci\u0107 teksty kolejnych os\u00f3b takich jak my i do jak najwi\u0119kszej liczby takich os\u00f3b chc\u0119 dotrze\u0107<\/li>\n<li>tworzymy r\u00f3wnocze\u015bnie ruch intelektualny i personalno-organizacyjny<\/li>\n<\/ul>\n<ol start=\"8\">\n<li>El\u017cbieta Kr\u00f3likowska-Avis uznaje za konieczne zadeklarowanie co w najbli\u017cszych wyborach zrobimy dla poparcia Andrzeja Dudy, poniewa\u017c tylko ten kandydat gwarantuje zainteresowanie w\u0142adz naszymi sprawami i jako jedyny opiera si\u0119 na warto\u015bciach zbie\u017cnych z naszymi. Pisze artyku\u0142y i rady dla sztabu wyborczego.<\/li>\n<li>Gra\u017cyna Rudnik przypomnia\u0142a 4 czerwca 1992 roku i nocna zmiana zburzy\u0142a nasze marzenia. Obecnie mo\u017ce by\u0107 analogiczna sytuacja.<\/li>\n<li>Jacek Karczewski przedstawi\u0142 niepokoj\u0105c\u0105 sytuacj\u0119 w Ostro\u0142\u0119ce, gdzie zmiana w\u0142adzy z PiS na SLD spowodowa\u0142a usuni\u0119cie jego dyrektora i tw\u00f3rcy ze stanowiska. Czyli nasze przycz\u00f3\u0142ki zbyt \u0142atwo oddajemy.<\/li>\n<li>Zbigniew Okorski moja organizacja Soko\u0142a ma 150 lat i perspektywy historyczne i polityczne si\u0119gaj\u0105 100 lat w prz\u00f3d. Nie mamy \u017cadnego zainteresowania w rozwi\u0105zywaniu naszych spraw przez dotychczasowe w\u0142adze. Nie odzyskali\u015bmy te\u017c mienia Soko\u0142a<\/li>\n<li>Miros\u0142aw Widlicki ja mam kontakty z RKW, z m\u0142odzie\u017c\u0105. Robimy widowisko historyczne.<\/li>\n<li>Tadeusz Dudkiewicz mimo wielu rozczarowa\u0144 b\u0119dziemy dzia\u0142a\u0107 na rzecz wygranej Andrzeja Dudy na prezydenta.<\/li>\n<li>Zjazd Formacji Niepodleg\u0142o\u015bciowej<\/li>\n<\/ol>\n<ul>\n<li>w najbli\u017cszy wtorek om\u00f3wimy szczeg\u00f3\u0142y organizacyjne z Janem Kasprzykiem<\/li>\n<li>odznaczenie powstaje \u2013 Krzy\u017c S\u0142u\u017cby Niepodleg\u0142o\u015bci\n<ul>\n<li>Miros\u0142aw Widlicki konsultuje kszta\u0142t Krzy\u017ca<\/li>\n<li>Pawe\u0142 Bogacki\n<ul>\n<li>koniecznie w centrum orze\u0142 a nie korona, proponuj\u0119 or\u0142a zatwierdzonego przez rz\u0105d na uchod\u017actwie w 1956 roku<\/li>\n<li>odznaczenie powinno by\u0107 pa\u0144stwowe<\/li>\n<\/ul>\n<\/li>\n<\/ul>\n<\/li>\n<\/ul>\n<ol start=\"15\">\n<li>Do grupy prawnej uwagi zg\u0142oszone przez Tadeusza Didkiewicza:<\/li>\n<\/ol>\n<ul>\n<li>Pi\u0105tkowski Andrzej zgin\u0105\u0142 1 marca 1982 roku na manifestacji, jego \u017cona nie otrzyma\u0142a \u017cadnego zado\u015b\u0107uczynienia<\/li>\n<li>ustawa z dn. 7 maja 2009r o zado\u015b\u0107uczynieniu rodzinom ofiar zbiorowych wyst\u0105pie\u0144 wolno\u015bciowych w latach 1956-1989 dzia\u0142a\u0142a tylko przez 10 lat a powinna by\u0107 bezterminow\u0105<\/li>\n<li>wdowy po osobach represjonowanych nie maj\u0105 \u017cadnych praw<\/li>\n<\/ul>\n<ol start=\"16\">\n<li>Podczas pobytu w Augustowie zbierzemy Komitet organizacyjny do ods\u0142oni\u0119cia tablicy Wojciecha Ziembi\u0144skiego w Piszu<\/li>\n<li>Kolejne spotkanie w \u015brod\u0119 o godz. 11.00<\/li>\n<\/ol>\n<p style=\"text-align: right;\">Protoko\u0142owa\u0142a<\/p>\n<p style=\"text-align: right;\">Agnieszka Ha\u0142aburdzin-Rutkowska<\/p>\n","protected":false},"excerpt":{"rendered":"<p>Protok\u00f3\u0142 ze spotkania Kierownictwa Fundacji z dnia 17.06.2020 spotkanie bezpo\u015brednie<\/p>\n","protected":false},"author":1,"featured_media":0,"comment_status":"open","ping_status":"open","sticky":false,"template":"","format":"standard","meta":{"_monsterinsights_skip_tracking":false,"_monsterinsights_sitenote_active":false,"_monsterinsights_sitenote_note":"","_monsterinsights_sitenote_category":0},"categories":[27],"tags":[119,95],"_links":{"self":[{"href":"https:\/\/odszkodowani.pl\/index.php\/wp-json\/wp\/v2\/posts\/3683"}],"collection":[{"href":"https:\/\/odszkodowani.pl\/index.php\/wp-json\/wp\/v2\/posts"}],"about":[{"href":"https:\/\/odszkodowani.pl\/index.php\/wp-json\/wp\/v2\/types\/post"}],"author":[{"embeddable":true,"href":"https:\/\/odszkodowani.pl\/index.php\/wp-json\/wp\/v2\/users\/1"}],"replies":[{"embeddable":true,"href":"https:\/\/odszkodowani.pl\/index.php\/wp-json\/wp\/v2\/comments?post=3683"}],"version-history":[{"count":1,"href":"https:\/\/odszkodowani.pl\/index.php\/wp-json\/wp\/v2\/posts\/3683\/revisions"}],"predecessor-version":[{"id":3684,"href":"https:\/\/odszkodowani.pl\/index.php\/wp-json\/wp\/v2\/posts\/3683\/revisions\/3684"}],"wp:attachment":[{"href":"https:\/\/odszkodowani.pl\/index.php\/wp-json\/wp\/v2\/media?parent=3683"}],"wp:term":[{"taxonomy":"category","embeddable":true,"href":"https:\/\/odszkodowani.pl\/index.php\/wp-json\/wp\/v2\/categories?post=3683"},{"taxonomy":"post_tag","embeddable":true,"href":"https:\/\/odszkodowani.pl\/index.php\/wp-json\/wp\/v2\/tags?post=3683"}],"curies":[{"name":"wp","href":"https:\/\/api.w.org\/{rel}","templated":true}]}}