{"id":3575,"date":"2020-06-14T11:30:47","date_gmt":"2020-06-14T09:30:47","guid":{"rendered":"http:\/\/odszkodowani.pl\/?p=3575"},"modified":"2020-06-19T11:36:39","modified_gmt":"2020-06-19T09:36:39","slug":"pociag-do-piekla","status":"publish","type":"post","link":"https:\/\/odszkodowani.pl\/index.php\/2020\/06\/14\/pociag-do-piekla\/","title":{"rendered":"Poci\u0105g do piek\u0142a"},"content":{"rendered":"<p>Spot nagrany i pokazywany na dworcach i poci\u0105gach w ca\u0142ej Polsce aby przypomnie\u0107 losy Polak\u00f3w w obozach koncentracyjnych z inicjatywy Spo\u0142ecznego Komitetu 14 czerwca i Stowarzyszenia Kontynuator\u00f3w Pami\u0119ci o\u00a0Zag\u0142adzie Narodu Polskiego &#8220;Prawo do Prawdy&#8221;, kt\u00f3re jest jedn\u0105 z organizacji tworz\u0105cych Fundacj\u0119.<\/p>\n<p><iframe loading=\"lazy\" width=\"640\" height=\"360\" src=\"https:\/\/www.youtube.com\/embed\/7mcPBfjYglA?start=27&#038;feature=oembed\" frameborder=\"0\" allow=\"accelerometer; autoplay; encrypted-media; gyroscope; picture-in-picture\" allowfullscreen><\/iframe><\/p>\n","protected":false},"excerpt":{"rendered":"<p>Spot nagrany i pokazywany na dworcach i poci\u0105gach w ca\u0142ej Polsce aby przypomnie\u0107 losy Polak\u00f3w w obozach koncentracyjnych z inicjatywy Spo\u0142ecznego Komitetu 14 czerwca i Stowarzyszenia Kontynuator\u00f3w Pami\u0119ci o\u00a0Zag\u0142adzie Narodu Polskiego &#8220;Prawo do Prawdy&#8221;, kt\u00f3re jest jedn\u0105 z organizacji tworz\u0105cych Fundacj\u0119.<\/p>\n","protected":false},"author":1,"featured_media":0,"comment_status":"open","ping_status":"open","sticky":false,"template":"","format":"standard","meta":{"_monsterinsights_skip_tracking":false,"_monsterinsights_sitenote_active":false,"_monsterinsights_sitenote_note":"","_monsterinsights_sitenote_category":0},"categories":[61],"tags":[187,188],"_links":{"self":[{"href":"https:\/\/odszkodowani.pl\/index.php\/wp-json\/wp\/v2\/posts\/3575"}],"collection":[{"href":"https:\/\/odszkodowani.pl\/index.php\/wp-json\/wp\/v2\/posts"}],"about":[{"href":"https:\/\/odszkodowani.pl\/index.php\/wp-json\/wp\/v2\/types\/post"}],"author":[{"embeddable":true,"href":"https:\/\/odszkodowani.pl\/index.php\/wp-json\/wp\/v2\/users\/1"}],"replies":[{"embeddable":true,"href":"https:\/\/odszkodowani.pl\/index.php\/wp-json\/wp\/v2\/comments?post=3575"}],"version-history":[{"count":1,"href":"https:\/\/odszkodowani.pl\/index.php\/wp-json\/wp\/v2\/posts\/3575\/revisions"}],"predecessor-version":[{"id":3576,"href":"https:\/\/odszkodowani.pl\/index.php\/wp-json\/wp\/v2\/posts\/3575\/revisions\/3576"}],"wp:attachment":[{"href":"https:\/\/odszkodowani.pl\/index.php\/wp-json\/wp\/v2\/media?parent=3575"}],"wp:term":[{"taxonomy":"category","embeddable":true,"href":"https:\/\/odszkodowani.pl\/index.php\/wp-json\/wp\/v2\/categories?post=3575"},{"taxonomy":"post_tag","embeddable":true,"href":"https:\/\/odszkodowani.pl\/index.php\/wp-json\/wp\/v2\/tags?post=3575"}],"curies":[{"name":"wp","href":"https:\/\/api.w.org\/{rel}","templated":true}]}}