{"id":3547,"date":"2020-06-05T00:13:46","date_gmt":"2020-06-04T22:13:46","guid":{"rendered":"http:\/\/odszkodowani.pl\/?p=3547"},"modified":"2020-08-17T21:35:28","modified_gmt":"2020-08-17T19:35:28","slug":"po-4-czerwca-czesc-solidarnosci-wybrala-porozumienie-z-kiszczakiem-a-nie-wole-polakow","status":"publish","type":"post","link":"https:\/\/odszkodowani.pl\/index.php\/2020\/06\/05\/po-4-czerwca-czesc-solidarnosci-wybrala-porozumienie-z-kiszczakiem-a-nie-wole-polakow\/","title":{"rendered":"Po 4 czerwca cz\u0119\u015b\u0107 Solidarno\u015bci wybra\u0142a porozumienie z Kiszczakiem, a nie wol\u0119 Polak\u00f3w"},"content":{"rendered":"<p>Wywiad z Janem Parysem w DoRzeczy<\/p>\n<p><a href=\"https:\/\/www.dorzeczy.pl\/kraj\/142490\/parys-po-4-czerwca-czesc-solidarnosci-wybrala-porozumienie-z-kiszczakiem-a-nie-wole-polakow.html\" target=\"_blank\">https:\/\/www.dorzeczy.pl\/kraj\/142490\/parys-po-4-czerwca-czesc-solidarnosci-wybrala-porozumienie-z-kiszczakiem-a-nie-wole-polakow.html<\/a><\/p>\n","protected":false},"excerpt":{"rendered":"<p>Wywiad z Janem Parysem w DoRzeczy https:\/\/www.dorzeczy.pl\/kraj\/142490\/parys-po-4-czerwca-czesc-solidarnosci-wybrala-porozumienie-z-kiszczakiem-a-nie-wole-polakow.html<\/p>\n","protected":false},"author":1,"featured_media":3548,"comment_status":"open","ping_status":"open","sticky":false,"template":"","format":"standard","meta":{"_monsterinsights_skip_tracking":false,"_monsterinsights_sitenote_active":false,"_monsterinsights_sitenote_note":"","_monsterinsights_sitenote_category":0},"categories":[149,133],"tags":[206,94,150,135],"_links":{"self":[{"href":"https:\/\/odszkodowani.pl\/index.php\/wp-json\/wp\/v2\/posts\/3547"}],"collection":[{"href":"https:\/\/odszkodowani.pl\/index.php\/wp-json\/wp\/v2\/posts"}],"about":[{"href":"https:\/\/odszkodowani.pl\/index.php\/wp-json\/wp\/v2\/types\/post"}],"author":[{"embeddable":true,"href":"https:\/\/odszkodowani.pl\/index.php\/wp-json\/wp\/v2\/users\/1"}],"replies":[{"embeddable":true,"href":"https:\/\/odszkodowani.pl\/index.php\/wp-json\/wp\/v2\/comments?post=3547"}],"version-history":[{"count":1,"href":"https:\/\/odszkodowani.pl\/index.php\/wp-json\/wp\/v2\/posts\/3547\/revisions"}],"predecessor-version":[{"id":3549,"href":"https:\/\/odszkodowani.pl\/index.php\/wp-json\/wp\/v2\/posts\/3547\/revisions\/3549"}],"wp:featuredmedia":[{"embeddable":true,"href":"https:\/\/odszkodowani.pl\/index.php\/wp-json\/wp\/v2\/media\/3548"}],"wp:attachment":[{"href":"https:\/\/odszkodowani.pl\/index.php\/wp-json\/wp\/v2\/media?parent=3547"}],"wp:term":[{"taxonomy":"category","embeddable":true,"href":"https:\/\/odszkodowani.pl\/index.php\/wp-json\/wp\/v2\/categories?post=3547"},{"taxonomy":"post_tag","embeddable":true,"href":"https:\/\/odszkodowani.pl\/index.php\/wp-json\/wp\/v2\/tags?post=3547"}],"curies":[{"name":"wp","href":"https:\/\/api.w.org\/{rel}","templated":true}]}}