{"id":3544,"date":"2020-06-09T00:05:05","date_gmt":"2020-06-08T22:05:05","guid":{"rendered":"http:\/\/odszkodowani.pl\/?p=3544"},"modified":"2020-06-10T00:12:30","modified_gmt":"2020-06-09T22:12:30","slug":"niemcy-sa-pasazerem-na-gape-w-kwestii-bezpieczenstwa-ue","status":"publish","type":"post","link":"https:\/\/odszkodowani.pl\/index.php\/2020\/06\/09\/niemcy-sa-pasazerem-na-gape-w-kwestii-bezpieczenstwa-ue\/","title":{"rendered":"Niemcy s\u0105 pasa\u017cerem na gap\u0119 w kwestii bezpiecze\u0144stwa UE."},"content":{"rendered":"<p>Jan Parys w radiu Wnet o przeniesieniu cz\u0119\u015bci wojsk ameryka\u0144skich z Niemiec<\/p>\n<p><iframe loading=\"lazy\" width=\"640\" height=\"360\" src=\"https:\/\/www.youtube.com\/embed\/Vy5o-yx8RxM?feature=oembed\" frameborder=\"0\" allow=\"accelerometer; autoplay; encrypted-media; gyroscope; picture-in-picture\" allowfullscreen><\/iframe><\/p>\n<blockquote class=\"wp-embedded-content\" data-secret=\"EnY0YzKLAa\"><p><a href=\"https:\/\/wnet.fm\/2020\/06\/09\/jan-parys-w-kwestii-bezpieczenstwa-europejskiego-niemcy-sa-pasazerem-na-gape-nie-powinni-zarzadzac-amerykanska-armia\/\">Jan Parys: W&nbsp;kwestii bezpiecze\u0144stwa europejskiego Niemcy s\u0105 pasa\u017cerem na&nbsp;gap\u0119. Nie&nbsp;powinni zarz\u0105dza\u0107 ameryka\u0144sk\u0105 armi\u0105<\/a><\/p><\/blockquote>\n<p><iframe class=\"wp-embedded-content\" sandbox=\"allow-scripts\" security=\"restricted\" style=\"position: absolute; clip: rect(1px, 1px, 1px, 1px);\" src=\"https:\/\/wnet.fm\/2020\/06\/09\/jan-parys-w-kwestii-bezpieczenstwa-europejskiego-niemcy-sa-pasazerem-na-gape-nie-powinni-zarzadzac-amerykanska-armia\/embed\/#?secret=EnY0YzKLAa\" data-secret=\"EnY0YzKLAa\" width=\"600\" height=\"338\" title=\"&#8222;Jan Parys: W&nbsp;kwestii bezpiecze\u0144stwa europejskiego Niemcy s\u0105 pasa\u017cerem na&nbsp;gap\u0119. Nie&nbsp;powinni zarz\u0105dza\u0107 ameryka\u0144sk\u0105 armi\u0105&#8221; &#8212; WNET.fm\" frameborder=\"0\" marginwidth=\"0\" marginheight=\"0\" scrolling=\"no\"><\/iframe><\/p>\n<p>&nbsp;<\/p>\n","protected":false},"excerpt":{"rendered":"<p>Jan Parys w radiu Wnet o przeniesieniu cz\u0119\u015bci wojsk ameryka\u0144skich z Niemiec Jan Parys: W&nbsp;kwestii bezpiecze\u0144stwa europejskiego Niemcy s\u0105 pasa\u017cerem na&nbsp;gap\u0119. Nie&nbsp;powinni zarz\u0105dza\u0107 ameryka\u0144sk\u0105 armi\u0105 &nbsp;<\/p>\n","protected":false},"author":1,"featured_media":0,"comment_status":"open","ping_status":"open","sticky":false,"template":"","format":"standard","meta":{"_monsterinsights_skip_tracking":false,"_monsterinsights_sitenote_active":false,"_monsterinsights_sitenote_note":"","_monsterinsights_sitenote_category":0},"categories":[149],"tags":[94,155,150,135],"_links":{"self":[{"href":"https:\/\/odszkodowani.pl\/index.php\/wp-json\/wp\/v2\/posts\/3544"}],"collection":[{"href":"https:\/\/odszkodowani.pl\/index.php\/wp-json\/wp\/v2\/posts"}],"about":[{"href":"https:\/\/odszkodowani.pl\/index.php\/wp-json\/wp\/v2\/types\/post"}],"author":[{"embeddable":true,"href":"https:\/\/odszkodowani.pl\/index.php\/wp-json\/wp\/v2\/users\/1"}],"replies":[{"embeddable":true,"href":"https:\/\/odszkodowani.pl\/index.php\/wp-json\/wp\/v2\/comments?post=3544"}],"version-history":[{"count":2,"href":"https:\/\/odszkodowani.pl\/index.php\/wp-json\/wp\/v2\/posts\/3544\/revisions"}],"predecessor-version":[{"id":3546,"href":"https:\/\/odszkodowani.pl\/index.php\/wp-json\/wp\/v2\/posts\/3544\/revisions\/3546"}],"wp:attachment":[{"href":"https:\/\/odszkodowani.pl\/index.php\/wp-json\/wp\/v2\/media?parent=3544"}],"wp:term":[{"taxonomy":"category","embeddable":true,"href":"https:\/\/odszkodowani.pl\/index.php\/wp-json\/wp\/v2\/categories?post=3544"},{"taxonomy":"post_tag","embeddable":true,"href":"https:\/\/odszkodowani.pl\/index.php\/wp-json\/wp\/v2\/tags?post=3544"}],"curies":[{"name":"wp","href":"https:\/\/api.w.org\/{rel}","templated":true}]}}