{"id":3525,"date":"2020-01-27T23:49:22","date_gmt":"2020-01-27T22:49:22","guid":{"rendered":"http:\/\/odszkodowani.pl\/?p=3525"},"modified":"2020-05-30T23:53:26","modified_gmt":"2020-05-30T21:53:26","slug":"nie-dopilnowalismy-zeby-przekaz-byl-wlasciwy","status":"publish","type":"post","link":"https:\/\/odszkodowani.pl\/index.php\/2020\/01\/27\/nie-dopilnowalismy-zeby-przekaz-byl-wlasciwy\/","title":{"rendered":"Nie dopilnowali\u015bmy, \u017ceby przekaz by\u0142 w\u0142a\u015bciwy"},"content":{"rendered":"<p><b>\u2013 My\u015bl\u0119, \u017ce przez d\u0142ugi czas nie dopilnowali\u015bmy tego, \u017ceby przekaz by\u0142 w\u0142a\u015bciwy. Dzisiaj w\u015br\u00f3d k\u0142amstw o\u015bwi\u0119cimskich pojawia si\u0119 tak\u017ce to, \u017ce w Auschwitz gin\u0119li tylko \u017bydzi \u2013 powiedzia\u0142 historyk prof. Wies\u0142aw Wysocki z Uniwersytetu kard. Stefana Wyszy\u0144skiego na antenie TNPINFO. W ten spos\u00f3b odni\u00f3s\u0142 si\u0119 do fa\u0142szowania historii Holokaustu.<\/b><\/p>\n<p><a href=\"https:\/\/www.tvp.info\/46378979\/prof-wysocki-o-historii-auschwitz-wieszwiecej#!\" target=\"_blank\">https:\/\/www.tvp.info\/46378979\/prof-wysocki-o-historii-auschwitz-wieszwiecej#!<\/a><\/p>\n<p>&nbsp;<\/p>\n","protected":false},"excerpt":{"rendered":"<p>\u2013 My\u015bl\u0119, \u017ce przez d\u0142ugi czas nie dopilnowali\u015bmy tego, \u017ceby przekaz by\u0142 w\u0142a\u015bciwy. Dzisiaj w\u015br\u00f3d k\u0142amstw o\u015bwi\u0119cimskich pojawia si\u0119 tak\u017ce to, \u017ce w Auschwitz gin\u0119li tylko \u017bydzi \u2013 powiedzia\u0142 historyk prof. Wies\u0142aw Wysocki z Uniwersytetu kard. Stefana Wyszy\u0144skiego na antenie TNPINFO. W ten spos\u00f3b odni\u00f3s\u0142 si\u0119 do fa\u0142szowania historii Holokaustu. https:\/\/www.tvp.info\/46378979\/prof-wysocki-o-historii-auschwitz-wieszwiecej#! &nbsp;<\/p>\n","protected":false},"author":1,"featured_media":3526,"comment_status":"open","ping_status":"open","sticky":false,"template":"","format":"standard","meta":{"_monsterinsights_skip_tracking":false,"_monsterinsights_sitenote_active":false,"_monsterinsights_sitenote_note":"","_monsterinsights_sitenote_category":0},"categories":[143,149,133],"tags":[144,187,150,154,135],"_links":{"self":[{"href":"https:\/\/odszkodowani.pl\/index.php\/wp-json\/wp\/v2\/posts\/3525"}],"collection":[{"href":"https:\/\/odszkodowani.pl\/index.php\/wp-json\/wp\/v2\/posts"}],"about":[{"href":"https:\/\/odszkodowani.pl\/index.php\/wp-json\/wp\/v2\/types\/post"}],"author":[{"embeddable":true,"href":"https:\/\/odszkodowani.pl\/index.php\/wp-json\/wp\/v2\/users\/1"}],"replies":[{"embeddable":true,"href":"https:\/\/odszkodowani.pl\/index.php\/wp-json\/wp\/v2\/comments?post=3525"}],"version-history":[{"count":1,"href":"https:\/\/odszkodowani.pl\/index.php\/wp-json\/wp\/v2\/posts\/3525\/revisions"}],"predecessor-version":[{"id":3527,"href":"https:\/\/odszkodowani.pl\/index.php\/wp-json\/wp\/v2\/posts\/3525\/revisions\/3527"}],"wp:featuredmedia":[{"embeddable":true,"href":"https:\/\/odszkodowani.pl\/index.php\/wp-json\/wp\/v2\/media\/3526"}],"wp:attachment":[{"href":"https:\/\/odszkodowani.pl\/index.php\/wp-json\/wp\/v2\/media?parent=3525"}],"wp:term":[{"taxonomy":"category","embeddable":true,"href":"https:\/\/odszkodowani.pl\/index.php\/wp-json\/wp\/v2\/categories?post=3525"},{"taxonomy":"post_tag","embeddable":true,"href":"https:\/\/odszkodowani.pl\/index.php\/wp-json\/wp\/v2\/tags?post=3525"}],"curies":[{"name":"wp","href":"https:\/\/api.w.org\/{rel}","templated":true}]}}