{"id":3511,"date":"2020-05-30T23:13:21","date_gmt":"2020-05-30T21:13:21","guid":{"rendered":"http:\/\/odszkodowani.pl\/?p=3511"},"modified":"2020-08-17T21:33:20","modified_gmt":"2020-08-17T19:33:20","slug":"4-czerwca-1992-roku-doszlo-do-recydywy-komunizmu","status":"publish","type":"post","link":"https:\/\/odszkodowani.pl\/index.php\/2020\/05\/30\/4-czerwca-1992-roku-doszlo-do-recydywy-komunizmu\/","title":{"rendered":"4 czerwca 1992 roku dosz\u0142o do recydywy komunizmu"},"content":{"rendered":"<h5 class=\"title style-scope ytd-video-primary-info-renderer\">&#8211; Okaza\u0142o si\u0119, \u017ce jest podzia\u0142 w obozie solidarno\u015bciowym, \u017ce rz\u0105d Jana Olszewskiego nie ma wi\u0119kszo\u015bci\u00a0i\u00a0dosz\u0142o do recydywy komunizmu. Przeprowadzenie lustracji sta\u0142o si\u0119\u00a0niemo\u017cliwe &#8211; m\u00f3wi\u0142 w Polskim Radiu 24 by\u0142y minister obrony w rz\u0105dzie Jana Olszewskiego Jan Parys.<\/h5>\n<p class=\"title style-scope ytd-video-primary-info-renderer\"><a href=\"https:\/\/polskieradio24.pl\/5\/3\/Artykul\/2522226\" target=\"_blank\">https:\/\/polskieradio24.pl\/5\/3\/Artykul\/2522226<\/a><\/p>\n<p>&nbsp;<\/p>\n<p>&nbsp;<\/p>\n","protected":false},"excerpt":{"rendered":"<p>&#8211; Okaza\u0142o si\u0119, \u017ce jest podzia\u0142 w obozie solidarno\u015bciowym, \u017ce rz\u0105d Jana Olszewskiego nie ma wi\u0119kszo\u015bci\u00a0i\u00a0dosz\u0142o do recydywy komunizmu. Przeprowadzenie lustracji sta\u0142o si\u0119\u00a0niemo\u017cliwe &#8211; m\u00f3wi\u0142 w Polskim Radiu 24 by\u0142y minister obrony w rz\u0105dzie Jana Olszewskiego Jan Parys. https:\/\/polskieradio24.pl\/5\/3\/Artykul\/2522226 &nbsp; &nbsp;<\/p>\n","protected":false},"author":1,"featured_media":3288,"comment_status":"open","ping_status":"open","sticky":false,"template":"","format":"standard","meta":{"_monsterinsights_skip_tracking":false,"_monsterinsights_sitenote_active":false,"_monsterinsights_sitenote_note":"","_monsterinsights_sitenote_category":0},"categories":[143,149,133],"tags":[206,159,94,150,156,135],"_links":{"self":[{"href":"https:\/\/odszkodowani.pl\/index.php\/wp-json\/wp\/v2\/posts\/3511"}],"collection":[{"href":"https:\/\/odszkodowani.pl\/index.php\/wp-json\/wp\/v2\/posts"}],"about":[{"href":"https:\/\/odszkodowani.pl\/index.php\/wp-json\/wp\/v2\/types\/post"}],"author":[{"embeddable":true,"href":"https:\/\/odszkodowani.pl\/index.php\/wp-json\/wp\/v2\/users\/1"}],"replies":[{"embeddable":true,"href":"https:\/\/odszkodowani.pl\/index.php\/wp-json\/wp\/v2\/comments?post=3511"}],"version-history":[{"count":3,"href":"https:\/\/odszkodowani.pl\/index.php\/wp-json\/wp\/v2\/posts\/3511\/revisions"}],"predecessor-version":[{"id":3514,"href":"https:\/\/odszkodowani.pl\/index.php\/wp-json\/wp\/v2\/posts\/3511\/revisions\/3514"}],"wp:featuredmedia":[{"embeddable":true,"href":"https:\/\/odszkodowani.pl\/index.php\/wp-json\/wp\/v2\/media\/3288"}],"wp:attachment":[{"href":"https:\/\/odszkodowani.pl\/index.php\/wp-json\/wp\/v2\/media?parent=3511"}],"wp:term":[{"taxonomy":"category","embeddable":true,"href":"https:\/\/odszkodowani.pl\/index.php\/wp-json\/wp\/v2\/categories?post=3511"},{"taxonomy":"post_tag","embeddable":true,"href":"https:\/\/odszkodowani.pl\/index.php\/wp-json\/wp\/v2\/tags?post=3511"}],"curies":[{"name":"wp","href":"https:\/\/api.w.org\/{rel}","templated":true}]}}