{"id":3380,"date":"2020-05-06T19:24:59","date_gmt":"2020-05-06T17:24:59","guid":{"rendered":"http:\/\/odszkodowani.pl\/?p=3380"},"modified":"2020-05-06T22:27:06","modified_gmt":"2020-05-06T20:27:06","slug":"nikt-kto-jest-polakiem-nie-moze-byc-w-opozycji-do-wlasnego-kraju","status":"publish","type":"post","link":"https:\/\/odszkodowani.pl\/index.php\/2020\/05\/06\/nikt-kto-jest-polakiem-nie-moze-byc-w-opozycji-do-wlasnego-kraju\/","title":{"rendered":"Nikt kto jest Polakiem nie mo\u017ce by\u0107 w opozycji do w\u0142asnego kraju"},"content":{"rendered":"<p>Dr\u00a0Jan Parys o\u00a0g\u0142osowaniu ws. wybor\u00f3w korespondencyjnych, postawie opozycji i\u00a0Senatu, sprzecznych interesach Polski i\u00a0innych kraj\u00f3w oraz\u00a0o\u00a0tym, jak mog\u0142yby si\u0119 odby\u0107 wybory prezydenckie w Radiu Wnet<\/p>\n<p><a href=\"https:\/\/wnet.fm\/2020\/05\/06\/dr-jan-parys-nikt-kto-jest-polakiem-nie-moze-byc-w-opozycji-do-wlasnego-kraju\/\" target=\"_blank\">https:\/\/wnet.fm\/2020\/05\/06\/dr-jan-parys-nikt-kto-jest-polakiem-nie-moze-byc-w-opozycji-do-wlasnego-kraju\/<\/a><\/p>\n","protected":false},"excerpt":{"rendered":"<p>Dr\u00a0Jan Parys o\u00a0g\u0142osowaniu ws. wybor\u00f3w korespondencyjnych, postawie opozycji i\u00a0Senatu, sprzecznych interesach Polski i\u00a0innych kraj\u00f3w oraz\u00a0o\u00a0tym, jak mog\u0142yby si\u0119 odby\u0107 wybory prezydenckie w Radiu Wnet https:\/\/wnet.fm\/2020\/05\/06\/dr-jan-parys-nikt-kto-jest-polakiem-nie-moze-byc-w-opozycji-do-wlasnego-kraju\/<\/p>\n","protected":false},"author":1,"featured_media":3381,"comment_status":"open","ping_status":"open","sticky":false,"template":"","format":"standard","meta":{"_monsterinsights_skip_tracking":false,"_monsterinsights_sitenote_active":false,"_monsterinsights_sitenote_note":"","_monsterinsights_sitenote_category":0},"categories":[143,149],"tags":[144,94,155,150,156],"_links":{"self":[{"href":"https:\/\/odszkodowani.pl\/index.php\/wp-json\/wp\/v2\/posts\/3380"}],"collection":[{"href":"https:\/\/odszkodowani.pl\/index.php\/wp-json\/wp\/v2\/posts"}],"about":[{"href":"https:\/\/odszkodowani.pl\/index.php\/wp-json\/wp\/v2\/types\/post"}],"author":[{"embeddable":true,"href":"https:\/\/odszkodowani.pl\/index.php\/wp-json\/wp\/v2\/users\/1"}],"replies":[{"embeddable":true,"href":"https:\/\/odszkodowani.pl\/index.php\/wp-json\/wp\/v2\/comments?post=3380"}],"version-history":[{"count":1,"href":"https:\/\/odszkodowani.pl\/index.php\/wp-json\/wp\/v2\/posts\/3380\/revisions"}],"predecessor-version":[{"id":3382,"href":"https:\/\/odszkodowani.pl\/index.php\/wp-json\/wp\/v2\/posts\/3380\/revisions\/3382"}],"wp:featuredmedia":[{"embeddable":true,"href":"https:\/\/odszkodowani.pl\/index.php\/wp-json\/wp\/v2\/media\/3381"}],"wp:attachment":[{"href":"https:\/\/odszkodowani.pl\/index.php\/wp-json\/wp\/v2\/media?parent=3380"}],"wp:term":[{"taxonomy":"category","embeddable":true,"href":"https:\/\/odszkodowani.pl\/index.php\/wp-json\/wp\/v2\/categories?post=3380"},{"taxonomy":"post_tag","embeddable":true,"href":"https:\/\/odszkodowani.pl\/index.php\/wp-json\/wp\/v2\/tags?post=3380"}],"curies":[{"name":"wp","href":"https:\/\/api.w.org\/{rel}","templated":true}]}}