{"id":3365,"date":"2020-01-10T07:49:48","date_gmt":"2020-01-10T06:49:48","guid":{"rendered":"http:\/\/odszkodowani.pl\/?p=3365"},"modified":"2020-05-03T07:53:53","modified_gmt":"2020-05-03T05:53:53","slug":"yad-vashem-musi-liczyc-sie-z-prawda-historyczna","status":"publish","type":"post","link":"https:\/\/odszkodowani.pl\/index.php\/2020\/01\/10\/yad-vashem-musi-liczyc-sie-z-prawda-historyczna\/","title":{"rendered":"Yad Vashem musi liczy\u0107 si\u0119 z prawd\u0105 historyczn\u0105"},"content":{"rendered":"<p>&#8211; Nie mo\u017ce by\u0107 tak, \u017ce\u00a0Yad Vashem wybi\u00f3rczo zaprasza reprezentant\u00f3w dw\u00f3ch pa\u0144stw, kt\u00f3re rozpocz\u0119\u0142y wojn\u0119 &#8211; m\u00f3wi\u0142a w Polskim Radiu 24 publicystka El\u017cbieta Kr\u00f3likowska-Avis:<\/p>\n<p><a href=\"https:\/\/polskieradio24.pl\/5\/3\/Artykul\/2433143\" target=\"_blank\">https:\/\/polskieradio24.pl\/5\/3\/Artykul\/2433143<\/a><\/p>\n","protected":false},"excerpt":{"rendered":"<p>&#8211; Nie mo\u017ce by\u0107 tak, \u017ce\u00a0Yad Vashem wybi\u00f3rczo zaprasza reprezentant\u00f3w dw\u00f3ch pa\u0144stw, kt\u00f3re rozpocz\u0119\u0142y wojn\u0119 &#8211; m\u00f3wi\u0142a w Polskim Radiu 24 publicystka El\u017cbieta Kr\u00f3likowska-Avis: https:\/\/polskieradio24.pl\/5\/3\/Artykul\/2433143<\/p>\n","protected":false},"author":1,"featured_media":3121,"comment_status":"open","ping_status":"open","sticky":false,"template":"","format":"standard","meta":{"_monsterinsights_skip_tracking":false,"_monsterinsights_sitenote_active":false,"_monsterinsights_sitenote_note":"","_monsterinsights_sitenote_category":0},"categories":[1,133],"tags":[155,135],"_links":{"self":[{"href":"https:\/\/odszkodowani.pl\/index.php\/wp-json\/wp\/v2\/posts\/3365"}],"collection":[{"href":"https:\/\/odszkodowani.pl\/index.php\/wp-json\/wp\/v2\/posts"}],"about":[{"href":"https:\/\/odszkodowani.pl\/index.php\/wp-json\/wp\/v2\/types\/post"}],"author":[{"embeddable":true,"href":"https:\/\/odszkodowani.pl\/index.php\/wp-json\/wp\/v2\/users\/1"}],"replies":[{"embeddable":true,"href":"https:\/\/odszkodowani.pl\/index.php\/wp-json\/wp\/v2\/comments?post=3365"}],"version-history":[{"count":1,"href":"https:\/\/odszkodowani.pl\/index.php\/wp-json\/wp\/v2\/posts\/3365\/revisions"}],"predecessor-version":[{"id":3366,"href":"https:\/\/odszkodowani.pl\/index.php\/wp-json\/wp\/v2\/posts\/3365\/revisions\/3366"}],"wp:featuredmedia":[{"embeddable":true,"href":"https:\/\/odszkodowani.pl\/index.php\/wp-json\/wp\/v2\/media\/3121"}],"wp:attachment":[{"href":"https:\/\/odszkodowani.pl\/index.php\/wp-json\/wp\/v2\/media?parent=3365"}],"wp:term":[{"taxonomy":"category","embeddable":true,"href":"https:\/\/odszkodowani.pl\/index.php\/wp-json\/wp\/v2\/categories?post=3365"},{"taxonomy":"post_tag","embeddable":true,"href":"https:\/\/odszkodowani.pl\/index.php\/wp-json\/wp\/v2\/tags?post=3365"}],"curies":[{"name":"wp","href":"https:\/\/api.w.org\/{rel}","templated":true}]}}