{"id":3192,"date":"2020-01-29T21:04:49","date_gmt":"2020-01-29T20:04:49","guid":{"rendered":"http:\/\/odszkodowani.pl\/?p=3192"},"modified":"2020-04-28T22:41:05","modified_gmt":"2020-04-28T20:41:05","slug":"w-sporze-o-sadownictwo-przelomem-bedzie-koniec-kadencji-pierwszej-prezes-sn","status":"publish","type":"post","link":"https:\/\/odszkodowani.pl\/index.php\/2020\/01\/29\/w-sporze-o-sadownictwo-przelomem-bedzie-koniec-kadencji-pierwszej-prezes-sn\/","title":{"rendered":"W sporze o s\u0105downictwo prze\u0142omem b\u0119dzie koniec kadencji pierwszej prezes SN"},"content":{"rendered":"<p>Wywiad z dr Andrzejem Anuszem w Polskim Radiu 24<\/p>\n<p><a href=\"https:\/\/polskieradio24.pl\/5\/3\/Artykul\/2444885\" target=\"_blank\">https:\/\/polskieradio24.pl\/5\/3\/Artykul\/2444885<\/a><\/p>\n","protected":false},"excerpt":{"rendered":"<p>Wywiad z dr Andrzejem Anuszem w Polskim Radiu 24 https:\/\/polskieradio24.pl\/5\/3\/Artykul\/2444885<\/p>\n","protected":false},"author":1,"featured_media":3165,"comment_status":"open","ping_status":"open","sticky":false,"template":"","format":"standard","meta":{"_monsterinsights_skip_tracking":false,"_monsterinsights_sitenote_active":false,"_monsterinsights_sitenote_note":"","_monsterinsights_sitenote_category":0},"categories":[133],"tags":[92,155,135],"_links":{"self":[{"href":"https:\/\/odszkodowani.pl\/index.php\/wp-json\/wp\/v2\/posts\/3192"}],"collection":[{"href":"https:\/\/odszkodowani.pl\/index.php\/wp-json\/wp\/v2\/posts"}],"about":[{"href":"https:\/\/odszkodowani.pl\/index.php\/wp-json\/wp\/v2\/types\/post"}],"author":[{"embeddable":true,"href":"https:\/\/odszkodowani.pl\/index.php\/wp-json\/wp\/v2\/users\/1"}],"replies":[{"embeddable":true,"href":"https:\/\/odszkodowani.pl\/index.php\/wp-json\/wp\/v2\/comments?post=3192"}],"version-history":[{"count":2,"href":"https:\/\/odszkodowani.pl\/index.php\/wp-json\/wp\/v2\/posts\/3192\/revisions"}],"predecessor-version":[{"id":3274,"href":"https:\/\/odszkodowani.pl\/index.php\/wp-json\/wp\/v2\/posts\/3192\/revisions\/3274"}],"wp:featuredmedia":[{"embeddable":true,"href":"https:\/\/odszkodowani.pl\/index.php\/wp-json\/wp\/v2\/media\/3165"}],"wp:attachment":[{"href":"https:\/\/odszkodowani.pl\/index.php\/wp-json\/wp\/v2\/media?parent=3192"}],"wp:term":[{"taxonomy":"category","embeddable":true,"href":"https:\/\/odszkodowani.pl\/index.php\/wp-json\/wp\/v2\/categories?post=3192"},{"taxonomy":"post_tag","embeddable":true,"href":"https:\/\/odszkodowani.pl\/index.php\/wp-json\/wp\/v2\/tags?post=3192"}],"curies":[{"name":"wp","href":"https:\/\/api.w.org\/{rel}","templated":true}]}}