{"id":3033,"date":"2020-03-10T19:50:01","date_gmt":"2020-03-10T18:50:01","guid":{"rendered":"http:\/\/odszkodowani.pl\/?p=3033"},"modified":"2020-04-11T09:54:54","modified_gmt":"2020-04-11T07:54:54","slug":"protokol-zebrania-zarzadu-fundacji-w-dniu-10-03-2020","status":"publish","type":"post","link":"https:\/\/odszkodowani.pl\/index.php\/2020\/03\/10\/protokol-zebrania-zarzadu-fundacji-w-dniu-10-03-2020\/","title":{"rendered":"Protok\u00f3\u0142 Zebrania Kierownictwa Fundacji w dniu 10.03.2020"},"content":{"rendered":"<p style=\"text-align: center;\">Protok\u00f3\u0142<\/p>\n<p style=\"text-align: center;\">Zebranie 10.03.2020\u00a0Kierownictwa Fundacji<\/p>\n<p style=\"text-align: center;\">Budynek PAST-y p.IX<\/p>\n<p><!--more--><\/p>\n<ol>\n<li>Informacje o spotkaniu, kt\u00f3re odby\u0142o si\u0119 9.03 2020 w SDP-ie. Tematem spotkania by\u0142a: <a href=\"https:\/\/www.youtube.com\/watch?time_continue=1&amp;v=rXzmdXEYKQY&amp;feature=emb_logo\">\u201eAgentura w konspiracji lat 80. \u2013 Bezkarno\u015b\u0107!?\u201d<\/a> omawiane przez Andrzeja Dombrowicza i Agnieszk\u0119 Ha\u0142aburdzin-Rutkowsk\u0105. Spotkanie by\u0142o w temacie szczeg\u00f3lnie interesuj\u0105cym Fundacj\u0119, poniewa\u017c brak rozliczenia z przesz\u0142o\u015bci\u0105 i bezkarno\u015b\u0107 UB i TW do dzi\u015b nie pozwala na cieszenie si\u0119 autentycznie niepodleg\u0142\u0105 Ojczyzn\u0105. Bardzo cenna inicjatywa. Spotkanie dotkn\u0119\u0142o tylko tego tematu i konieczne jest jego kontynuowanie. Jednak na przysz\u0142o\u015b\u0107 dla lepszego zrozumienia przez osoby nie zwi\u0105zane z t\u0105 histori\u0105 potrzebny jest bardziej jednoznaczny przekaz i nie u\u017cywanie skr\u00f3t\u00f3w, kt\u00f3re mog\u0105 by\u0107 niezrozumia\u0142e poza \u015brodowiskiem.<\/li>\n<li>Informacja o zako\u0144czonym w\u0142a\u015bnie w Londynie kongresie: <a href=\"https:\/\/www.pism.pl\/konferencje\/IV_PolskoBrytyjskie_Forum_Belwederskie\">IV Polsko Brytyjskie Forum Belwederskie 2020<\/a> omawiane przez El\u017cbiet\u0119 Kr\u00f3likowsk\u0105-Avis. W dniach 3\u20134 marca w Londynie mia\u0142o miejsce IV Polsko-Brytyjskie Forum Belwederskie, kt\u00f3re jest formatem stworzonym na potrzeby dialogu spo\u0142ecznego. Tegoroczna edycja by\u0142a pierwsz\u0105 zorganizowan\u0105 przez wiod\u0105ce o\u015brodki ekspertyzy mi\u0119dzynarodowej w obu pa\u0144stwach: Polski Instytut Spraw Mi\u0119dzynarodowych i Kr\u00f3lewski Instytut Stosunk\u00f3w Mi\u0119dzynarodowych \u2013 Chatham House, nie za\u015b przez ministerstwa spraw zagranicznych. Zmiana ta niepokoi bardzo El\u017cbiet\u0119 Kr\u00f3likowsk\u0105-Avis i \u015brodowisko europarlamentarzyst\u00f3w polskich, poniewa\u017c obawiaj\u0105 si\u0119, \u017ce ta zmiana mo\u017ce spowodowa\u0107 zaw\u0142aszczenie forum przez \u015brodowiska lewackie. Nasi reprezentanci starali si\u0119 wymusza\u0107 na organizatorach, aby r\u00f3wno by\u0142y reprezentowane opinie konserwatywne i lewicowe, ale nie we wszystkich panelach to si\u0119 uda\u0142o. IV Forum Belwederskie skupia\u0142o si\u0119 du\u017co bardziej wok\u00f3\u0142 pogl\u0105d\u00f3w lewicowych a nawet lewackich. Poniewa\u017c w dalszym ci\u0105gu Forum jest organizowane z pieni\u0119dzy MSZ-etu trzeba pilnowa\u0107, aby nie sta\u0142o si\u0119 kolejnym o\u015brodkiem manipulacji zamiast miejscem wymiany my\u015bli i idei.<\/li>\n<li>03.2020r. odby\u0142a si\u0119 pikieta pod Pa\u0142acem Prezydenckim, kt\u00f3r\u0105 Fundacja uzna\u0142a za niew\u0142a\u015bciw\u0105 z racji okresu wyborczego i mo\u017cliwo\u015bci zmanipulowania \u015brodowiska i wci\u0105gni\u0119cia w wojn\u0119 z Prezydentem. Fundacja popiera postulaty uhonorowania opozycjonist\u00f3w jednak z racji tego, \u017ce jedynie wyb\u00f3r Andrzeja Dudy na kolejn\u0105 kadencj\u0119 daje szans\u0119 na kontynuowanie dobrych przemian w Polsce, przedk\u0142adaj\u0105c interes Ojczyzny nad w\u0142asny nie przyst\u0105pili\u015bmy do tej pikiety. Krzysztof Lancman przeje\u017cd\u017caj\u0105c obok pikiety ocenia j\u0105 na kilkana\u015bcie os\u00f3b i uwa\u017ca, \u017ce prowokatorzy wykorzystali Olewi\u0144skiego. Zgromadzeni dzia\u0142acze niepodleg\u0142o\u015bciowi nie protestowali przeciwko samemu Prezydentowi, nie udzielali wywiad\u00f3w do medi\u00f3w. Telewizja interesowa\u0142a si\u0119 tylko KOD-em z transparentem l\u017c\u0105cym Prezydenta.<\/li>\n<li>El\u017cbieta Kr\u00f3likowska-Avis skomentowa\u0142a, \u017ce dotkn\u0119\u0142o j\u0105 bardzo wyrzucenie Kurskiego, kt\u00f3ry tak du\u017co zrobi\u0142 dla telewizji publicznej i teraz Czaba\u0144ski utorowa\u0142 sobie drog\u0119 do kierowania telewizj\u0105 a b\u0119dzie to dla niej z ogromn\u0105 szkod\u0105.<\/li>\n<li>Andrzej Dombrowicz opisa\u0142 drog\u0119, kt\u00f3ra doprowadzi\u0142a do pikiety 5.03.2020 przed Pa\u0142acem Prezydenckim.\n<ul>\n<li>Przez ostatnie lata byli\u015bmy zwodzeni i oszukiwani, \u017ce ustawa ju\u017c le\u017cy i czeka do podpisania nie doczekali\u015bmy si\u0119 do dnia dzisiejszego<\/li>\n<li>21.01.2020r. spotkanie w SDP-ie i wielu dzia\u0142aczy niepodleg\u0142o\u015bciowych skupionych wok\u00f3\u0142 14 postulat\u00f3w uhonorowania opozycjonist\u00f3w. Tam by\u0142 postulat-\u017c\u0105danie spotkania si\u0119 z Marlen\u0105 Marl\u0105g &#8211; minister rodziny, pracy i polityki spo\u0142ecznej\n<ul>\n<li><span class=\"\">11.02.2020r. spotkanie z Szefem Urz\u0119du ds. Kombatant\u00f3w i Os\u00f3b Represjonowanych oraz Rad\u0105 Krajow\u0105\u2026., nie wykazano ch\u0119ci przychylenia si\u0119 do 14-tu postulat\u00f3w\u00a0 zg\u0142aszanych od lat\u00a0<\/span>przez \u015brodowisko dzia\u0142aczy niepodleg\u0142o\u015bciowych, kt\u00f3re my jako Formacja\u00a0 Niepodleg\u0142o\u015bciowa te\u017c znamy i je popieramy.<\/li>\n<li>Poinformowa\u0142 r\u00f3wnie\u017c, \u017ce o ile mu wiadomo, z kancelarii Prezydenta przybyli pracownicy i zaprosili 3 osoby, kt\u00f3re przekaza\u0142y petycj\u0119 dla Pana Prezydenta oraz sfotografowali wiele pism sk\u0142adanych od lat przez Stowarzyszenie na czele kt\u00f3rego stoi Janusz Olewi\u0144ski.<\/li>\n<li>W dniu 20.02.2020 Urz\u0105d ds. Kombatant\u00f3w z\u0142o\u017cy\u0142 na dziennik do URM projekt ustawy dotycz\u0105cy dzia\u0142aczy niepodleg\u0142o\u015bciowych.<\/li>\n<li>Olewi\u0144ski nie odst\u0105pi\u0142 od pikiety.<\/li>\n<\/ul>\n<\/li>\n<\/ul>\n<\/li>\n<li>Informacja od Krzysztofa Lancmana: Ala Cybula zosta\u0142a odwo\u0142ana z Przewodnicz\u0105cej Rady Mazowieckiej z powodu deklaracji przyst\u0105pienia do pikiety, kt\u00f3ra zosta\u0142a przygotowana przez s\u0142u\u017cby. Uznano, \u017ce nie wolno jej by\u0142o wyst\u0119powa\u0107 w imieniu Rady Wojew\u00f3dzkiej. Wszyscy jeste\u015bmy za \u015bwiadczeniami, ale byli\u015bmy przeciwko pikiecie.<\/li>\n<li>Tadeusz Sta\u0144ski &#8211; Nas najbardziej interesuje t\u0142o polityczne. Nast\u0105pi\u0142a pr\u00f3ba sk\u0142\u00f3cenia naszego \u015brodowiska. W czasach KPN-u organizowa\u0142em r\u00f3\u017cne uroczysto\u015bci i wydarzenia. Pikieta okaza\u0142a si\u0119 pora\u017ck\u0105 organizacyjn\u0105 wykazuj\u0105c\u0105 kompletny brak zaplecza. Kilkana\u015bcie os\u00f3b na manifestacji, gdy oko\u0142o 60 by\u0142o na zebraniu organizacyjnym. Tak niszczona jest sprawa, wok\u00f3\u0142 kt\u00f3rej si\u0119 zebrali\u015bmy. Olewi\u0144ski pochodzi z Siedlec, a to jest rejon mojego wieloletniego dzia\u0142ania, ale ja go nie znam i nigdy o nim nie s\u0142ysza\u0142em podczas dzia\u0142alno\u015bci opozycyjnej. Ka\u017cdy, kto teraz wyst\u0119puje nie mo\u017ce dzia\u0142a\u0107 na szkod\u0119 Fundacji i naszej idei.<\/li>\n<li>Gra\u017cyna Rudnik przed pikiet\u0105 odby\u0142o si\u0119 spotkanie z M. Zwiercanow\u0105, kt\u00f3ra prosi\u0142a, aby nie bra\u0107 udzia\u0142u w pikiecie, kt\u00f3ra mo\u017ce by\u0107 wykorzystana w kampanii przeciwko Prezydentowi.<\/li>\n<li>Tadeusz Sta\u0144ski jeszcze przypominam o propozycji wyjazdu do Wilna w dniach 23-26.04, to jest pielgrzymka od parafii \u015bw. Kazimierza w Piasecznie do \u015bw. Kazimierza w Wilnie. Nasz \u015brodowisko zosta\u0142o zaproszone do udzia\u0142u w tym wydarzeniu.<\/li>\n<li>Pawe\u0142 Bogacki \u2013 Projekt ustawy o weteranach opozycji komunistycznej jest bardzo ciekaw\u0105 propozycj\u0105 i wart\u0105 naszej uwagi. Nadaje nam tytu\u0142 weteran\u00f3w zmieni\u0142o by stosunek do nas.<\/li>\n<\/ol>\n<p>&nbsp;<\/p>\n<p>&nbsp;<\/p>\n<p style=\"text-align: right;\">Protoko\u0142owa\u0142a<\/p>\n<p style=\"text-align: right;\">Agnieszka Ha\u0142aburdzin-Rutkowska<\/p>\n","protected":false},"excerpt":{"rendered":"<p>Protok\u00f3\u0142 Zebranie 10.03.2020\u00a0Kierownictwa Fundacji Budynek PAST-y p.IX<\/p>\n","protected":false},"author":1,"featured_media":0,"comment_status":"open","ping_status":"open","sticky":false,"template":"","format":"standard","meta":{"_monsterinsights_skip_tracking":false,"_monsterinsights_sitenote_active":false,"_monsterinsights_sitenote_note":"","_monsterinsights_sitenote_category":0},"categories":[27],"tags":[119],"_links":{"self":[{"href":"https:\/\/odszkodowani.pl\/index.php\/wp-json\/wp\/v2\/posts\/3033"}],"collection":[{"href":"https:\/\/odszkodowani.pl\/index.php\/wp-json\/wp\/v2\/posts"}],"about":[{"href":"https:\/\/odszkodowani.pl\/index.php\/wp-json\/wp\/v2\/types\/post"}],"author":[{"embeddable":true,"href":"https:\/\/odszkodowani.pl\/index.php\/wp-json\/wp\/v2\/users\/1"}],"replies":[{"embeddable":true,"href":"https:\/\/odszkodowani.pl\/index.php\/wp-json\/wp\/v2\/comments?post=3033"}],"version-history":[{"count":17,"href":"https:\/\/odszkodowani.pl\/index.php\/wp-json\/wp\/v2\/posts\/3033\/revisions"}],"predecessor-version":[{"id":3117,"href":"https:\/\/odszkodowani.pl\/index.php\/wp-json\/wp\/v2\/posts\/3033\/revisions\/3117"}],"wp:attachment":[{"href":"https:\/\/odszkodowani.pl\/index.php\/wp-json\/wp\/v2\/media?parent=3033"}],"wp:term":[{"taxonomy":"category","embeddable":true,"href":"https:\/\/odszkodowani.pl\/index.php\/wp-json\/wp\/v2\/categories?post=3033"},{"taxonomy":"post_tag","embeddable":true,"href":"https:\/\/odszkodowani.pl\/index.php\/wp-json\/wp\/v2\/tags?post=3033"}],"curies":[{"name":"wp","href":"https:\/\/api.w.org\/{rel}","templated":true}]}}