{"id":3023,"date":"2020-03-09T23:24:24","date_gmt":"2020-03-09T22:24:24","guid":{"rendered":"http:\/\/odszkodowani.pl\/?p=3023"},"modified":"2020-03-15T07:42:18","modified_gmt":"2020-03-15T06:42:18","slug":"agentura-w-konspiracji-lat-80-bezkarnosc","status":"publish","type":"post","link":"https:\/\/odszkodowani.pl\/index.php\/2020\/03\/09\/agentura-w-konspiracji-lat-80-bezkarnosc\/","title":{"rendered":"Agentura w konspiracji lat 80. \u2013 Bezkarno\u015b\u0107!?"},"content":{"rendered":"<p>W klubie Ronina w Stowarzyszeniu Dziennikarzy Polskich w Warszawie na ul. Foksal odby\u0142o si\u0119 spotkanie na temat bardzo nas interesuj\u0105cy: &#8220;<em>Agentura w konspiracji lat 80. \u2013 Bezkarno\u015b\u0107!?&#8221;<\/em><\/p>\n<p>Jest to g\u0142os w dyskusji, kt\u00f3ry musi by\u0107 coraz g\u0142o\u015bniejszy po to aby\u015bmy odczarowali przesz\u0142o\u015b\u0107 i oddali ho\u0142d opozycjonistom niepodleg\u0142o\u015bciowym. Tym, kt\u00f3rzy nie poszli na wsp\u00f3\u0142prac\u0119 i ponie\u015bli ofiar\u0119 ze zdrowia i zaryzykowali ca\u0142e swoje \u017cycie\u00a0a konsekwencje ponosz\u0105 do dzi\u015b.<\/p>\n<p>To \u017ce agentura by\u0142a bardzo g\u0142\u0119boko w strukturach opozycyjnych i cz\u0119sto w ich w\u0142adzach powoduje przekonanie budowane przez dziesi\u0119ciolecia, ze w PRL-u wszyscy byli umoczeni i \u017ce wszyscy jeste\u015bmy tacy sami. To nie jest prawda mi\u0119dzy tymi, kt\u00f3rzy byli ofiarami a katami. Musimy widzie\u0107 r\u00f3\u017cnic\u0119 bo inaczej nie oddamy ca\u0142ej prawdy o nas samych.<\/p>\n<p><iframe loading=\"lazy\" width=\"640\" height=\"360\" src=\"https:\/\/www.youtube.com\/embed\/rXzmdXEYKQY?feature=oembed\" frameborder=\"0\" allow=\"accelerometer; autoplay; encrypted-media; gyroscope; picture-in-picture\" allowfullscreen><\/iframe><\/p>\n","protected":false},"excerpt":{"rendered":"<p>W klubie Ronina w Stowarzyszeniu Dziennikarzy Polskich w Warszawie na ul. Foksal odby\u0142o si\u0119 spotkanie na temat bardzo nas interesuj\u0105cy: &#8220;Agentura w konspiracji lat 80. \u2013 Bezkarno\u015b\u0107!?&#8221; Jest to g\u0142os w dyskusji, kt\u00f3ry musi by\u0107 coraz g\u0142o\u015bniejszy po to aby\u015bmy odczarowali przesz\u0142o\u015b\u0107 i oddali ho\u0142d opozycjonistom niepodleg\u0142o\u015bciowym. Tym, kt\u00f3rzy nie poszli na wsp\u00f3\u0142prac\u0119 i ponie\u015bli [&hellip;]<\/p>\n","protected":false},"author":1,"featured_media":0,"comment_status":"open","ping_status":"open","sticky":false,"template":"","format":"standard","meta":{"_monsterinsights_skip_tracking":false,"_monsterinsights_sitenote_active":false,"_monsterinsights_sitenote_note":"","_monsterinsights_sitenote_category":0},"categories":[61,103,20],"tags":[140,139,85],"_links":{"self":[{"href":"https:\/\/odszkodowani.pl\/index.php\/wp-json\/wp\/v2\/posts\/3023"}],"collection":[{"href":"https:\/\/odszkodowani.pl\/index.php\/wp-json\/wp\/v2\/posts"}],"about":[{"href":"https:\/\/odszkodowani.pl\/index.php\/wp-json\/wp\/v2\/types\/post"}],"author":[{"embeddable":true,"href":"https:\/\/odszkodowani.pl\/index.php\/wp-json\/wp\/v2\/users\/1"}],"replies":[{"embeddable":true,"href":"https:\/\/odszkodowani.pl\/index.php\/wp-json\/wp\/v2\/comments?post=3023"}],"version-history":[{"count":1,"href":"https:\/\/odszkodowani.pl\/index.php\/wp-json\/wp\/v2\/posts\/3023\/revisions"}],"predecessor-version":[{"id":3024,"href":"https:\/\/odszkodowani.pl\/index.php\/wp-json\/wp\/v2\/posts\/3023\/revisions\/3024"}],"wp:attachment":[{"href":"https:\/\/odszkodowani.pl\/index.php\/wp-json\/wp\/v2\/media?parent=3023"}],"wp:term":[{"taxonomy":"category","embeddable":true,"href":"https:\/\/odszkodowani.pl\/index.php\/wp-json\/wp\/v2\/categories?post=3023"},{"taxonomy":"post_tag","embeddable":true,"href":"https:\/\/odszkodowani.pl\/index.php\/wp-json\/wp\/v2\/tags?post=3023"}],"curies":[{"name":"wp","href":"https:\/\/api.w.org\/{rel}","templated":true}]}}