{"id":1245,"date":"2016-11-10T20:14:45","date_gmt":"2016-11-10T19:14:45","guid":{"rendered":"http:\/\/odszkodowani.pl\/?p=1245"},"modified":"2016-12-01T01:59:29","modified_gmt":"2016-12-01T00:59:29","slug":"wzor-porozumienie","status":"publish","type":"post","link":"https:\/\/odszkodowani.pl\/index.php\/2016\/11\/10\/wzor-porozumienie\/","title":{"rendered":"Wz\u00f3r &#8211; POROZUMIENIE"},"content":{"rendered":"<p style=\"text-align: center;\"><strong>POROZUMIENIE<\/strong><\/p>\n<p style=\"text-align: center;\">Zawarte w dniu \u2026\u2026..\u2026\u2026\u2026 w Warszawie<\/p>\n<p style=\"text-align: center;\">pomi\u0119dzy<\/p>\n<p style=\"text-align: center;\">Fundacj\u0105 Walcz\u0105cym o Niepodleg\u0142o\u015b\u0107, Wykl\u0119tych, Pokrzywdzonych, Internowanych, Wi\u0119zionych z siedzib\u0105 w 00-108 Warszawa, ul. Zielna 39 (NIP: <strong>5252565069<\/strong><strong>, <\/strong>REGON: <strong>146865528<\/strong><strong>).<\/strong><\/p>\n<p style=\"text-align: center;\">reprezentowan\u0105 przez:<\/p>\n<p style=\"text-align: center;\">Tadeusza Sta\u0144skiego &#8211; Prezesa Fundacji<\/p>\n<p style=\"text-align: center;\">\u00a0a<\/p>\n<p style=\"text-align: center;\">Stowarzyszeniem \u2026\u2026\u2026\u2026\u2026\u2026\u2026\u2026\u2026\u2026\u2026\u2026\u2026\u2026\u2026\u2026\u2026\u2026\u2026\u2026\u2026\u2026\u2026\u2026\u2026\u2026\u2026\u2026\u2026\u2026\u2026. z siedzib\u0105 w \u2026\u2026\u2026\u2026\u2026\u2026\u2026\u2026\u2026\u2026\u2026\u2026\u2026\u2026\u2026\u2026\u2026\u2026\u2026\u2026\u2026<\/p>\n<p style=\"text-align: center;\">reprezentowanym przez:<\/p>\n<p style=\"text-align: center;\">\u2026\u2026\u2026\u2026\u2026\u2026\u2026\u2026\u2026\u2026\u2026\u2026\u2026\u2026\u2026&#8230;<\/p>\n<p style=\"text-align: center;\">\n<p style=\"text-align: center;\">dzia\u0142aj\u0105cych na podstawie udzielonego im przez Zarz\u0105d Pe\u0142nomocnictwa.<\/p>\n<ul style=\"text-align: center;\">\n<li>1<\/li>\n<\/ul>\n<p style=\"text-align: center;\">Podpisuj\u0105cy Porozumienie o\u015bwiadczaj\u0105, \u017ce ich wsp\u00f3lnym celem jest wsp\u00f3\u0142praca w doprowadzeniu do uhonorowania i zado\u015b\u0107uczynienia walcz\u0105cym o Niepodleg\u0142o\u015b\u0107 w latach 1939-1989.<\/p>\n<ul style=\"text-align: center;\">\n<li>2<\/li>\n<\/ul>\n<p style=\"text-align: center;\">Podpisuj\u0105cy Porozumienie o\u015bwiadczaj\u0105 r\u00f3wnie\u017c, \u017ce nie p\u00f3\u017aniej ni\u017c w terminie do trzech miesi\u0119cy od daty podpisania niniejszego Porozumienia, i po uzyskaniu zg\u00f3d w\u0142adz statutowych Stron, zostanie podpisana Umowa\/Pe\u0142nomocnictwo pomi\u0119dzy Stronami niniejszego Porozumienia upowa\u017cniaj\u0105ca Fundacj\u0119 do wyst\u0119powania w imieniu Stowarzyszenia z pozwem zbiorowym<br \/>\ndo S\u0105du.<\/p>\n<ul style=\"text-align: center;\">\n<li>3<\/li>\n<\/ul>\n<p style=\"text-align: center;\">Porozumienie zosta\u0142a sporz\u0105dzona w dw\u00f3ch jednobrzmi\u0105cych egzemplarzach, po jednym dla ka\u017cdej ze Stron.<\/p>\n<ul style=\"text-align: center;\">\n<li>4<\/li>\n<\/ul>\n<p style=\"text-align: center;\">Porozumienie wchodzi w \u017cycie z dat\u0105 jego podpisania.<\/p>\n<p style=\"text-align: center;\">\n<p style=\"text-align: center;\"><em>Za Fundacj\u0119:\u00a0\u00a0\u00a0\u00a0\u00a0\u00a0\u00a0\u00a0\u00a0\u00a0\u00a0\u00a0\u00a0 \u00a0\u00a0\u00a0\u00a0\u00a0\u00a0\u00a0\u00a0\u00a0\u00a0\u00a0 \u00a0\u00a0\u00a0\u00a0\u00a0\u00a0\u00a0\u00a0\u00a0\u00a0\u00a0 \u00a0\u00a0\u00a0\u00a0\u00a0\u00a0\u00a0\u00a0\u00a0\u00a0\u00a0\u00a0\u00a0\u00a0\u00a0\u00a0\u00a0 \u00a0\u00a0\u00a0\u00a0\u00a0 \u00a0\u00a0\u00a0\u00a0\u00a0\u00a0\u00a0\u00a0\u00a0\u00a0\u00a0\u00a0\u00a0\u00a0\u00a0\u00a0\u00a0\u00a0\u00a0\u00a0\u00a0\u00a0\u00a0 Za Stowarzyszenie:<\/p>\n<p><\/em><\/p>\n<p style=\"text-align: center;\">\u2026\u2026\u2026\u2026..\u2026\u2026\u2026\u2026\u2026\u2026\u2026\u00a0\u00a0\u00a0\u00a0\u00a0\u00a0\u00a0\u00a0\u00a0\u00a0\u00a0\u00a0\u00a0\u00a0\u00a0\u00a0\u00a0\u00a0\u00a0\u00a0\u00a0\u00a0\u00a0\u00a0\u00a0\u00a0\u00a0\u00a0\u00a0\u00a0\u00a0\u00a0\u00a0\u00a0\u00a0\u00a0\u00a0\u00a0\u00a0\u00a0\u00a0\u00a0\u00a0\u00a0\u00a0\u00a0\u00a0\u00a0\u00a0\u00a0\u00a0\u00a0\u00a0\u00a0\u00a0\u00a0\u00a0\u00a0\u00a0\u00a0\u00a0\u00a0\u00a0\u00a0\u00a0\u00a0\u00a0\u00a0\u00a0\u00a0\u00a0\u00a0\u00a0\u00a0\u00a0\u00a0\u00a0\u00a0\u00a0\u00a0\u00a0\u00a0\u00a0\u00a0\u00a0\u00a0\u00a0\u00a0\u00a0\u00a0\u00a0 \u2026\u2026\u2026\u2026\u2026..\u2026\u2026\u2026\u2026\u2026\u2026\n<\/p>\n<p style=\"text-align: center;\">\u2026\u2026\u2026\u2026\u2026\u2026..\u2026\u2026\u2026\u2026\u2026\u00a0\u00a0\u00a0\u00a0\u00a0\u00a0\u00a0\u00a0\u00a0\u00a0\u00a0\u00a0 \u00a0\u00a0\u00a0\u00a0\u00a0\u00a0\u00a0\u00a0\u00a0\u00a0\u00a0\u00a0\u00a0\u00a0\u00a0\u00a0\u00a0\u00a0\u00a0\u00a0\u00a0\u00a0\u00a0\u00a0\u00a0\u00a0\u00a0\u00a0\u00a0\u00a0\u00a0\u00a0\u00a0\u00a0\u00a0\u00a0\u00a0\u00a0\u00a0\u00a0\u00a0\u00a0\u00a0\u00a0\u00a0\u00a0\u00a0\u00a0\u00a0\u00a0\u00a0\u00a0\u00a0\u00a0\u00a0\u00a0\u00a0\u00a0\u00a0\u00a0\u00a0\u00a0\u00a0\u00a0\u00a0\u00a0\u00a0\u00a0\u00a0\u00a0\u00a0\u00a0\u00a0\u00a0\u00a0\u00a0\u00a0\u00a0 \u2026\u2026\u2026\u2026..\u2026\u2026\u2026\u2026\u2026\u2026\u2026<\/p>\n","protected":false},"excerpt":{"rendered":"<p>POROZUMIENIE Zawarte w dniu \u2026\u2026..\u2026\u2026\u2026 w Warszawie pomi\u0119dzy Fundacj\u0105 Walcz\u0105cym o Niepodleg\u0142o\u015b\u0107, Wykl\u0119tych, Pokrzywdzonych, Internowanych, Wi\u0119zionych z siedzib\u0105 w 00-108 Warszawa, ul. Zielna 39 (NIP: 5252565069, REGON: 146865528). reprezentowan\u0105 przez: Tadeusza Sta\u0144skiego &#8211; Prezesa Fundacji \u00a0a Stowarzyszeniem \u2026\u2026\u2026\u2026\u2026\u2026\u2026\u2026\u2026\u2026\u2026\u2026\u2026\u2026\u2026\u2026\u2026\u2026\u2026\u2026\u2026\u2026\u2026\u2026\u2026\u2026\u2026\u2026\u2026\u2026\u2026. z siedzib\u0105 w \u2026\u2026\u2026\u2026\u2026\u2026\u2026\u2026\u2026\u2026\u2026\u2026\u2026\u2026\u2026\u2026\u2026\u2026\u2026\u2026\u2026 reprezentowanym przez: \u2026\u2026\u2026\u2026\u2026\u2026\u2026\u2026\u2026\u2026\u2026\u2026\u2026\u2026\u2026&#8230; dzia\u0142aj\u0105cych na podstawie udzielonego im przez Zarz\u0105d Pe\u0142nomocnictwa. 1 Podpisuj\u0105cy [&hellip;]<\/p>\n","protected":false},"author":1,"featured_media":0,"comment_status":"open","ping_status":"open","sticky":false,"template":"","format":"standard","meta":{"_monsterinsights_skip_tracking":false,"_monsterinsights_sitenote_active":false,"_monsterinsights_sitenote_note":"","_monsterinsights_sitenote_category":0},"categories":[21],"tags":[],"_links":{"self":[{"href":"https:\/\/odszkodowani.pl\/index.php\/wp-json\/wp\/v2\/posts\/1245"}],"collection":[{"href":"https:\/\/odszkodowani.pl\/index.php\/wp-json\/wp\/v2\/posts"}],"about":[{"href":"https:\/\/odszkodowani.pl\/index.php\/wp-json\/wp\/v2\/types\/post"}],"author":[{"embeddable":true,"href":"https:\/\/odszkodowani.pl\/index.php\/wp-json\/wp\/v2\/users\/1"}],"replies":[{"embeddable":true,"href":"https:\/\/odszkodowani.pl\/index.php\/wp-json\/wp\/v2\/comments?post=1245"}],"version-history":[{"count":1,"href":"https:\/\/odszkodowani.pl\/index.php\/wp-json\/wp\/v2\/posts\/1245\/revisions"}],"predecessor-version":[{"id":1246,"href":"https:\/\/odszkodowani.pl\/index.php\/wp-json\/wp\/v2\/posts\/1245\/revisions\/1246"}],"wp:attachment":[{"href":"https:\/\/odszkodowani.pl\/index.php\/wp-json\/wp\/v2\/media?parent=1245"}],"wp:term":[{"taxonomy":"category","embeddable":true,"href":"https:\/\/odszkodowani.pl\/index.php\/wp-json\/wp\/v2\/categories?post=1245"},{"taxonomy":"post_tag","embeddable":true,"href":"https:\/\/odszkodowani.pl\/index.php\/wp-json\/wp\/v2\/tags?post=1245"}],"curies":[{"name":"wp","href":"https:\/\/api.w.org\/{rel}","templated":true}]}}