{"id":1095,"date":"2016-08-15T21:36:09","date_gmt":"2016-08-15T19:36:09","guid":{"rendered":"http:\/\/odszkodowani.pl\/?p=1095"},"modified":"2016-08-18T11:30:08","modified_gmt":"2016-08-18T09:30:08","slug":"informacja-w-sprawie-pozwu-o-zadoscuczynienie","status":"publish","type":"post","link":"https:\/\/odszkodowani.pl\/index.php\/2016\/08\/15\/informacja-w-sprawie-pozwu-o-zadoscuczynienie\/","title":{"rendered":"Proces"},"content":{"rendered":"<p style=\"text-align: right;\">\n<p>&nbsp;<\/p>\n<p>&nbsp;<\/p>\n<p style=\"text-align: center;\">\u00a0 \u00a0 \u00a0 \u00a0 \u00a0 \u00a0 \u00a0 \u00a0 \u00a0 \u00a0 \u00a0 \u00a0 \u00a0 \u00a0 \u00a0 \u00a0 \u00a0 \u00a0 \u00a0 \u00a0 \u00a0 \u00a0 \u00a0 \u00a0 \u00a0 \u00a0 \u00a0 \u00a0 \u00a0 \u00a0 \u00a0 \u00a0 \u00a0 \u00a0 \u00a0 \u00a0 \u00a0 \u00a0 \u00a0 \u00a0 \u00a0 \u00a0 \u00a0 \u00a0 \u00a0 \u00a0 \u00a0 \u00a0 \u00a0 \u00a0 \u00a0 \u00a0 \u00a0 \u00a0 \u00a0 \u00a0 \u00a0 \u00a0 PISMO PROCESOWE z dnia 10.08.16r.<\/p>\n<p>&nbsp;<\/p>\n<p>Fundacja Walcz\u0105cym o Niepodleg\u0142o\u015b\u0107, Wykl\u0119tych, Pokrzywdzonych, Internowanych, Wi\u0119zionych\u00a0 jako pe\u0142nomocnik organizacji reprezentuj\u0105cych walcz\u0105cych o Niepodleg\u0142o\u015b\u0107 i ich nast\u0119pc\u00f3w, w ca\u0142o\u015bci popiera pozew z\u0142o\u017cony w S\u0105dzie Okr\u0119gowym w Warszawie.<\/p>\n<p>W ramach niniejszego pisma procesowego pragniemy o\u015bwiadczy\u0107, \u017ce zgodnie z wyrokami S\u0105du Najwy\u017cszego istotn\u0105 cz\u0119\u015bci\u0105 Konstytucji jest jej preambu\u0142a, a w szczeg\u00f3lno\u015bci<\/p>\n<p>&nbsp;<\/p>\n<p>&nbsp;<\/p>\n<p>Najwy\u017csze Prawo Rzeczypospolitej Polskiej \u2013 jej Konstytucja, uchwalona przez Zgromadzenie Narodowe w dniu 2 kwietnia 1997 roku i przyj\u0119ta przez Nar\u00f3d w referendum konstytucyjnym w dniu 25 maja 1997 roku w preambule podkre\u015bla wdzi\u0119czno\u015b\u0107\u00a0 <strong><em>naszym przodkom za ich prac\u0119, za walk\u0119 o niepodleg\u0142o\u015b\u0107 okupion\u0105 ogromnymi ofiarami<\/em><\/strong>,\u00a0 deklaruje ustanowienie \u0142adu konstytucyjnego ze \u015bwiadomo\u015bci\u0105\u00a0 <strong><em>gorzkich do\u015bwiadcze\u0144 z czas\u00f3w gdy podstawowe wolno\u015bci i prawa by\u0142y w naszej Ojczy\u017anie \u0142amane <\/em><\/strong>, kt\u00f3ry zagwarantuje porz\u0105dek <strong>oparty\u00a0 <em>na poszanowaniu wolno\u015bci i sprawiedliwo\u015bci, wsp\u00f3\u0142dzia\u0142aniu w\u0142adz, dialogu spo\u0142ecznym\u00a0 <\/em><\/strong><em>, <\/em>nade wszystko za\u015b dbaj\u0105c o zachowanie przyrodzonej godno\u015bci cz\u0142owieka. Zado\u015b\u0107uczynienie doznanych krzywd, naprawienie doznanych niesprawiedliwo\u015bci stanowi istotny element deklarowanego systemu warto\u015bci porz\u0105dku publicznego. Zawarte w preambule Konstytucji\u00a0 deklaracje stanowi\u0105 zasadnicz\u0105 podstaw\u0119 wyk\u0142adni poszczeg\u00f3lnych norm konstytucyjnych i wyznaczaj\u0105 jedyny\u00a0 dopuszczalny zakres interpretacji dla ca\u0142ego systemu warto\u015bci\u00a0 ustrojowych w porz\u0105dku normatywnym w Polsce.<\/p>\n<p>Konstytucja z 1997 roku odwo\u0142uje si\u0119 do u\u015bwi\u0119conego tradycj\u0105 rozumienia wsp\u00f3lnoty obywatelskiej, kt\u00f3r\u0105 nasi przodkowie nazwali RZECZPOSPOLIT\u0104. W art. 1 Konstytucji zosta\u0142a ona przypomniana i nazwana \u201edobrem wsp\u00f3lnym wszystkich obywateli\u201d. Przyj\u0119ta konstrukcja ustrojowa w zgodzie z deklarowanym system warto\u015bci stworzy\u0142a podstawy konstytucyjne wyst\u0105pienia przez <strong>Fundacj\u0119 Walcz\u0105cym o Niepodleg\u0142o\u015b\u0107, Wykl\u0119tych, Pokrzywdzonych, Internowanych, Wi\u0119zionych<\/strong> z upowa\u017cnienia 23 organizacji walcz\u0105cych o Niepodleg\u0142o\u015b\u0107 i ich nast\u0119pc\u00f3w z pozwem o zas\u0105dzenie od Skarbu Pa\u0144stwa kwoty 10 miliard\u00f3w z\u0142otych w zgodzie z zasadami <strong><em>demokratycznego pa\u0144stwa prawnego urzeczywistniaj\u0105cego zasady sprawiedliwo\u015bci spo\u0142ecznej<\/em><\/strong><em>. <\/em>W\u0142a\u015bnie ta sprawiedliwo\u015b\u0107 spo\u0142eczna stanowi podstaw\u0119 konstytucyjn\u0105 upomnienia si\u0119 o niewielk\u0105 cze\u015b\u0107 dobra wsp\u00f3lnego w celu godnego zado\u015b\u0107uczynienia i uhonorowania \u015brodowisk os\u00f3b niegdy\u015b pokrzywdzonych z powod\u00f3w politycznych w Polsce w drugiej po\u0142owie XX wieku. Rzeczpospolita Polska jako dobro wsp\u00f3lne wszystkich obywateli specjaln\u0105 opiek\u0105 otacza weteran\u00f3w walk o niepodleg\u0142o\u015b\u0107 (art19)<em>. <\/em>Dlatego fundatorzy i inicjatorzy wyst\u0105pienia z pozwem, posiadaj\u0105c porozumienia i upowa\u017cnienie 23 organizacji (ilo\u015b\u0107 organizacji mo\u017ce ulec zmianie) reprezentuj\u0105cych walcz\u0105cych o Niepodleg\u0142o\u015b\u0107 i ich nast\u0119pc\u00f3w, maj\u0105c \u015bwiadomo\u015b\u0107, \u017ce kolejne rz\u0105dy, organy w\u0142adzy konstytucyjnej, powo\u0142ane do tego instytucje pa\u0144stwowe, w ci\u0105gu ostatnich dwudziestu siedmiu\u00a0 lat nie wiele uczyni\u0142y dla poprawienia losu os\u00f3b pokrzywdzonych w walce o Niepodleg\u0142o\u015b\u0107, <strong>zdecydowali si\u0119 na pozew konstytucyjny tzn. oparty w ca\u0142o\u015bci bezpo\u015brednio na normach obowi\u0105zuj\u0105cej Konstytucji RP<\/strong>. Dochodz\u0105c swoich racji przed s\u0105dem powszechnym, autorzy pozwu swoje prawa wywodz\u0105 z normy art. 8 ust.2 Konstytucji RP.<\/p>\n<p>Wa\u017cne i godne podkre\u015blenia jest przywo\u0142anie normy art. 4 Konstytucji, kt\u00f3ry stanowi, \u017ce w\u0142adza zwierzchnia\u00a0 w Rzeczypospolitej Polskiej nale\u017cy do Narody czyli wszystkich jej obywateli i sprawowana jest przez swoich przedstawicieli lub<strong> bezpo\u015brednio\u2026 <\/strong>Szczeg\u00f3lny pozew Fundacji Walcz\u0105cym o Niepodleg\u0142o\u015b\u0107 mo\u017cna zatem traktowa\u0107 jako\u00a0 bezpo\u015bredni udzia\u0142 cz\u0119\u015bci obywateli w sprawowaniu w\u0142adzy. Post\u0119powanie w sprawie z pozwu Fundacji\u00a0 w procesie cywilnym przed s\u0105dem powszechnym, ze wzgl\u0119du na jednoznaczna podstaw\u0119 w normach obowi\u0105zuj\u0105cej Konstytucji z 1997 roku, nale\u017cy traktowa\u0107 w zgodzie z jej art. 177, zgodnie z kt\u00f3rym <strong><em>s\u0105dy powszechne sprawuj\u0105 wymiar sprawiedliwo\u015bci we wszystkich sprawach, z wyj\u0105tkiem spraw zastrze\u017conych dla w\u0142a\u015bciwo\u015bci innych s\u0105d\u00f3w\u2026<\/em><\/strong><\/p>\n<p>Celem pozwu Fundacji Walcz\u0105cym o Niepodleg\u0142o\u015b\u0107 jest zas\u0105dzenie kwoty pieni\u0119\u017cnej umo\u017cliwiaj\u0105cej zbudowanie spo\u0142ecznego systemu opieki nad osobami i ich nast\u0119pcami, kt\u00f3rzy za swoj\u0105 postaw\u0119 patriotyczn\u0105 byli zabijani, torturowani,\u00a0 wi\u0119zieni, internowani, pokrzywdzeni i prze\u015bladowani przez organy pa\u0144stwa polskiego przed 1989 rokiem.<strong> To<\/strong> <strong>wyczerpuje znamiona art. 43 Konstytucji:\u00a0 Zbrodnie wojenne i zbrodnie przeciwko ludzko\u015bci nie podlegaj\u0105 przedawnieniu.<\/strong>\u00a0 Dodajmy os\u00f3b z pokole\u0144 masowo odchodz\u0105cych. Pow\u00f3d uwa\u017ca, \u017ce rzeczy oczywiste i powszechnie znane nie wymagaj\u0105 dowodzenia. Realizacja cel\u00f3w pozwu z\u0142o\u017conego przez Fundacj\u0119 w imieniu organizacji, z kt\u00f3rymi zawarto porozumienia i od kt\u00f3rych Fundacja otrzyma\u0142a pe\u0142nomocnictwa prawne, jest zasadnicz\u0105 i niezb\u0119dn\u0105 forma zado\u015b\u0107uczynienia i uhonorowania \u017cyj\u0105cych walcz\u0105cych o Niepodleg\u0142o\u015b\u0107 i ich nast\u0119pc\u00f3w prawnych. Jak napisano w pozwie chodzi m.in. o <strong><em>utworzenie systemu opieki zdrowotnej, utworzenie systemu dom\u00f3w opieki socjalnej, identyfikacj\u0119 poch\u00f3wk\u00f3w pomordowanych, miejsc ka\u017ani i uhonorowanie grob\u00f3w, stworzenie list os\u00f3b walcz\u0105cych w przesz\u0142o\u015bci o Niepodleg\u0142o\u015b\u0107 na terenie Drugiej Rzeczpospolitej w latach 1939-1989.<\/em><\/strong><\/p>\n<p>Wyst\u0105pienie z pozwem przez Fundacj\u0119 jest zgodne z jej statutem oraz ze statutami i regulaminami organizacji przez ni\u0105 reprezentowanych. Precyzuj\u0105c, Fundacja podpisuj\u0105c porozumienia i organizacji zrzeszaj\u0105cych walcz\u0105cych o Niepodleg\u0142o\u015b\u0107 i ich nast\u0119pc\u00f3w dzia\u0142a w ich imieniu i na ich rzecz, co jest zgodne z preambu\u0142\u0105 i artyku\u0142ami Konstytucji zawartymi w pozwie.<\/p>\n<p>&nbsp;<\/p>\n<p><strong>WNIOSEK NR 1<\/strong><\/p>\n<p><strong>\u00a0<\/strong><\/p>\n<ol>\n<li>Pow\u00f3d wnosi o wezwanie jako strony post\u0119powania Prezydenta RP dr Andrzeja Dudy w celu z\u0142o\u017cenia wyja\u015bnie\u0144, dlaczego nie podj\u0105\u0142 dzia\u0142a\u0144, kt\u00f3re okre\u015blone s\u0105 w Konstytucji i na kt\u00f3re powo\u0142ujemy si\u0119 w pozwie.<\/li>\n<\/ol>\n<p>&nbsp;<\/p>\n<ol>\n<li>O wezwanie jako \u015bwiadka by\u0142ego Prezydenta RP Bronis\u0142awa Komorowskiego, kt\u00f3ry w ocenie powoda jest poszkodowany gdy\u017c jego ojciec jako \u017co\u0142nierz wykl\u0119ty uciekaj\u0105c przed Rosjanami przedosta\u0142 si\u0119 z brygad\u0105 majora \u0141upaszki na Podlasie i z tego powodu Bronis\u0142aw Komorowski by\u0142 wychowankiem domu dziecka. W roku 1979 za dzia\u0142alno\u015b\u0107 niepodleg\u0142o\u015bciowa Bronis\u0142aw Komorowski zosta\u0142 skazany na dwa miesi\u0105ce wiezienia i z tego powodu w stanie wojennym zosta\u0142 internowany. Nast\u0119pnie w latach osiemdziesi\u0105tych mia\u0142 problemy ze znalezieniem pracy tzn by\u0142 poszkodowany. Dlatego ku zaskoczeniu powoda uwa\u017camy, \u017ce Bronis\u0142aw Komorowski spe\u0142nia wszystkie kryteria, kt\u00f3re by\u0142y powodem powo\u0142ania fundacji i z\u0142o\u017cenia pozwu tj. wykl\u0119tych, pokrzywdzonych, internowanych, wi\u0119zionych.\u00a0 Wezwanie \u015bwiadka ma celu z\u0142o\u017cenia wyja\u015bnie\u0144, dlaczego nie podj\u0105\u0142 dzia\u0142a\u0144, kt\u00f3re okre\u015blone s\u0105 w Konstytucji i na kt\u00f3re powo\u0142ujemy si\u0119 w pozwie.<\/li>\n<\/ol>\n<p>&nbsp;<\/p>\n<p><strong>WNIOSEK NR 2<\/strong><\/p>\n<p><strong>\u00a0<\/strong><\/p>\n<ol>\n<li>W celu udokumentowania i potwierdzenia podpisanych porozumie\u0144 i udzielonych pe\u0142nomocnictw Pow\u00f3d wnosi o wezwanie w charakterze \u015bwiadk\u00f3w w pierwszej kolejno\u015bci pi\u0119ciu przedstawicieli organizacji reprezentowanych w pozwie. Zgodno\u015bci ich za\u0142o\u017ce\u0144 ideowo-prawnych ze statutem Fundacji. Wyst\u0105pi\u0105 w sprawie realizacji koncepcji podzia\u0142u i zagospodarowania zado\u015b\u0107uczynienia uzyskanego od Skarbu Pa\u0144stwa. W nast\u0119pnym terminie podamy dane kolejnych \u015bwiadk\u00f3w.<\/li>\n<\/ol>\n<p>&nbsp;<\/p>\n<ol>\n<li>Kornel Morawiecki \u2013 pose\u0142 na Sejm RP, przewodnicz\u0105cy stowarzyszenia Solidarno\u015bci Walcz\u0105cej<\/li>\n<li>Andrzej Melak \u2013 pose\u0142 na Sejm RP, przewodnicz\u0105cy Stowarzyszenia Komitetu Katy\u0144skiego Kr\u0105g Pami\u0119ci Narodowej<\/li>\n<li>Artur Kondrat \u2013 Prezes Zarz\u0105du Stowarzyszenie \u0141agiernik\u00f3w \u017bo\u0142nierzy Armii Krajowej<\/li>\n<li>Waldemar Pernach \u2013 Fundator, Prezes Zarz\u0105du Fundacji, Cz\u0142onek Stowarzyszenia Internowanych Mazowsza<\/li>\n<li>Alina Cybula-Borowi\u0144ska \u2013 Przedstawiciel Stowarzyszenia Kobiet Internowanych, Wi\u0119zionych, Represjonowanych w Stanie Wojennym Regionu Mazowsze<\/li>\n<\/ol>\n<p>Za\u0142\u0105czniki (3 komplety):<\/p>\n<p>Porozumienia<\/p>\n<p>Pe\u0142nomocnictwa<\/p>\n<p style=\"text-align: right;\">Prezes Fundacji<\/p>\n<p style=\"text-align: right;\">Tadeusz Sta\u0144ski<\/p>\n<p>&nbsp;<\/p>\n<p>&nbsp;<\/p>\n<p>&nbsp;<\/p>\n<p>&nbsp;<\/p>\n<p>&nbsp;<\/p>\n<p>&nbsp;<\/p>\n<p>&nbsp;<\/p>\n","protected":false},"excerpt":{"rendered":"<p>&nbsp; &nbsp; \u00a0 \u00a0 \u00a0 \u00a0 \u00a0 \u00a0 \u00a0 \u00a0 \u00a0 \u00a0 \u00a0 \u00a0 \u00a0 \u00a0 \u00a0 \u00a0 \u00a0 \u00a0 \u00a0 \u00a0 \u00a0 \u00a0 \u00a0 \u00a0 \u00a0 \u00a0 \u00a0 \u00a0 \u00a0 \u00a0 \u00a0 \u00a0 \u00a0 \u00a0 \u00a0 \u00a0 \u00a0 \u00a0 \u00a0 \u00a0 \u00a0 \u00a0 \u00a0 \u00a0 \u00a0 \u00a0 \u00a0 \u00a0 \u00a0 \u00a0 \u00a0 \u00a0 \u00a0 [&hellip;]<\/p>\n","protected":false},"author":1,"featured_media":0,"comment_status":"open","ping_status":"open","sticky":false,"template":"","format":"standard","meta":{"_monsterinsights_skip_tracking":false,"_monsterinsights_sitenote_active":false,"_monsterinsights_sitenote_note":"","_monsterinsights_sitenote_category":0},"categories":[22],"tags":[],"_links":{"self":[{"href":"https:\/\/odszkodowani.pl\/index.php\/wp-json\/wp\/v2\/posts\/1095"}],"collection":[{"href":"https:\/\/odszkodowani.pl\/index.php\/wp-json\/wp\/v2\/posts"}],"about":[{"href":"https:\/\/odszkodowani.pl\/index.php\/wp-json\/wp\/v2\/types\/post"}],"author":[{"embeddable":true,"href":"https:\/\/odszkodowani.pl\/index.php\/wp-json\/wp\/v2\/users\/1"}],"replies":[{"embeddable":true,"href":"https:\/\/odszkodowani.pl\/index.php\/wp-json\/wp\/v2\/comments?post=1095"}],"version-history":[{"count":7,"href":"https:\/\/odszkodowani.pl\/index.php\/wp-json\/wp\/v2\/posts\/1095\/revisions"}],"predecessor-version":[{"id":1102,"href":"https:\/\/odszkodowani.pl\/index.php\/wp-json\/wp\/v2\/posts\/1095\/revisions\/1102"}],"wp:attachment":[{"href":"https:\/\/odszkodowani.pl\/index.php\/wp-json\/wp\/v2\/media?parent=1095"}],"wp:term":[{"taxonomy":"category","embeddable":true,"href":"https:\/\/odszkodowani.pl\/index.php\/wp-json\/wp\/v2\/categories?post=1095"},{"taxonomy":"post_tag","embeddable":true,"href":"https:\/\/odszkodowani.pl\/index.php\/wp-json\/wp\/v2\/tags?post=1095"}],"curies":[{"name":"wp","href":"https:\/\/api.w.org\/{rel}","templated":true}]}}